{"id":4659,"date":"2018-06-28T12:57:50","date_gmt":"2018-06-28T15:57:50","guid":{"rendered":"https:\/\/hostnetart.com.br\/baixada\/dieese-revogacao-da-reforma-trabalhista-sera-tema-do-debate-eleitoral\/"},"modified":"2018-06-28T12:57:50","modified_gmt":"2018-06-28T15:57:50","slug":"dieese-revogacao-da-reforma-trabalhista-sera-tema-do-debate-eleitoral","status":"publish","type":"post","link":"https:\/\/hostnetart.com.br\/baixada\/dieese-revogacao-da-reforma-trabalhista-sera-tema-do-debate-eleitoral\/","title":{"rendered":"Dieese: revoga\u00e7\u00e3o da &#8216;reforma&#8217; trabalhista ser\u00e1 tema do debate eleitoral"},"content":{"rendered":"<p>A\u00a0dita &#8220;reforma&#8221; promovida pelo governo Temer, que prometia modernizar as <strong>rela\u00e7\u00f5es de trabalho<\/strong> no pa\u00eds (Lei 13.467), vem produzindo <a class=\"internal-link\" title=\"\" href=\"http:\/\/www.redebrasilatual.com.br\/trabalho\/2018\/05\/seis-meses-da-nova-lei-trabalhista-inseguranca-duvida-e-precarizacao\" target=\"_blank\" rel=\"noopener noreferrer\">precariza\u00e7\u00e3o do emprego<\/a>, com aumento da terceiriza\u00e7\u00e3o, da pejotiza\u00e7\u00e3o e contrata\u00e7\u00f5es por per\u00edodos intermitentes. As negocia\u00e7\u00f5es com os sindicatos ficaram mais &#8220;duras&#8221;, com empresas que se aproveitam da nova legisla\u00e7\u00e3o para promover agenda de redu\u00e7\u00e3o de direitos. O acesso \u00e0 Justi\u00e7a do Trabalho tamb\u00e9m est\u00e1 mais limitado.<\/p>\n<p>A avalia\u00e7\u00e3o \u00e9 do\u00a0diretor t\u00e9cnico do <a class=\"external-link\" title=\"\" href=\"https:\/\/dieese.org.br\" target=\"_blank\" rel=\"noopener noreferrer\">Dieese<\/a>,\u00a0Clemente Ganz L\u00facio,\u00a0ap\u00f3s pouco mais de sete meses de aplica\u00e7\u00e3o das novas regras. Ele defende que a revoga\u00e7\u00e3o da &#8220;reforma&#8221; trabalhista seja objeto de debate durante o processo eleitoral.<\/p>\n<p>&#8220;A <a class=\"internal-link\" title=\"\" href=\"http:\/\/www.redebrasilatual.com.br\/trabalho\/2018\/06\/centrais-entregam-agenda-dos-trabalhadores-a-lideres-do-congresso\" target=\"_blank\" rel=\"noopener noreferrer\">agenda priorit\u00e1ria da classe trabalhadora<\/a> que as centrais elaboraram destaca a necessidade de uma revis\u00e3o profunda ou muitas vezes de uma revoga\u00e7\u00e3o de muitas dessas leis, especialmente essa da mudan\u00e7a trabalhista. N\u00e3o necessariamente no sentido de voltar ao padr\u00e3o anterior, mas de uma reforma que de fato fa\u00e7a uma moderniza\u00e7\u00e3o, para que tenhamos uma prote\u00e7\u00e3o para um mundo do trabalho que est\u00e1 em mudan\u00e7a&#8221;, afirmou \u00e0 <strong>R\u00e1dio Brasil Atual<\/strong> nesta quarta-feira (27).<\/p>\n<p>Segundo Clemente, a &#8220;reforma&#8221; significa a regress\u00e3o do &#8220;padr\u00e3o civilizat\u00f3rio nas rela\u00e7\u00f5es de trabalho&#8221;. &#8220;O que precisamos \u00e9 de uma mudan\u00e7a para incrementar esse padr\u00e3o, para dar mais prote\u00e7\u00e3o aos trabalhadores e seguran\u00e7a \u00e0s empresas.\u00a0O que essa legisla\u00e7\u00e3o faz n\u00e3o \u00e9 necessariamente isso. Ela pode at\u00e9 aparentemente dar mais seguran\u00e7a \u00e0s empresas, mas o faz com mecanismos que fragilizam e precarizam a prote\u00e7\u00e3o do trabalho. N\u00e3o \u00e9 isso que os trabalhadores e o movimento sindical querem&#8221;, frisou.<\/p>\n<p>\u00a0<\/p>\n<p><strong>FONTE: Rede Brasil Atual<\/strong><\/p>\n","protected":false},"excerpt":{"rendered":"<p>A\u00a0dita &#8220;reforma&#8221; promovida pelo governo Temer, que prometia modernizar as rela\u00e7\u00f5es de trabalho no pa\u00eds (Lei 13.467), vem produzindo precariza\u00e7\u00e3o do emprego, com aumento da terceiriza\u00e7\u00e3o, da pejotiza\u00e7\u00e3o e contrata\u00e7\u00f5es por per\u00edodos intermitentes. As negocia\u00e7\u00f5es com os sindicatos ficaram mais &#8220;duras&#8221;, com empresas que se aproveitam da nova legisla\u00e7\u00e3o para promover agenda de redu\u00e7\u00e3o de [&hellip;]<\/p>\n","protected":false},"author":2,"featured_media":4658,"comment_status":"","ping_status":"","sticky":false,"template":"","format":"standard","meta":{"footnotes":""},"categories":[3],"tags":[],"class_list":["post-4659","post","type-post","status-publish","format-standard","has-post-thumbnail","hentry","category-noticias"],"_links":{"self":[{"href":"https:\/\/hostnetart.com.br\/baixada\/wp-json\/wp\/v2\/posts\/4659","targetHints":{"allow":["GET"]}}],"collection":[{"href":"https:\/\/hostnetart.com.br\/baixada\/wp-json\/wp\/v2\/posts"}],"about":[{"href":"https:\/\/hostnetart.com.br\/baixada\/wp-json\/wp\/v2\/types\/post"}],"author":[{"embeddable":true,"href":"https:\/\/hostnetart.com.br\/baixada\/wp-json\/wp\/v2\/users\/2"}],"replies":[{"embeddable":true,"href":"https:\/\/hostnetart.com.br\/baixada\/wp-json\/wp\/v2\/comments?post=4659"}],"version-history":[{"count":0,"href":"https:\/\/hostnetart.com.br\/baixada\/wp-json\/wp\/v2\/posts\/4659\/revisions"}],"wp:featuredmedia":[{"embeddable":true,"href":"https:\/\/hostnetart.com.br\/baixada\/wp-json\/wp\/v2\/media\/4658"}],"wp:attachment":[{"href":"https:\/\/hostnetart.com.br\/baixada\/wp-json\/wp\/v2\/media?parent=4659"}],"wp:term":[{"taxonomy":"category","embeddable":true,"href":"https:\/\/hostnetart.com.br\/baixada\/wp-json\/wp\/v2\/categories?post=4659"},{"taxonomy":"post_tag","embeddable":true,"href":"https:\/\/hostnetart.com.br\/baixada\/wp-json\/wp\/v2\/tags?post=4659"}],"curies":[{"name":"wp","href":"https:\/\/api.w.org\/{rel}","templated":true}]}}