{"id":4657,"date":"2018-06-28T12:56:46","date_gmt":"2018-06-28T15:56:46","guid":{"rendered":"https:\/\/hostnetart.com.br\/baixada\/com-temer-64-mil-empresas-fecharam-as-portas-e-demitiram-2-milhoes\/"},"modified":"2018-06-28T12:56:46","modified_gmt":"2018-06-28T15:56:46","slug":"com-temer-64-mil-empresas-fecharam-as-portas-e-demitiram-2-milhoes","status":"publish","type":"post","link":"https:\/\/hostnetart.com.br\/baixada\/com-temer-64-mil-empresas-fecharam-as-portas-e-demitiram-2-milhoes\/","title":{"rendered":"Com Temer, 64 mil empresas fecharam as portas e demitiram 2 milh\u00f5es"},"content":{"rendered":"<p>Depois do golpe que destituiu a presidenta legitimamente eleita, Dilma Rousseff, 64.368 empresas brasileiras fecharam as portas e 2,13 milh\u00f5es de trabalhadores e trabalhadoras foram demitidos.\u00a0Os setores mais prejudicados foram constru\u00e7\u00e3o e ind\u00fastria. Entre 2015 e 2016, o n\u00famero de empresas registradas no Brasil caiu 1,3%, de 5.114.983 para 5.050.615. E o total de empregados caiu 4% \u2013 de 53.541.695 para 51.411.199. As informa\u00e7\u00f5es s\u00e3o de <a class=\"external-link\" title=\"\" href=\"https:\/\/www.cut.org.br\/noticias\/com-temer-64-mil-empresas-fecharam-as-portas-e-demitiram-2-13-mi-trabalhadores-4f8a\" target=\"_blank\" rel=\"noopener noreferrer\">Marize Muniz, do site da CUT<\/a>.<\/p>\n<p>O total de sal\u00e1rios e remunera\u00e7\u00f5es pagas no pa\u00eds tamb\u00e9m teve queda (3%) \u2013 de R$ 1,66 trilh\u00e3o para R$ 1,61 trilh\u00e3o. O sal\u00e1rio m\u00e9dio mensal registrou alta de 0,7% \u2013 de R$ 2.643,56 para R$ 2.661,18.\u00a0<\/p>\n<p><a href=\"https:\/\/agenciadenoticias.ibge.gov.br\/agencia-sala-de-imprensa\/2013-agencia-de-noticias\/releases\/21561-cempre-2016-empresas-e-outras-organizacoes-perderam-2-1-milhoes-de-ocupados-entre-2015-e-2016.html\">Os dados<\/a>\u00a0s\u00e3o do Cempre (Cadastro Central de Empresas) do IBGE, banco de dados que tem informa\u00e7\u00f5es sobre todas as empresas formais constitu\u00eddas no pa\u00eds, e foram divulgados nesta quarta-feira (27).\u00a0Segundo o instituto, &#8220;houve redu\u00e7\u00e3o em quase todas as vari\u00e1veis analisadas, \u00a0em decorr\u00eancia da crise econ\u00f4mica, com exce\u00e7\u00e3o apenas do sal\u00e1rio m\u00e9dio mensal&#8221;.<\/p>\n<ul class=\"listSaibamais\">\n<li><span class=\"discreet\"><a class=\"internal-link\" title=\"\" href=\"http:\/\/www.redebrasilatual.com.br\/economia\/2018\/01\/sob-temer-recuperacao-do-mercado-se-da-pela-informalidade\" target=\"_blank\" rel=\"noopener noreferrer\">Sob Temer, &#8220;recupera\u00e7\u00e3o&#8221; se d\u00e1 com informalidade e desemprego recorde<\/a><\/span><\/li>\n<\/ul>\n<h3><strong>Com\u00e9rcio<\/strong><\/h3>\n<p>O setor de constru\u00e7\u00e3o demitiu 20,5% dos trabalhadores e trabalhadoras entre 2015 e 2016, servi\u00e7os (-15,6%), ind\u00fastrias extrativas (-8,1%) e ind\u00fastria de transforma\u00e7\u00e3o (-5,1%).<\/p>\n<p>Apenas cinco dos 20 setores analisados pelo IBGE registraram aumento no n\u00famero de trabalhadores assalariados naquele ano: eletricidade e g\u00e1s (+6,9%); entidades e organismos internacionais (+6,1%); o segmento de artes, cultura, esporte e recrea\u00e7\u00e3o (+0,9%); educa\u00e7\u00e3o (+0,3%) e as atividades financeiras, que incluem bancos, investimentos e seguros (+0,1).<\/p>\n<p>Entre os setores que registram os maiores rendimentos m\u00e9dios, est\u00e3o eletricidade e g\u00e1s (R$ 7.263,19), atividades financeiras (R$ 5.916,33). J\u00e1 os piores sal\u00e1rios foram encontrados nos setores de servi\u00e7os de alojamento e alimenta\u00e7\u00e3o (R$ 1.363,30); atividades administrativas e servi\u00e7os complementares (R$ 1.652,44) e com\u00e9rcio (R$ 1.753,80).<\/p>\n<h3><strong>Escolaridade<\/strong><\/h3>\n<p>Por escolaridade, o pessoal ocupado assalariado com n\u00edvel superior cresceu 1,6% entre 2015 e 2016, enquanto o pessoal sem n\u00edvel superior recuou 5,9%. A participa\u00e7\u00e3o relativa do pessoal ocupado assalariado com n\u00edvel superior passou de 20,4% para 21,7%, e o segmento sem n\u00edvel superior recuou de 79,6% para 78,3%.\u00a0<\/p>\n<p>Houve aumento do pessoal com n\u00edvel superior em 14 das 20 se\u00e7\u00f5es, com destaque para ind\u00fastrias de transforma\u00e7\u00e3o (14,0%), eletricidade e g\u00e1s (11,4%), atividades administrativas e servi\u00e7os complementares (10,9%), organismos internacionais e institui\u00e7\u00f5es extraterritoriais (7,2%) e atividades imobili\u00e1rias (6,4%).<\/p>\n<p>O pessoal assalariado com n\u00edvel superior (R$ 5.507,82) recebeu quase o triplo dos trabalhadores sem n\u00edvel superior (R$ 1.866,89), o equivalente a 195% a mais.<\/p>\n<p>A administra\u00e7\u00e3o p\u00fablica e as entidades empresariais apresentaram a maior propor\u00e7\u00e3o de assalariados com n\u00edvel superior, 44,7% e 45,6%, respectivamente. J\u00e1 o pessoal sem n\u00edvel superior predominou nas entidades empresariais, com participa\u00e7\u00e3o de 79,3%, enquanto eram 14,3% na administra\u00e7\u00e3o p\u00fablica e 6,5% nas entidades sem fins lucrativos.<\/p>\n<p>\u00a0<\/p>\n<p><strong>FONTE: Rede Brasil Atual<\/strong><\/p>\n","protected":false},"excerpt":{"rendered":"<p>Depois do golpe que destituiu a presidenta legitimamente eleita, Dilma Rousseff, 64.368 empresas brasileiras fecharam as portas e 2,13 milh\u00f5es de trabalhadores e trabalhadoras foram demitidos.\u00a0Os setores mais prejudicados foram constru\u00e7\u00e3o e ind\u00fastria. Entre 2015 e 2016, o n\u00famero de empresas registradas no Brasil caiu 1,3%, de 5.114.983 para 5.050.615. E o total de empregados [&hellip;]<\/p>\n","protected":false},"author":2,"featured_media":4656,"comment_status":"","ping_status":"","sticky":false,"template":"","format":"standard","meta":{"footnotes":""},"categories":[3],"tags":[],"class_list":["post-4657","post","type-post","status-publish","format-standard","has-post-thumbnail","hentry","category-noticias"],"_links":{"self":[{"href":"https:\/\/hostnetart.com.br\/baixada\/wp-json\/wp\/v2\/posts\/4657","targetHints":{"allow":["GET"]}}],"collection":[{"href":"https:\/\/hostnetart.com.br\/baixada\/wp-json\/wp\/v2\/posts"}],"about":[{"href":"https:\/\/hostnetart.com.br\/baixada\/wp-json\/wp\/v2\/types\/post"}],"author":[{"embeddable":true,"href":"https:\/\/hostnetart.com.br\/baixada\/wp-json\/wp\/v2\/users\/2"}],"replies":[{"embeddable":true,"href":"https:\/\/hostnetart.com.br\/baixada\/wp-json\/wp\/v2\/comments?post=4657"}],"version-history":[{"count":0,"href":"https:\/\/hostnetart.com.br\/baixada\/wp-json\/wp\/v2\/posts\/4657\/revisions"}],"wp:featuredmedia":[{"embeddable":true,"href":"https:\/\/hostnetart.com.br\/baixada\/wp-json\/wp\/v2\/media\/4656"}],"wp:attachment":[{"href":"https:\/\/hostnetart.com.br\/baixada\/wp-json\/wp\/v2\/media?parent=4657"}],"wp:term":[{"taxonomy":"category","embeddable":true,"href":"https:\/\/hostnetart.com.br\/baixada\/wp-json\/wp\/v2\/categories?post=4657"},{"taxonomy":"post_tag","embeddable":true,"href":"https:\/\/hostnetart.com.br\/baixada\/wp-json\/wp\/v2\/tags?post=4657"}],"curies":[{"name":"wp","href":"https:\/\/api.w.org\/{rel}","templated":true}]}}