{"id":4653,"date":"2018-06-28T12:54:45","date_gmt":"2018-06-28T15:54:45","guid":{"rendered":"https:\/\/hostnetart.com.br\/baixada\/bb-primeira-rodada-de-negociacao-sera-na-sexta-feira\/"},"modified":"2018-06-28T12:54:45","modified_gmt":"2018-06-28T15:54:45","slug":"bb-primeira-rodada-de-negociacao-sera-na-sexta-feira","status":"publish","type":"post","link":"https:\/\/hostnetart.com.br\/baixada\/bb-primeira-rodada-de-negociacao-sera-na-sexta-feira\/","title":{"rendered":"BB: Primeira rodada de negocia\u00e7\u00e3o ser\u00e1 na sexta-feira"},"content":{"rendered":"<div class=\"content\">\n<p>A primeira rodada de negocia\u00e7\u00f5es entre o Banco do Brasil e a Comiss\u00e3o de Empresa dos Funcion\u00e1rios do Banco do Brasil (CEBB), \u00f3rg\u00e3o auxiliar da Confedera\u00e7\u00e3o dos Trabalhadores do Ramo Financeiro (Contraf-CUT) que assessora o Comando Nacional dos Banc\u00e1rios no relacionamento com os funcion\u00e1rios e com a dire\u00e7\u00e3o do BB, ser\u00e1 realizada na pr\u00f3xima sexta-feira (29), em S\u00e3o Paulo.<\/p>\n<p>\u201cNesta primeira reuni\u00e3o, o principal ponto de negocia\u00e7\u00e3o ser\u00e1 a manuten\u00e7\u00e3o da ultratividade do acordo em vig\u00eancia at\u00e9 31 de agosto. Queremos o banco garanta que nenhum dos direitos seja retirado at\u00e9 que seja firmado um novo acordo\u201d, afirmou Wagner Nascimento, coordenador da (CEBB), lembrando que a nova legisla\u00e7\u00e3o trabalhista aprovada pelo governo Temer acaba com a ultratividade das conven\u00e7\u00f5es e acordos coletivos. Ou seja, caso n\u00e3o haja acerto para assinatura de um novo acordo, todas as cl\u00e1usulas perdem sua validade e, com isso, os banc\u00e1rios podem perder direitos hist\u00f3ricos, conquistados ap\u00f3s anos de luta.<\/p>\n<p>Al\u00e9m da manuten\u00e7\u00e3o dos direitos, o 29\u00ba Congresso nacional dos Funcion\u00e1rios do BB, realizados nos dias 7 e 8 de junho, em S\u00e3o Paulo, definiu uma s\u00e9rie de <ins><a href=\"http:\/\/www.contrafcut.org.br\/noticias\/debate-em-defesa-das-entidades-do-funcionalismo-encerra-o-29-cnfbb-e4c6\" target=\"_blank\" rel=\"noopener noreferrer\"><strong>reivindica\u00e7\u00f5es espec\u00edficas<\/strong><\/a><\/ins> dos funcion\u00e1rios do banco:<br \/> &#8211; melhoria das condi\u00e7\u00f5es de trabalho nas ag\u00eancias, com contrata\u00e7\u00e3o de funcion\u00e1rios;<br \/> &#8211; melhoria dos escrit\u00f3rios digitais;<br \/> &#8211; defesa da Cassi;<br \/> &#8211; Rejei\u00e7\u00e3o da proposta da consultoria Accenture, contratada pelo banco, que apresenta em seu relat\u00f3rio modelos de governan\u00e7a que incluem no n\u00edvel diretivo gestores externos ao corpo de associados;<br \/> &#8211; Rejei\u00e7\u00e3o da proposta do banco para a Cassi, que quebra a solidariedade e penaliza os menores sal\u00e1rios;<br \/> &#8211; ampliar a lutar contra a resolu\u00e7\u00e3o 23 da CGPAR;<br \/> &#8211; fortalecimento do BB como banco p\u00fablico;<br \/> &#8211; Revis\u00e3o da tabela PIP no Plano Previ Futuro para melhoria do benef\u00edcio;<br \/> &#8211; Incluir os planos de sa\u00fade e previd\u00eancia dos bancos incorporados na mesa de negocia\u00e7\u00e3o;<br \/> &#8211; Acordo Coletivo para todos os funcion\u00e1rios sem a discrimina\u00e7\u00e3o da nova lei trabalhista;<br \/> &#8211; e a manuten\u00e7\u00e3o da minuta de reivindica\u00e7\u00e3o dos funcion\u00e1rios do BB.<\/p>\n<p><strong>Mesa de negocia\u00e7\u00e3o com o BB<\/strong><br \/> 29\/06\/2018, sexta-feira, \u00e0s 9h30<br \/> Edif\u00edcio BB Matarazzo &#8211; Sala da ONU<br \/> Av. Paulista, 1230 (portaria do BB) &#8211; Bairro Bela Vista<\/p>\n<\/div>\n<p id=\"page-author\"><span style=\"text-decoration: underline;\"><em><strong>Fonte: Contraf-CUT<\/strong><\/em><\/span><\/p>\n","protected":false},"excerpt":{"rendered":"<p>A primeira rodada de negocia\u00e7\u00f5es entre o Banco do Brasil e a Comiss\u00e3o de Empresa dos Funcion\u00e1rios do Banco do Brasil (CEBB), \u00f3rg\u00e3o auxiliar da Confedera\u00e7\u00e3o dos Trabalhadores do Ramo Financeiro (Contraf-CUT) que assessora o Comando Nacional dos Banc\u00e1rios no relacionamento com os funcion\u00e1rios e com a dire\u00e7\u00e3o do BB, ser\u00e1 realizada na pr\u00f3xima sexta-feira [&hellip;]<\/p>\n","protected":false},"author":2,"featured_media":4652,"comment_status":"","ping_status":"","sticky":false,"template":"","format":"standard","meta":{"footnotes":""},"categories":[3],"tags":[],"class_list":["post-4653","post","type-post","status-publish","format-standard","has-post-thumbnail","hentry","category-noticias"],"_links":{"self":[{"href":"https:\/\/hostnetart.com.br\/baixada\/wp-json\/wp\/v2\/posts\/4653","targetHints":{"allow":["GET"]}}],"collection":[{"href":"https:\/\/hostnetart.com.br\/baixada\/wp-json\/wp\/v2\/posts"}],"about":[{"href":"https:\/\/hostnetart.com.br\/baixada\/wp-json\/wp\/v2\/types\/post"}],"author":[{"embeddable":true,"href":"https:\/\/hostnetart.com.br\/baixada\/wp-json\/wp\/v2\/users\/2"}],"replies":[{"embeddable":true,"href":"https:\/\/hostnetart.com.br\/baixada\/wp-json\/wp\/v2\/comments?post=4653"}],"version-history":[{"count":0,"href":"https:\/\/hostnetart.com.br\/baixada\/wp-json\/wp\/v2\/posts\/4653\/revisions"}],"wp:featuredmedia":[{"embeddable":true,"href":"https:\/\/hostnetart.com.br\/baixada\/wp-json\/wp\/v2\/media\/4652"}],"wp:attachment":[{"href":"https:\/\/hostnetart.com.br\/baixada\/wp-json\/wp\/v2\/media?parent=4653"}],"wp:term":[{"taxonomy":"category","embeddable":true,"href":"https:\/\/hostnetart.com.br\/baixada\/wp-json\/wp\/v2\/categories?post=4653"},{"taxonomy":"post_tag","embeddable":true,"href":"https:\/\/hostnetart.com.br\/baixada\/wp-json\/wp\/v2\/tags?post=4653"}],"curies":[{"name":"wp","href":"https:\/\/api.w.org\/{rel}","templated":true}]}}