{"id":4649,"date":"2018-06-27T14:47:23","date_gmt":"2018-06-27T17:47:23","guid":{"rendered":"https:\/\/hostnetart.com.br\/baixada\/aumento-real-e-prioridade-da-campanha-dos-bancarios\/"},"modified":"2018-06-27T14:47:23","modified_gmt":"2018-06-27T17:47:23","slug":"aumento-real-e-prioridade-da-campanha-dos-bancarios","status":"publish","type":"post","link":"https:\/\/hostnetart.com.br\/baixada\/aumento-real-e-prioridade-da-campanha-dos-bancarios\/","title":{"rendered":"Aumento real \u00e9 prioridade da campanha dos banc\u00e1rios"},"content":{"rendered":"<div class=\"content\">\n<p>A consulta nacional que a Confedera\u00e7\u00e3o Nacional dos Trabalhadores do Ramo Financeiro (Contraf-CUT) e as federa\u00e7\u00f5es e sindicatos realizaram com os banc\u00e1rios e banc\u00e1rias de suas bases sindicais apontou que, para 25% da categoria, o aumento real deve ser prioridade na Campanha Nacional 2018.<\/p>\n<p>Em 2016, a categoria fez uma grande greve de 31 dias e arrancou dos bancos um acordo de dois anos, com reajuste de 8% para 2016, mais abono de R$ 3,5 mil, al\u00e9m de 15% no vale-alimenta\u00e7\u00e3o e 10% no vale-refei\u00e7\u00e3o e aux\u00edlio-creche\/bab\u00e1. Para 2017, o reajuste rep\u00f4s a infla\u00e7\u00e3o (INPC\/IBGE) e garantiu aumento real de 1% nos sal\u00e1rios e todas as verbas.<\/p>\n<p>Antes disso, durante 13 anos (2004 a 2015), a categoria obteve aumentos reais, somando 15,8% de aumento real, revertendo a pol\u00edtica de arrocho praticada durante os oito anos do governo FHC, quando a categoria teve perdas de 4,6% em seus sal\u00e1rios.<\/p>\n<p><a class=\"has-subtitle img\" style=\"float: right; height: 308px; width: 400px;\" title=\"\" href=\"http:\/\/admin.contrafcut.com.br\/system\/uploads\/ck\/images\/Gr%C3%A1fico%20Aumento%20Real%20-%20FHC%20X%20Lula-Dilma.jpeg\" data-lightbox=\"lightbox\" data-title=\"\"><img decoding=\"async\" style=\"float: right; height: 308px; width: 400px;\" src=\"http:\/\/www.contrafcut.org.br\/images\/_07131b4f4b1c3ce8f51d4a5037993aa3.jpeg\" alt=\"\" \/><\/a>\u201cIsso refor\u00e7a a import\u00e2ncia da luta para tirar dos bancos o que \u00e9 dos trabalhadores por direito\u201d, afirma a presidenta da Contraf-CUT, Juvandia Moreira. \u201cO setor tem resultados excelentes, fruto do trabalho banc\u00e1rio. Podem pagar aumento real que valorize os trabalhadores. Assim como valorizam os executivos, podem e devem fazer o mesmo com os banc\u00e1rios. E n\u00e3o concentrar renda nas m\u00e3os dos que j\u00e1 ganham tanto. Aumento real para os banc\u00e1rios \u00e9 distribui\u00e7\u00e3o de renda, bom para a categoria e para toda a sociedade\u201d, refor\u00e7a a dirigente, lembrando que somente o reajuste salarial conquistado em 2017, de 2,75%, injetou na economia nacional mais de 1,4 bilh\u00f5es de reais, segundo dados do Departamento Intersindical de Estat\u00edsticas e Estudos Socioecon\u00f4micos (Dieese).<\/p>\n<p><strong>Nenhum direito a menos<\/strong><br \/> Os lucros do setor d\u00e3o \u00e0 categoria a certeza de que a reivindica\u00e7\u00e3o de aumento real na campanha nacional de 2018 pode e deve ser atendida. Os cinco maiores bancos do pa\u00eds (Caixa Econ\u00f4mica Federal, Banco do Brasil, Bradesco, Ita\u00fa e Santander) obtiveram lucro de R$ 77,4 bilh\u00f5es em 2017, resultado 33,5% maior do que o obtido em 2016, quando j\u00e1 tinham tido recorde de lucro. Mesmo com toda a crise que se avizinha ao pa\u00eds, a tend\u00eancia de crescimento dos lucros dessas mesmas institui\u00e7\u00f5es permanece. No primeiro trimestre de 2018, estes bancos lucraram R$ 20,6 bilh\u00f5es, crescimento de 20,4% na compara\u00e7\u00e3o com o mesmo per\u00edodo de 2017.<\/p>\n<p>Diante de tamanho lucro, al\u00e9m do aumento real, os banc\u00e1rios querem a manuten\u00e7\u00e3o de todos os direitos definidos pela Conven\u00e7\u00e3o Coletiva de Trabalho (CCT) da categoria e todos os demais que eram garantidos pela antiga lei trabalhista, o segundo ponto mais votado entre as prioridades definidas na consulta \u00e0 categoria.<\/p>\n<p>\u201cSabemos das dificuldades que vamos enfrentar diante de um cen\u00e1rio de corte de direitos e uma legisla\u00e7\u00e3o trabalhista que prejudica os trabalhadores e beneficia apenas o empresariado\u201d, observa a presidenta da Contraf-CUT. \u201cMas, toda negocia\u00e7\u00e3o depende da correla\u00e7\u00e3o de for\u00e7as. Se a categoria participar da campanha, certamente sairemos vitoriosos\u201d, ressaltou.<\/p>\n<p><strong>Unidade da classe trabalhadora<\/strong><br \/> Juvandia lembrou ainda que a categoria \u00e9 a \u00fanica que possui uma Conven\u00e7\u00e3o Coletiva de Trabalho v\u00e1lida para todo o pa\u00eds e, por isso, \u00e9 muito importante a unidade nacional. Mas, para ela, na atual conjuntura \u00e9 preciso ainda mais. \u201c\u00c9 necess\u00e1rio nos unirmos tamb\u00e9m \u00e0s outras categorias em campanha no segundo semestre, que sofrem ataques e amea\u00e7as de privatiza\u00e7\u00e3o. Temos de estar juntos da sociedade que quer o fim do desemprego, dos aumentos absurdos e sucessivos no pre\u00e7o do combust\u00edvel, do g\u00e1s de cozinha, tudo para agradar ao mercado financeiro que tem a\u00e7\u00f5es da Petrobras\u201d, afirmou.<\/p>\n<p>Para enfrentar os ataques, os banc\u00e1rios aprovaram um calend\u00e1rio de lan\u00e7amento da Campanha Nacional da categoria em todo pa\u00eds, de 13 a 29 de junho e tamb\u00e9m a participa\u00e7\u00e3o no Dia Nacional de Luta da classe trabalhadora, em 10 de agosto. \u201cSer\u00e1 o Dia do Basta \u00e0 retirada de direitos, de basta ao desemprego, \u00e0s privatiza\u00e7\u00f5es, \u00e0 venda do patrim\u00f4nio do povo brasileiro, do basta ao desrespeito \u00e0 nossa democracia\u201d, disse.<\/p>\n<p><strong>Prioridades da campanha<\/strong><br \/> Veja abaixo os pontos mais votados pela categoria como prioridade para a Campanha Nacional dos Banc\u00e1rios 2018:<\/p>\n<p>1. Aumento real\u00a0\u00a0\u00a0\u00a0\u00a0\u00a0\u00a0\u00a0\u00a0\u00a0\u00a0\u00a0\u00a0\u00a0\u00a0\u00a0\u00a0\u00a0\u00a0\u00a0\u00a0\u00a0\u00a0\u00a0\u00a0\u00a0\u00a0\u00a0\u00a0\u00a0\u00a0\u00a0\u00a0\u00a0\u00a0\u00a0\u00a0\u00a0\u00a0\u00a0\u00a0\u00a0\u00a0\u00a0\u00a0\u00a0\u00a0\u00a0\u00a0\u00a0\u00a0\u00a0\u00a0\u00a0\u00a0\u00a025%<br \/> 2. Manuten\u00e7\u00e3o de direitos \/ Defesa da CCT\u00a0\u00a0\u00a0\u00a0\u00a0\u00a0\u00a0\u00a0\u00a0\u00a0\u00a0 23%<br \/> 3. Combate ao ass\u00e9dio moral \/ metas abusivas\u00a0\u00a0\u00a0\u00a0\u00a0\u00a018%<br \/> 4. Garantia de emprego\u00a0\u00a0\u00a0\u00a0\u00a0\u00a0\u00a0\u00a0\u00a0\u00a0\u00a0\u00a0\u00a0\u00a0\u00a0\u00a0\u00a0\u00a0\u00a0\u00a0\u00a0\u00a0\u00a0\u00a0\u00a0\u00a0\u00a0\u00a0\u00a0\u00a0\u00a0\u00a0\u00a0\u00a0\u00a0\u00a0\u00a0\u00a0\u00a0\u00a0\u00a0\u00a0\u00a015%<br \/> 5. Impedir a terceiriza\u00e7\u00e3o\u00a0\u00a0\u00a0\u00a0\u00a0\u00a0\u00a0\u00a0\u00a0\u00a0\u00a0\u00a0\u00a0\u00a0\u00a0\u00a0\u00a0\u00a0\u00a0\u00a0\u00a0\u00a0\u00a0\u00a0\u00a0\u00a0\u00a0\u00a0\u00a0\u00a0\u00a0\u00a0\u00a0\u00a0\u00a0\u00a0\u00a0\u00a0\u00a0\u00a0 14%<br \/> 6. Aumentar a PLR\u00a0\u00a0\u00a0\u00a0\u00a0\u00a0\u00a0\u00a0\u00a0\u00a0\u00a0\u00a0\u00a0\u00a0\u00a0\u00a0\u00a0\u00a0\u00a0\u00a0\u00a0\u00a0\u00a0\u00a0\u00a0\u00a0\u00a0\u00a0\u00a0\u00a0\u00a0\u00a0\u00a0\u00a0\u00a0\u00a0\u00a0\u00a0\u00a0\u00a0\u00a0\u00a0\u00a0\u00a0\u00a0\u00a0\u00a0\u00a0\u00a0\u00a0 11%<br \/> 7. Melhorar as condi\u00e7\u00f5es de trabalho\u00a0 \u00a0 \u00a0 \u00a0 \u00a0 \u00a0 \u00a0 \u00a0 \u00a0 \u00a0 \u00a0 \u00a0 8%<br \/> 8. Mais seguran\u00e7a nas ag\u00eancias\u00a0 \u00a0 \u00a0 \u00a0 \u00a0 \u00a0 \u00a0 \u00a0 \u00a0 \u00a0 \u00a0 \u00a0 \u00a0 \u00a0 \u00a0 \u00a05%<br \/> 9. Igualdade de oportunidades\u00a0\u00a0\u00a0\u00a0\u00a0\u00a0\u00a0\u00a0\u00a0\u00a0\u00a0\u00a0\u00a0\u00a0\u00a0\u00a0\u00a0\u00a0\u00a0\u00a0\u00a0\u00a0\u00a0\u00a0\u00a0\u00a0\u00a0\u00a0\u00a0\u00a0\u00a0\u00a0\u00a0 4%<\/p>\n<p>Al\u00e9m destes pontos, a categoria definiu as elei\u00e7\u00f5es 2018 como estrat\u00e9gicas para a manuten\u00e7\u00e3o dos direitos e para barrar o ataque \u00e0 classe trabalhadora e o desmonte dos bancos e demais empresas p\u00fablicas. \u201cOs banc\u00e1rios sabem que, para evitarmos mais cortes nos nossos direitos, \u00e9 preciso eleger candidatos comprometidos com as pautas dos trabalhadores\u201d, explicou Juvandia.<\/p>\n<\/div>\n<p id=\"page-author\"><span style=\"text-decoration: underline;\"><em><strong>Fonte: Contraf-CUT<\/strong><\/em><\/span><\/p>\n","protected":false},"excerpt":{"rendered":"<p>A consulta nacional que a Confedera\u00e7\u00e3o Nacional dos Trabalhadores do Ramo Financeiro (Contraf-CUT) e as federa\u00e7\u00f5es e sindicatos realizaram com os banc\u00e1rios e banc\u00e1rias de suas bases sindicais apontou que, para 25% da categoria, o aumento real deve ser prioridade na Campanha Nacional 2018. Em 2016, a categoria fez uma grande greve de 31 dias [&hellip;]<\/p>\n","protected":false},"author":2,"featured_media":4648,"comment_status":"","ping_status":"","sticky":false,"template":"","format":"standard","meta":{"footnotes":""},"categories":[3],"tags":[],"class_list":["post-4649","post","type-post","status-publish","format-standard","has-post-thumbnail","hentry","category-noticias"],"_links":{"self":[{"href":"https:\/\/hostnetart.com.br\/baixada\/wp-json\/wp\/v2\/posts\/4649","targetHints":{"allow":["GET"]}}],"collection":[{"href":"https:\/\/hostnetart.com.br\/baixada\/wp-json\/wp\/v2\/posts"}],"about":[{"href":"https:\/\/hostnetart.com.br\/baixada\/wp-json\/wp\/v2\/types\/post"}],"author":[{"embeddable":true,"href":"https:\/\/hostnetart.com.br\/baixada\/wp-json\/wp\/v2\/users\/2"}],"replies":[{"embeddable":true,"href":"https:\/\/hostnetart.com.br\/baixada\/wp-json\/wp\/v2\/comments?post=4649"}],"version-history":[{"count":0,"href":"https:\/\/hostnetart.com.br\/baixada\/wp-json\/wp\/v2\/posts\/4649\/revisions"}],"wp:featuredmedia":[{"embeddable":true,"href":"https:\/\/hostnetart.com.br\/baixada\/wp-json\/wp\/v2\/media\/4648"}],"wp:attachment":[{"href":"https:\/\/hostnetart.com.br\/baixada\/wp-json\/wp\/v2\/media?parent=4649"}],"wp:term":[{"taxonomy":"category","embeddable":true,"href":"https:\/\/hostnetart.com.br\/baixada\/wp-json\/wp\/v2\/categories?post=4649"},{"taxonomy":"post_tag","embeddable":true,"href":"https:\/\/hostnetart.com.br\/baixada\/wp-json\/wp\/v2\/tags?post=4649"}],"curies":[{"name":"wp","href":"https:\/\/api.w.org\/{rel}","templated":true}]}}