{"id":4643,"date":"2018-06-26T17:56:17","date_gmt":"2018-06-26T20:56:17","guid":{"rendered":"https:\/\/hostnetart.com.br\/baixada\/comando-nacional-e-bancos-fazem-primeira-rodada-de-negociacao-na-quinta-feira-28\/"},"modified":"2018-06-26T17:56:17","modified_gmt":"2018-06-26T20:56:17","slug":"comando-nacional-e-bancos-fazem-primeira-rodada-de-negociacao-na-quinta-feira-28","status":"publish","type":"post","link":"https:\/\/hostnetart.com.br\/baixada\/comando-nacional-e-bancos-fazem-primeira-rodada-de-negociacao-na-quinta-feira-28\/","title":{"rendered":"Comando Nacional e bancos fazem primeira rodada de negocia\u00e7\u00e3o na quinta-feira (28)"},"content":{"rendered":"<div class=\"content\">\n<p>A primeira rodada de negocia\u00e7\u00e3o entre o Comando Nacional dos Banc\u00e1rios e a federa\u00e7\u00e3o dos bancos (Fenaban) ser\u00e1 realizada na quinta-feira (28). A categoria tem data-base em 1\u00ba de setembro e cobra das institui\u00e7\u00f5es financeiras aumento real, PLR maior, mais empregos e respeito a todos os direitos previstos na Conven\u00e7\u00e3o Coletiva de Trabalho, a CCT.<\/p>\n<p>\u201cNossa preocupa\u00e7\u00e3o tem fundamento\u201d, afirma Juvandia Moreira, presidenta da Confedera\u00e7\u00e3o Nacional dos Trabalhadores do Ramo Financeiro (Contraf-CUT) e uma das coordenadoras do Comando. \u201cEm 2016 assinamos um acordo com validade de dois anos, ou seja, at\u00e9 31 de agosto de 2018. Mas t\u00e3o logo a \u2018reforma\u2019 trabalhista de Temer foi aprovada, alterando a legisla\u00e7\u00e3o e retirando direitos, teve banco j\u00e1 abusando. H\u00e1 situa\u00e7\u00f5es em que banc\u00e1rios est\u00e3o sendo dispensados sem a devida homologa\u00e7\u00e3o feita nos sindicatos, sem saber se est\u00e3o recebendo tudo que lhes \u00e9 devido de acordo com nossa CCT, que tem validade nacional para empregados de bancos p\u00fablicos e privados\u201d, relata a dirigente.<\/p>\n<p>\u201cAssim, vamos para essa primeira mesa refor\u00e7ar nossa pauta de reivindica\u00e7\u00f5es, aprovada por banc\u00e1rios de todo o Brasil, e tamb\u00e9m cobrar a ultratividade dos nossos direitos, ou seja, que a CCT continue valendo at\u00e9 a assinatura de um novo acordo\u201d, refor\u00e7a a presidenta da Contraf-CUT. \u201cMais que isso, queremos assinar nossa CCT este ano, com todos os nossos direitos conquistados em anos de muita luta.\u201d<\/p>\n<p><strong>Bancos podem e devem<\/strong><\/p>\n<p>Apesar da crise que assola o Brasil, agravada pelo golpe de 2016, os bancos brasileiros seguem ganhando muito, como sempre. A soma do lucro dos cinco maiores (Bradesco, Ita\u00fa, Santander, BB e Caixa), em 2017, alcan\u00e7ou a cifra de R$ 77,4 bilh\u00f5es, crescimento da ordem de 33,5% em 12 meses.<\/p>\n<p>\u201cN\u00e3o achamos ruim que os bancos lucrem. O ruim \u00e9 ganharem tanto e sem retorno para a popula\u00e7\u00e3o, com esses juros escorchantes que tiram recursos da sociedade e com demiss\u00e3o de trabalhadores e fechamento de ag\u00eancias. Assim s\u00f3 eles ganham\u201d, ressalta a dirigente, lembrando que, nos primeiros tr\u00eas meses de 2018, esses bancos j\u00e1 lucraram R$ 20,6 bi, aumento de 20,4% sobre o mesmo trimestre do tr\u00e1gico ano de 2017 para a economia brasileira.<\/p>\n<p>\u201cE, mesmo com tanto ganho, o que esses bancos fazem? Demitem\u201d, critica Juvandia. \u201cSomente em 2017, o setor que est\u00e1 entre os que mais ganham no Brasil, extinguiu 17.905 postos de trabalho. E entre janeiro e maio de 2018, j\u00e1 foram mais 2.675 postos fechados. S\u00e3o trabalhadores jogados na cal\u00e7ada da crise por institui\u00e7\u00f5es que est\u00e3o com \u00f3tima sa\u00fade financeira. Isso \u00e9 injustific\u00e1vel, \u00e9 desumano. E \u00e9 com esse esp\u00edrito de cobrar dos bancos respeito aos banc\u00e1rios e seus direitos, mas tamb\u00e9m aos clientes e a toda popula\u00e7\u00e3o brasileira, que vamos para essa primeira rodada de negocia\u00e7\u00e3o com a certeza de que as institui\u00e7\u00f5es financeiras brasileiras podem e devem atender \u00e0s reivindica\u00e7\u00f5es de seus empregados.\u201d<\/p>\n<\/div>\n<p id=\"page-author\"><span style=\"text-decoration: underline;\"><em><strong>Fonte: Contraf-CUT<\/strong><\/em><\/span><\/p>\n","protected":false},"excerpt":{"rendered":"<p>A primeira rodada de negocia\u00e7\u00e3o entre o Comando Nacional dos Banc\u00e1rios e a federa\u00e7\u00e3o dos bancos (Fenaban) ser\u00e1 realizada na quinta-feira (28). A categoria tem data-base em 1\u00ba de setembro e cobra das institui\u00e7\u00f5es financeiras aumento real, PLR maior, mais empregos e respeito a todos os direitos previstos na Conven\u00e7\u00e3o Coletiva de Trabalho, a CCT. [&hellip;]<\/p>\n","protected":false},"author":2,"featured_media":4642,"comment_status":"","ping_status":"","sticky":false,"template":"","format":"standard","meta":{"footnotes":""},"categories":[3],"tags":[],"class_list":["post-4643","post","type-post","status-publish","format-standard","has-post-thumbnail","hentry","category-noticias"],"_links":{"self":[{"href":"https:\/\/hostnetart.com.br\/baixada\/wp-json\/wp\/v2\/posts\/4643","targetHints":{"allow":["GET"]}}],"collection":[{"href":"https:\/\/hostnetart.com.br\/baixada\/wp-json\/wp\/v2\/posts"}],"about":[{"href":"https:\/\/hostnetart.com.br\/baixada\/wp-json\/wp\/v2\/types\/post"}],"author":[{"embeddable":true,"href":"https:\/\/hostnetart.com.br\/baixada\/wp-json\/wp\/v2\/users\/2"}],"replies":[{"embeddable":true,"href":"https:\/\/hostnetart.com.br\/baixada\/wp-json\/wp\/v2\/comments?post=4643"}],"version-history":[{"count":0,"href":"https:\/\/hostnetart.com.br\/baixada\/wp-json\/wp\/v2\/posts\/4643\/revisions"}],"wp:featuredmedia":[{"embeddable":true,"href":"https:\/\/hostnetart.com.br\/baixada\/wp-json\/wp\/v2\/media\/4642"}],"wp:attachment":[{"href":"https:\/\/hostnetart.com.br\/baixada\/wp-json\/wp\/v2\/media?parent=4643"}],"wp:term":[{"taxonomy":"category","embeddable":true,"href":"https:\/\/hostnetart.com.br\/baixada\/wp-json\/wp\/v2\/categories?post=4643"},{"taxonomy":"post_tag","embeddable":true,"href":"https:\/\/hostnetart.com.br\/baixada\/wp-json\/wp\/v2\/tags?post=4643"}],"curies":[{"name":"wp","href":"https:\/\/api.w.org\/{rel}","templated":true}]}}