{"id":4629,"date":"2018-06-22T17:37:21","date_gmt":"2018-06-22T20:37:21","guid":{"rendered":"https:\/\/hostnetart.com.br\/baixada\/saude-caixa-banco-precariza-gestao-e-contraf-cut-cobra-ajuste\/"},"modified":"2018-06-22T17:37:21","modified_gmt":"2018-06-22T20:37:21","slug":"saude-caixa-banco-precariza-gestao-e-contraf-cut-cobra-ajuste","status":"publish","type":"post","link":"https:\/\/hostnetart.com.br\/baixada\/saude-caixa-banco-precariza-gestao-e-contraf-cut-cobra-ajuste\/","title":{"rendered":"Sa\u00fade Caixa: Banco precariza gest\u00e3o e Contraf-CUT cobra ajuste"},"content":{"rendered":"<div class=\"content\">\n<p>Ao inv\u00e9s de cobrar no holerite dos empregados, a Caixa debitou a mensalidade do Sa\u00fade Caixa do m\u00eas de junho na conta corrente dos banc\u00e1rios. Al\u00e9m disso, efetuou a cobran\u00e7a em duplicidade.<\/p>\n<p>A Contraf-CUT entrou em contato com a Caixa para cobrar a restitui\u00e7\u00e3o imediata desses valores, e a n\u00e3o cobran\u00e7a de juros dos empregados que est\u00e3o com saldo negativo e outros preju\u00edzos acarretados pela cobran\u00e7a errada.<\/p>\n<p>\u201cOs empregados da Cauxa precisam se mobilizar e continuar juntos na defesa do Sa\u00fade Caixa\u201d, declarou Fabiana Uehara Proscholdt, secret\u00e1ria de Cultura da Contraf-CUT.<\/p>\n<p>Esse problema ocorreu na mesma semana em que os empregados mobilizados pelo movimento sindical deflagraram protestos em diversas cidades do pa\u00eds em defesa do Sa\u00fade Caixa e contra mudan\u00e7as prejudiciais planejadas pelo governo Temer nos planos de sa\u00fade dos empregados de empresas p\u00fablicas que, dentre outros pontos, imp\u00f5em mais custos aos associados, limitam a cobertura dos aposentados por meio de car\u00eancias e excluem dependentes.<\/p>\n<p>\u201cO Sa\u00fade Caixa \u00e9 uma grande conquista dos empregados resultado da mobiliza\u00e7\u00e3o da Campanha Nacional. Existe desde 2004 e \u00e9 regrado pelo Acordo Coletivo de trabalho espec\u00edfico com o Banco. \u00c9 um \u00f3timo plano, mas por meio de uma s\u00e9rie de medidas n\u00f3s estamos identificando m\u00e1 inten\u00e7\u00e3o da dire\u00e7\u00e3o do banco em precarizar os servi\u00e7os e inviabilizar sua manuten\u00e7\u00e3o, por isso empregados devem se mobilizar a fim de defender o conv\u00eanio\u201d, afirma Dion\u00edsio Reis, coordenador da Comiss\u00e3o Executiva dos empregados. (CEE\/Caixa).<\/p>\n<\/div>\n<p id=\"page-author\"><strong>Fonte: Contraf-CUT<\/strong><\/p>\n","protected":false},"excerpt":{"rendered":"<p>Ao inv\u00e9s de cobrar no holerite dos empregados, a Caixa debitou a mensalidade do Sa\u00fade Caixa do m\u00eas de junho na conta corrente dos banc\u00e1rios. Al\u00e9m disso, efetuou a cobran\u00e7a em duplicidade. A Contraf-CUT entrou em contato com a Caixa para cobrar a restitui\u00e7\u00e3o imediata desses valores, e a n\u00e3o cobran\u00e7a de juros dos empregados [&hellip;]<\/p>\n","protected":false},"author":2,"featured_media":4628,"comment_status":"","ping_status":"","sticky":false,"template":"","format":"standard","meta":{"footnotes":""},"categories":[3],"tags":[],"class_list":["post-4629","post","type-post","status-publish","format-standard","has-post-thumbnail","hentry","category-noticias"],"_links":{"self":[{"href":"https:\/\/hostnetart.com.br\/baixada\/wp-json\/wp\/v2\/posts\/4629","targetHints":{"allow":["GET"]}}],"collection":[{"href":"https:\/\/hostnetart.com.br\/baixada\/wp-json\/wp\/v2\/posts"}],"about":[{"href":"https:\/\/hostnetart.com.br\/baixada\/wp-json\/wp\/v2\/types\/post"}],"author":[{"embeddable":true,"href":"https:\/\/hostnetart.com.br\/baixada\/wp-json\/wp\/v2\/users\/2"}],"replies":[{"embeddable":true,"href":"https:\/\/hostnetart.com.br\/baixada\/wp-json\/wp\/v2\/comments?post=4629"}],"version-history":[{"count":0,"href":"https:\/\/hostnetart.com.br\/baixada\/wp-json\/wp\/v2\/posts\/4629\/revisions"}],"wp:featuredmedia":[{"embeddable":true,"href":"https:\/\/hostnetart.com.br\/baixada\/wp-json\/wp\/v2\/media\/4628"}],"wp:attachment":[{"href":"https:\/\/hostnetart.com.br\/baixada\/wp-json\/wp\/v2\/media?parent=4629"}],"wp:term":[{"taxonomy":"category","embeddable":true,"href":"https:\/\/hostnetart.com.br\/baixada\/wp-json\/wp\/v2\/categories?post=4629"},{"taxonomy":"post_tag","embeddable":true,"href":"https:\/\/hostnetart.com.br\/baixada\/wp-json\/wp\/v2\/tags?post=4629"}],"curies":[{"name":"wp","href":"https:\/\/api.w.org\/{rel}","templated":true}]}}