{"id":4621,"date":"2018-06-21T18:36:54","date_gmt":"2018-06-21T21:36:54","guid":{"rendered":"https:\/\/hostnetart.com.br\/baixada\/eleicoes-para-delegados-sindicais-do-banco-do-brasil-comecam-no-dia-25-de-junho\/"},"modified":"2018-06-21T18:36:54","modified_gmt":"2018-06-21T21:36:54","slug":"eleicoes-para-delegados-sindicais-do-banco-do-brasil-comecam-no-dia-25-de-junho","status":"publish","type":"post","link":"https:\/\/hostnetart.com.br\/baixada\/eleicoes-para-delegados-sindicais-do-banco-do-brasil-comecam-no-dia-25-de-junho\/","title":{"rendered":"Elei\u00e7\u00f5es para delegado sindical do Banco do Brasil come\u00e7am no dia 25 de Junho"},"content":{"rendered":"<p>Dos dias 25 a 29 de junho, acontecer\u00e1 a elei\u00e7\u00e3o para Delegado Sindical do Banco do Brasil.<\/p>\n<p>O Diretor do Sindicato dos Banc\u00e1rios da Baixada Fluminense, Leandro Aresta, percorrer\u00e1 as ag\u00eancias para a realiza\u00e7\u00e3o da elei\u00e7\u00e3o.<\/p>\n","protected":false},"excerpt":{"rendered":"<p>Dos dias 25 a 29 de junho, acontecer\u00e1 a elei\u00e7\u00e3o para Delegado Sindical do Banco do Brasil. O Diretor do Sindicato dos Banc\u00e1rios da Baixada Fluminense, Leandro Aresta, percorrer\u00e1 as ag\u00eancias para a realiza\u00e7\u00e3o da elei\u00e7\u00e3o.<\/p>\n","protected":false},"author":2,"featured_media":4620,"comment_status":"","ping_status":"","sticky":false,"template":"","format":"standard","meta":{"footnotes":""},"categories":[3],"tags":[],"class_list":["post-4621","post","type-post","status-publish","format-standard","has-post-thumbnail","hentry","category-noticias"],"_links":{"self":[{"href":"https:\/\/hostnetart.com.br\/baixada\/wp-json\/wp\/v2\/posts\/4621","targetHints":{"allow":["GET"]}}],"collection":[{"href":"https:\/\/hostnetart.com.br\/baixada\/wp-json\/wp\/v2\/posts"}],"about":[{"href":"https:\/\/hostnetart.com.br\/baixada\/wp-json\/wp\/v2\/types\/post"}],"author":[{"embeddable":true,"href":"https:\/\/hostnetart.com.br\/baixada\/wp-json\/wp\/v2\/users\/2"}],"replies":[{"embeddable":true,"href":"https:\/\/hostnetart.com.br\/baixada\/wp-json\/wp\/v2\/comments?post=4621"}],"version-history":[{"count":0,"href":"https:\/\/hostnetart.com.br\/baixada\/wp-json\/wp\/v2\/posts\/4621\/revisions"}],"wp:featuredmedia":[{"embeddable":true,"href":"https:\/\/hostnetart.com.br\/baixada\/wp-json\/wp\/v2\/media\/4620"}],"wp:attachment":[{"href":"https:\/\/hostnetart.com.br\/baixada\/wp-json\/wp\/v2\/media?parent=4621"}],"wp:term":[{"taxonomy":"category","embeddable":true,"href":"https:\/\/hostnetart.com.br\/baixada\/wp-json\/wp\/v2\/categories?post=4621"},{"taxonomy":"post_tag","embeddable":true,"href":"https:\/\/hostnetart.com.br\/baixada\/wp-json\/wp\/v2\/tags?post=4621"}],"curies":[{"name":"wp","href":"https:\/\/api.w.org\/{rel}","templated":true}]}}