{"id":4615,"date":"2018-06-21T14:47:51","date_gmt":"2018-06-21T17:47:51","guid":{"rendered":"https:\/\/hostnetart.com.br\/baixada\/vestidos-de-branco-trabalhadores-defenderam-o-saude-caixa-em-atos-pelo-pais\/"},"modified":"2018-06-21T14:47:51","modified_gmt":"2018-06-21T17:47:51","slug":"vestidos-de-branco-trabalhadores-defenderam-o-saude-caixa-em-atos-pelo-pais","status":"publish","type":"post","link":"https:\/\/hostnetart.com.br\/baixada\/vestidos-de-branco-trabalhadores-defenderam-o-saude-caixa-em-atos-pelo-pais\/","title":{"rendered":"Vestidos de branco, trabalhadores defenderam o Sa\u00fade Caixa em atos pelo pa\u00eds"},"content":{"rendered":"<div class=\"content\">\n<p>Nesta quarta-feira (20), empregados e aposentados da Caixa vestiram branco como s\u00edmbolo de uni\u00e3o em defesa do Sa\u00fade Caixa. Foram realizados atos em ag\u00eancias, GIPES, REPEs e outras unidades do banco em dezenas de cidade, com destaque para os atos realizados na Av. Almirante Barroso, no Rio de Janeiro, na Av. Paulista, em S\u00e3o Paulo, e na porta da Matriz II, em Bras\u00edlia. Este \u00faltimo ocorreu simultaneamente \u00e0 sexta reuni\u00e3o do Conselho de Usu\u00e1rios do Sa\u00fade Caixa, na qual os conselheiros eleitos cobraram transpar\u00eancia e melhorias na gest\u00e3o do plano, e protocolaram manifesto em defesa do direito \u00e0 assist\u00eancia \u00e0 sa\u00fade.<\/p>\n<p>Confira o <ins><strong><a href=\"https:\/\/www.fenae.org.br\/portal\/data\/files\/B0\/06\/59\/48\/B3F146105DE08336403A91A8\/MANIFESTO%2020%20DE%20JUNHO.pdf\" target=\"_blank\" rel=\"noopener noreferrer\">Manifesto<\/a><\/strong><\/ins> protocolado.<\/p>\n<p>As iniciativas fazem parte da campanha\u00a0<strong>Sa\u00fade Caixa: eu defendo<\/strong>, lan\u00e7ada pela Fenae, Contraf-CUT, Fenacef, Fenag, Advocef, Aneac, Social Caixa e Anacef. Os trabalhadores reagem \u00e0s novas medidas propostas pelo Governo Federal, por meio das chamadas resolu\u00e7\u00f5es CGPAR, que promovem a redu\u00e7\u00e3o de despesas com os planos de sa\u00fade dos empregados das empresas estatais, encarecendo o Sa\u00fade Caixa e tornando-o excludente.<\/p>\n<p>\u201cO governo quer reduzir suas despesas cortando os direitos dos trabalhadores. N\u00e3o vamos aceitar isso. S\u00e3o milhares de empregados, aposentados e seus dependentes que contam com essa assist\u00eancia e reprovam essas medidas\u201d, afirma o presidente da Fenae, Jair Pedro Ferreira.<\/p>\n<p>As resolu\u00e7\u00f5es governamentais e a recente altera\u00e7\u00e3o no Estatuto da Caixa prop\u00f5em um limite correspondente a 6,5% da folha de pagamento para a participa\u00e7\u00e3o da Caixa nas despesas com assist\u00eancia \u00e0 sa\u00fade dos empregados. As novas regras tamb\u00e9m permitem prazos de car\u00eancia, limitam a ades\u00e3o de dependentes, excluem os aposentados, entre outros retrocessos. As mudan\u00e7as alteram um modelo sustent\u00e1vel e superavit\u00e1rio que vem funcionando desde julho de 2014, quando a Caixa passou a arcar com 70% das despesas assistenciais e 100% dos custos administrativos.<\/p>\n<p>Confira o <ins><strong><a href=\"https:\/\/business.facebook.com\/pg\/FenaeFederacao\/photos\/?tab=album&amp;album_id=1767125376643211\" target=\"_blank\" rel=\"noopener noreferrer\">\u00e1lbum de fotos<\/a><\/strong><\/ins> na p\u00e1gina da Fenae no Facebook.<\/p>\n<p><strong>Reuni\u00e3o do Conselho de Usu\u00e1rios<\/strong><br \/> Na parte da manh\u00e3, no 5\u00ba andar do Ed. Matriz II da Caixa, em Bras\u00edlia, ocorreu a 6\u00aa reuni\u00e3o do Conselho de Usu\u00e1rios do Sa\u00fade Caixa. Na ocasi\u00e3o, entre outros pontos, foram apresentadas as demonstra\u00e7\u00f5es financeiras de 2017 e o efetivo financeiro de 2018 at\u00e9 o m\u00eas de maio. O relat\u00f3rio financeiro elaborado pela consultoria contratada, no entanto, n\u00e3o foi apresentado. A conselheira Ivanilde Miranda solicitou que os relat\u00f3rios financeiros e atuarial referentes ao plano de custeio sejam disponibilizados para an\u00e1lise o quanto antes.<\/p>\n<p>Durante a reuni\u00e3o, tamb\u00e9m foram apresentados os n\u00fameros da Central de Atendimento e do primeiro m\u00eas do canal &#8220;Reclame Sa\u00fade Caixa&#8221;.<\/p>\n<p><strong>Semin\u00e1rio re\u00fane usu\u00e1rios de planos das estatais<\/strong><br \/> No dia 28 de junho, acontecer\u00e1 em Bras\u00edlia o Semin\u00e1rio Nacional em Defesa dos Planos de Sa\u00fade de Autogest\u00e3o das Empresas Estatais. O evento ser\u00e1 organizado pela Fenae e Contraf-CUT, FUP, Fintect, Findect, AF BNDES, Anabb e UnidasPrev, e contar\u00e1 com a participa\u00e7\u00e3o de representantes dos usu\u00e1rios do Sa\u00fade Caixa, da Cassi, MAS\/Petrobras, BNDES e Postal Sa\u00fade. Apoiam a gest\u00e3o Fenacef, Fenag, Advocef, Aneac, Social Caixa e Anacef.<\/p>\n<p>No debate ser\u00e3o abordados aspectos t\u00e9cnicos, jur\u00eddicos e os impactos das resolu\u00e7\u00f5es CGPAR sobre os planos de autogest\u00e3o das estatais federais. As inscri\u00e7\u00f5es j\u00e1 podem ser feitas pelo <ins><strong><a href=\"http:\/\/www.fenae.org.br\/seminarioplanosdesaudeestatais\" target=\"_blank\" rel=\"noopener noreferrer\">www.fenae.org.br\/seminarioplanosdesaudeestatais<\/a><\/strong><\/ins>. O evento tamb\u00e9m ser\u00e1 transmitido ao vivo, pelo Facebook da Fenae (\/FenaeFederacao) e pelo Youtube (\/FenaeFederacao).<\/p>\n<p><strong>Usu\u00e1rios apoiam PDC 956\/18<\/strong><br \/> Permanece dispon\u00edvel no site da C\u00e2mara dos Deputados a enquete sobre o Projeto de Decreto Legislativo (PDC 956\/2018), de autoria da deputada federal Erika Kokay (PT-DF), com o objetivo de sustar a resolu\u00e7\u00e3o da Comiss\u00e3o Interministerial de Governan\u00e7a Corporativa e de Administra\u00e7\u00e3o de Participa\u00e7\u00f5es Societ\u00e1rias da Uni\u00e3o (CGPAR), que determina as altera\u00e7\u00f5es no Sa\u00fade Caixa. Para acessar a enquete e apoiar o PDC 956\/2018, <ins><strong><a href=\"https:\/\/forms.camara.leg.br\/ex\/enquetes\/2176886\" target=\"_blank\" rel=\"noopener noreferrer\">clique aqui<\/a><\/strong><\/ins>. At\u00e9 o momento, das mais de 13 mil pessoas que opinaram, 94% concordam com a proposi\u00e7\u00e3o.<\/p>\n<\/div>\n<p id=\"page-author\"><span style=\"text-decoration: underline;\"><em><strong>Fonte: Fenae<\/strong><\/em><\/span><\/p>\n","protected":false},"excerpt":{"rendered":"<p>Nesta quarta-feira (20), empregados e aposentados da Caixa vestiram branco como s\u00edmbolo de uni\u00e3o em defesa do Sa\u00fade Caixa. Foram realizados atos em ag\u00eancias, GIPES, REPEs e outras unidades do banco em dezenas de cidade, com destaque para os atos realizados na Av. Almirante Barroso, no Rio de Janeiro, na Av. Paulista, em S\u00e3o Paulo, [&hellip;]<\/p>\n","protected":false},"author":2,"featured_media":4614,"comment_status":"","ping_status":"","sticky":false,"template":"","format":"standard","meta":{"footnotes":""},"categories":[3],"tags":[],"class_list":["post-4615","post","type-post","status-publish","format-standard","has-post-thumbnail","hentry","category-noticias"],"_links":{"self":[{"href":"https:\/\/hostnetart.com.br\/baixada\/wp-json\/wp\/v2\/posts\/4615","targetHints":{"allow":["GET"]}}],"collection":[{"href":"https:\/\/hostnetart.com.br\/baixada\/wp-json\/wp\/v2\/posts"}],"about":[{"href":"https:\/\/hostnetart.com.br\/baixada\/wp-json\/wp\/v2\/types\/post"}],"author":[{"embeddable":true,"href":"https:\/\/hostnetart.com.br\/baixada\/wp-json\/wp\/v2\/users\/2"}],"replies":[{"embeddable":true,"href":"https:\/\/hostnetart.com.br\/baixada\/wp-json\/wp\/v2\/comments?post=4615"}],"version-history":[{"count":0,"href":"https:\/\/hostnetart.com.br\/baixada\/wp-json\/wp\/v2\/posts\/4615\/revisions"}],"wp:featuredmedia":[{"embeddable":true,"href":"https:\/\/hostnetart.com.br\/baixada\/wp-json\/wp\/v2\/media\/4614"}],"wp:attachment":[{"href":"https:\/\/hostnetart.com.br\/baixada\/wp-json\/wp\/v2\/media?parent=4615"}],"wp:term":[{"taxonomy":"category","embeddable":true,"href":"https:\/\/hostnetart.com.br\/baixada\/wp-json\/wp\/v2\/categories?post=4615"},{"taxonomy":"post_tag","embeddable":true,"href":"https:\/\/hostnetart.com.br\/baixada\/wp-json\/wp\/v2\/tags?post=4615"}],"curies":[{"name":"wp","href":"https:\/\/api.w.org\/{rel}","templated":true}]}}