{"id":4613,"date":"2018-06-20T15:45:24","date_gmt":"2018-06-20T18:45:24","guid":{"rendered":"https:\/\/hostnetart.com.br\/baixada\/5-congresso-mundial-da-uni-enaltece-a-importancia-do-movimento-sindical-no-mundo\/"},"modified":"2018-06-20T15:45:24","modified_gmt":"2018-06-20T18:45:24","slug":"5-congresso-mundial-da-uni-enaltece-a-importancia-do-movimento-sindical-no-mundo","status":"publish","type":"post","link":"https:\/\/hostnetart.com.br\/baixada\/5-congresso-mundial-da-uni-enaltece-a-importancia-do-movimento-sindical-no-mundo\/","title":{"rendered":"5\u00ba Congresso Mundial da UNI enaltece a import\u00e2ncia do movimento sindical no mundo"},"content":{"rendered":"<div class=\"content\">\n<p>Com o tema geral \u201cVamos tornar isso poss\u00edvel\u201d, come\u00e7ou no domingo (17), o 5\u00ba Congresso Global da UNI, em Liverpool, na Inglaterra que ir\u00e1 discutir, at\u00e9 quarta-feira (20), estrat\u00e9gias e projetos com o objetivo de motivar e desenvolver os sindicatos e suas influ\u00eancias em todo o mundo.<\/p>\n<p>Para a presidenta da Contraf-CUT, Juvandia Moreira, o evento enaltece a import\u00e2ncia do movimento sindical e refor\u00e7a a uni\u00e3o e solidariedade de 113 pa\u00edses nesta luta. \u201cN\u00f3s criamos os sindicatos para proteger as pessoas pobres do ego\u00edsmo dos ricos. As pessoas sabem que juntos somos mais fortes. Mas, o aspecto neoliberal do capitalismo vem convencendo as pessoas de que as lutas s\u00e3o individuais e que elas podem vencer mesmo estando isoladas. N\u00e3o podemos aceitar que nos dividam. Temos um plano estrat\u00e9gico para 2018\/2022 e com ele vamos desenvolver os sindicatos em todo o mundo. \u201d<\/p>\n<p>A abertura do Congresso contou com uma apresenta\u00e7\u00e3o sobre a luta de classes na Inglaterra e o desenvolvimento do sindicalismo. Participam do evento 523 organiza\u00e7\u00f5es sindicais, 607 delegados, sendo 251 mulheres, 256 homens e 40 jovens, e mais 349 observadores.<\/p>\n<p>Na segunda-feira (18), o dia foi dedicado para debates sobre quatro eixos importantes. O primeiro foi sobre o plano estrat\u00e9gico para romper barreiras no per\u00edodo 2018\/2022, que abordou as formas de organiza\u00e7\u00e3o dos sindicatos para enfrentar o capitalismo e a retomada conservadora e discriminat\u00f3ria existente no mundo.<\/p>\n<p>O eixo \u201cSindicatos para uma economia sustent\u00e1vel\u201d discutiu o papel do movimento sindical na cobran\u00e7a por maior distribui\u00e7\u00e3o de renda e por uma economia includente contra o trabalho informal e tempor\u00e1rio. \u201cOs lucros das empresas crescem e o sal\u00e1rio do trabalhador cai no mundo inteiro. Tem uma dist\u00e2ncia cada vez maior entre o 1% dos ricos do mundo e popula\u00e7\u00e3o. Isso se transformou numa amea\u00e7a para a democracia e os direitos fundamentais. E o capital vem manipulando em todos os pa\u00edses. Precisamos insistir para que exista reformas necess\u00e1rias para que o mundo seja bom para todos. O movimento tem que responsabilizar as empresas pelos danos que elas causam no meio ambiente\u201d, afirmou o secret\u00e1rio de Rela\u00e7\u00f5es Internacionais da Contraf-CUT, Roberto von der Osten. \u00a0<\/p>\n<p>O papel dos sindicatos e o futuro mundo do trabalho foi outro dos temas em destaque durante o dia. Um estudo, realizado em 32 pa\u00edses, pelo Centro de Desenvolvimento Econ\u00f4mico (CDE), mostrou que os empregos est\u00e3o cada vez mais em risco devido a automatiza\u00e7\u00e3o. Segundo a pesquisa, 14% dos postos de trabalho j\u00e1 poderia ser automatizado, o que significa que 67 milh\u00f5es de trabalhadores podem ser afetados. Al\u00e9m disso, 32% dos trabalhadores ter\u00e3o mudan\u00e7as nas tarefas realizadas. \u201cPodemos ver a necessidade de atualizar continuamente os trabalhadores. As empresas n\u00e3o est\u00e3o fazendo isso e est\u00e3o cada vez mais descartando os trabalhadores. A precariza\u00e7\u00e3o \u00e9 universal. H\u00e1 um aumento de trabalho intermitente e da terceiriza\u00e7\u00e3o\u201d, explicou von der Osten.<\/p>\n<p>O eixo final abordou a import\u00e2ncia pela luta por um mundo de paz, democracia e pela \u00e1gua. Num momento no qual o mundo vive o ressurgimento das for\u00e7as antidemocr\u00e1ticas, da discrimina\u00e7\u00e3o e da intoler\u00e2ncia, o evento fortaleceu a campanha internacional pela proibi\u00e7\u00e3o das armas nucleares da ONU e por menos investimento em armas e mais em desenvolvimento e na justi\u00e7a social. \u201cO mundo est\u00e1 entrando numa \u00e1rea perigosa, de incerteza. A luta pela \u00e1gua gera risco de guerras futuras. A falta de \u00e1gua j\u00e1 produz conflitos entre na\u00e7\u00f5es que dividem reservas de agua doce. O desafio \u00e9 encontrar um caminho para paz, na qual os direitos dos trabalhadores fa\u00e7am parte\u201d, salientou o secret\u00e1rio de Rela\u00e7\u00f5es Internacionais.<\/p>\n<\/div>\n<p id=\"page-author\"><strong>Fonte: Contraf-CUT<\/strong><\/p>\n","protected":false},"excerpt":{"rendered":"<p>Com o tema geral \u201cVamos tornar isso poss\u00edvel\u201d, come\u00e7ou no domingo (17), o 5\u00ba Congresso Global da UNI, em Liverpool, na Inglaterra que ir\u00e1 discutir, at\u00e9 quarta-feira (20), estrat\u00e9gias e projetos com o objetivo de motivar e desenvolver os sindicatos e suas influ\u00eancias em todo o mundo. Para a presidenta da Contraf-CUT, Juvandia Moreira, o [&hellip;]<\/p>\n","protected":false},"author":2,"featured_media":4612,"comment_status":"","ping_status":"","sticky":false,"template":"","format":"standard","meta":{"footnotes":""},"categories":[3],"tags":[],"class_list":["post-4613","post","type-post","status-publish","format-standard","has-post-thumbnail","hentry","category-noticias"],"_links":{"self":[{"href":"https:\/\/hostnetart.com.br\/baixada\/wp-json\/wp\/v2\/posts\/4613","targetHints":{"allow":["GET"]}}],"collection":[{"href":"https:\/\/hostnetart.com.br\/baixada\/wp-json\/wp\/v2\/posts"}],"about":[{"href":"https:\/\/hostnetart.com.br\/baixada\/wp-json\/wp\/v2\/types\/post"}],"author":[{"embeddable":true,"href":"https:\/\/hostnetart.com.br\/baixada\/wp-json\/wp\/v2\/users\/2"}],"replies":[{"embeddable":true,"href":"https:\/\/hostnetart.com.br\/baixada\/wp-json\/wp\/v2\/comments?post=4613"}],"version-history":[{"count":0,"href":"https:\/\/hostnetart.com.br\/baixada\/wp-json\/wp\/v2\/posts\/4613\/revisions"}],"wp:featuredmedia":[{"embeddable":true,"href":"https:\/\/hostnetart.com.br\/baixada\/wp-json\/wp\/v2\/media\/4612"}],"wp:attachment":[{"href":"https:\/\/hostnetart.com.br\/baixada\/wp-json\/wp\/v2\/media?parent=4613"}],"wp:term":[{"taxonomy":"category","embeddable":true,"href":"https:\/\/hostnetart.com.br\/baixada\/wp-json\/wp\/v2\/categories?post=4613"},{"taxonomy":"post_tag","embeddable":true,"href":"https:\/\/hostnetart.com.br\/baixada\/wp-json\/wp\/v2\/tags?post=4613"}],"curies":[{"name":"wp","href":"https:\/\/api.w.org\/{rel}","templated":true}]}}