{"id":4611,"date":"2018-06-20T15:44:22","date_gmt":"2018-06-20T18:44:22","guid":{"rendered":"https:\/\/hostnetart.com.br\/baixada\/juventude-e-pautada-5-congresso-global-da-uni\/"},"modified":"2018-06-20T15:44:22","modified_gmt":"2018-06-20T18:44:22","slug":"juventude-e-pautada-5-congresso-global-da-uni","status":"publish","type":"post","link":"https:\/\/hostnetart.com.br\/baixada\/juventude-e-pautada-5-congresso-global-da-uni\/","title":{"rendered":"Juventude \u00e9 pautada 5\u00aa Congresso Global da UNI"},"content":{"rendered":"<div class=\"content\">\n<p>A juventude marcou presen\u00e7a na pauta do 5\u00aa Congresso Global da UNI, sindicato global que representa mais de 20 milh\u00f5es de trabalhadores de 900 sindicatos do setor de servi\u00e7os em diversos pa\u00edses do mundo, e da 5\u00aa Confer\u00eancia Mundial de Mulheres da UNI Global, realizados entre 14 e 20 de junho, em Liverpool, no Reino Unido.<\/p>\n<p><a class=\"has-subtitle img\" title=\"\" href=\"http:\/\/admin.contrafcut.com.br\/system\/uploads\/ck\/images\/WhatsApp%20Image%202018-06-20%20at%2007_48_55%20(1).jpeg\" data-lightbox=\"lightbox\" data-title=\"\"><img decoding=\"async\" src=\"http:\/\/www.contrafcut.org.br\/images\/_cc7d5ee9553c6a27760bf22d87474db0.jpeg\" alt=\"\" \/><\/a>Nos dois eventos, houve debates importantes defendendo a inclus\u00e3o da juventude no movimento sindical e em todos os f\u00f3runs da Uni Global e suas regionais.<\/p>\n<p>A orienta\u00e7\u00e3o da Uni era de que as delega\u00e7\u00f5es tivessem 10% de jovens. Por\u00e9m, num total de 1935 participantes, apenas 5% do Congresso eram jovens. A Confedera\u00e7\u00e3o Nacional dos Trabalhadores do Ramo Financeiro (Contraf-CUT) comp\u00f4s sua delega\u00e7\u00e3o com duas representantes jovens: Lucimara Malaquias, vice-presidenta da Juventude Uni Am\u00e9ricas, e Katlin Sales, coordenadora da rede Uni Juventude Brasil.<\/p>\n<p><a class=\"has-subtitle img\" title=\"\" href=\"http:\/\/admin.contrafcut.com.br\/system\/uploads\/ck\/images\/WhatsApp%20Image%202018-06-20%20at%2007_49_43.jpeg\" data-lightbox=\"lightbox\" data-title=\"\"><img decoding=\"async\" src=\"http:\/\/www.contrafcut.org.br\/images\/_5ea49f31156a30c90701263fbf858b76.jpeg\" alt=\"\" \/><\/a>\u201cO momento econ\u00f4mico e social coloca a juventude como o segmento mais vulner\u00e1vel no mundo do trabalho, com altos \u00edndices de desemprego, chegando a 40% em alguns pa\u00edses, baixos sal\u00e1rios, informalidade, precariedade e contrato zero hora, sem nenhuma prote\u00e7\u00e3o social. Por isso, o Congresso Mundial foi enf\u00e1tico na defesa que devemos desenvolver e implementar pol\u00edticas de renova\u00e7\u00e3o e empoderamento para este segmento, assim como nos empenhamos na inclus\u00e3o de mulheres\u201d, afirmou Lucimara Malaquias.<\/p>\n<p><a class=\"has-subtitle img\" title=\"\" href=\"http:\/\/admin.contrafcut.com.br\/system\/uploads\/ck\/images\/WhatsApp%20Image%202018-06-20%20at%2007_48_55%20(2).jpeg\" data-lightbox=\"lightbox\" data-title=\"\"><img decoding=\"async\" src=\"http:\/\/www.contrafcut.org.br\/images\/_73398a7714f06ff5a2a251045eab51ab.jpeg\" alt=\"\" \/><\/a>Durante os eventos, foram apresentadas mo\u00e7\u00f5es na defesa da participa\u00e7\u00e3o da juventude, da necessidade da representatividade e da inclus\u00e3o. \u201cA juventude n\u00e3o \u00e9 o futuro, pois \u00e9 no presente que estabelecemos as bases para o futuro, portanto queremos no presente ser parte da solu\u00e7\u00e3o e da busca por melhores solu\u00e7\u00f5es para os trabalhadores\u201d, completou a vice-presidenta da Juventude Uni Am\u00e9ricas<\/p>\n<p>\u201cA juventude \u00e9 um fator de desenvolvimento do mundo. Precisamos defender a igualdade entre homens, mulheres e jovens. O jovem sindicalista sabe o que quer e sabe para onde vai. Estas barreiras precisam ser rompidas. Vamos fazer com que aconte\u00e7a, sempre parece imposs\u00edvel at\u00e9 que seja feito. Juntos somos mais\u201d, concluiu Katlin Salles.<\/p>\n<\/div>\n<p id=\"page-author\"><strong>Fonte: Contraf-CUT<\/strong><\/p>\n","protected":false},"excerpt":{"rendered":"<p>A juventude marcou presen\u00e7a na pauta do 5\u00aa Congresso Global da UNI, sindicato global que representa mais de 20 milh\u00f5es de trabalhadores de 900 sindicatos do setor de servi\u00e7os em diversos pa\u00edses do mundo, e da 5\u00aa Confer\u00eancia Mundial de Mulheres da UNI Global, realizados entre 14 e 20 de junho, em Liverpool, no Reino [&hellip;]<\/p>\n","protected":false},"author":2,"featured_media":4610,"comment_status":"","ping_status":"","sticky":false,"template":"","format":"standard","meta":{"footnotes":""},"categories":[3],"tags":[],"class_list":["post-4611","post","type-post","status-publish","format-standard","has-post-thumbnail","hentry","category-noticias"],"_links":{"self":[{"href":"https:\/\/hostnetart.com.br\/baixada\/wp-json\/wp\/v2\/posts\/4611","targetHints":{"allow":["GET"]}}],"collection":[{"href":"https:\/\/hostnetart.com.br\/baixada\/wp-json\/wp\/v2\/posts"}],"about":[{"href":"https:\/\/hostnetart.com.br\/baixada\/wp-json\/wp\/v2\/types\/post"}],"author":[{"embeddable":true,"href":"https:\/\/hostnetart.com.br\/baixada\/wp-json\/wp\/v2\/users\/2"}],"replies":[{"embeddable":true,"href":"https:\/\/hostnetart.com.br\/baixada\/wp-json\/wp\/v2\/comments?post=4611"}],"version-history":[{"count":0,"href":"https:\/\/hostnetart.com.br\/baixada\/wp-json\/wp\/v2\/posts\/4611\/revisions"}],"wp:featuredmedia":[{"embeddable":true,"href":"https:\/\/hostnetart.com.br\/baixada\/wp-json\/wp\/v2\/media\/4610"}],"wp:attachment":[{"href":"https:\/\/hostnetart.com.br\/baixada\/wp-json\/wp\/v2\/media?parent=4611"}],"wp:term":[{"taxonomy":"category","embeddable":true,"href":"https:\/\/hostnetart.com.br\/baixada\/wp-json\/wp\/v2\/categories?post=4611"},{"taxonomy":"post_tag","embeddable":true,"href":"https:\/\/hostnetart.com.br\/baixada\/wp-json\/wp\/v2\/tags?post=4611"}],"curies":[{"name":"wp","href":"https:\/\/api.w.org\/{rel}","templated":true}]}}