{"id":4609,"date":"2018-06-20T15:43:38","date_gmt":"2018-06-20T18:43:38","guid":{"rendered":"https:\/\/hostnetart.com.br\/baixada\/primeira-rodada-de-negociacao-com-o-banco-do-brasil-sera-dia-29-de-junho\/"},"modified":"2018-06-20T15:43:38","modified_gmt":"2018-06-20T18:43:38","slug":"primeira-rodada-de-negociacao-com-o-banco-do-brasil-sera-dia-29-de-junho","status":"publish","type":"post","link":"https:\/\/hostnetart.com.br\/baixada\/primeira-rodada-de-negociacao-com-o-banco-do-brasil-sera-dia-29-de-junho\/","title":{"rendered":"Primeira rodada de negocia\u00e7\u00e3o com o Banco do Brasil ser\u00e1 dia 29 de junho"},"content":{"rendered":"<div class=\"content\">\n<p>A primeira rodada de negocia\u00e7\u00e3o espec\u00edfica com o Banco do Brasil da Campanha Nacional dos Banc\u00e1rios de 2018 ser\u00e1 realizada no dia 29 de junho, em S\u00e3o Paulo. A negocia\u00e7\u00e3o foi confirmada nesta ter\u00e7a-feira (19) e ser\u00e1 na sequ\u00eancia na mesa com a Federa\u00e7\u00e3o Nacional dos Bancos (Fenaban),\u00a0prevista para o dia 28 de junho.<\/p>\n<p>Nesta rodada ser\u00e3o tratados temas como calend\u00e1rio de negocia\u00e7\u00e3o, abrang\u00eancia do acordo aditivo e temas tratados na primeira mesa da Fenaban.<\/p>\n<p>A pauta espec\u00edfica dos funcion\u00e1rios do BB foi constru\u00edda ao longo de v\u00e1rios meses, com reuni\u00f5es nos locais de trabalho, assembleias e encontros regionais, sendo consolidada no\u00a0<a href=\"http:\/\/www.contrafcut.org.br\/noticias\/debate-em-defesa-das-entidades-do-funcionalismo-encerra-o-29-cnfbb-e4c6\">29\u00ba Congresso dos Funcion\u00e1rios do BB<\/a>, realizado nos dias 7 e 8 de junho deste ano.\u00a0<\/p>\n<p>Segundo Wagner Nascimento, coordenador da Comiss\u00e3o de Empresa dos Funcion\u00e1rios, &#8220;a defini\u00e7\u00e3o da data da primeira mesa \u00e9 um passo importante para iniciarmos uma negocia\u00e7\u00e3o que seja produtiva, na qual entendemos que seja poss\u00edvel a renova\u00e7\u00e3o do nosso acordo espec\u00edfico com melhorias e prote\u00e7\u00e3o de direitos aos funcion\u00e1rios do BB&#8221;.<\/p>\n<\/div>\n<p id=\"page-author\"><strong>Fonte: Contraf-CUT<\/strong><\/p>\n","protected":false},"excerpt":{"rendered":"<p>A primeira rodada de negocia\u00e7\u00e3o espec\u00edfica com o Banco do Brasil da Campanha Nacional dos Banc\u00e1rios de 2018 ser\u00e1 realizada no dia 29 de junho, em S\u00e3o Paulo. A negocia\u00e7\u00e3o foi confirmada nesta ter\u00e7a-feira (19) e ser\u00e1 na sequ\u00eancia na mesa com a Federa\u00e7\u00e3o Nacional dos Bancos (Fenaban),\u00a0prevista para o dia 28 de junho. Nesta [&hellip;]<\/p>\n","protected":false},"author":2,"featured_media":4608,"comment_status":"","ping_status":"","sticky":false,"template":"","format":"standard","meta":{"footnotes":""},"categories":[3],"tags":[],"class_list":["post-4609","post","type-post","status-publish","format-standard","has-post-thumbnail","hentry","category-noticias"],"_links":{"self":[{"href":"https:\/\/hostnetart.com.br\/baixada\/wp-json\/wp\/v2\/posts\/4609","targetHints":{"allow":["GET"]}}],"collection":[{"href":"https:\/\/hostnetart.com.br\/baixada\/wp-json\/wp\/v2\/posts"}],"about":[{"href":"https:\/\/hostnetart.com.br\/baixada\/wp-json\/wp\/v2\/types\/post"}],"author":[{"embeddable":true,"href":"https:\/\/hostnetart.com.br\/baixada\/wp-json\/wp\/v2\/users\/2"}],"replies":[{"embeddable":true,"href":"https:\/\/hostnetart.com.br\/baixada\/wp-json\/wp\/v2\/comments?post=4609"}],"version-history":[{"count":0,"href":"https:\/\/hostnetart.com.br\/baixada\/wp-json\/wp\/v2\/posts\/4609\/revisions"}],"wp:featuredmedia":[{"embeddable":true,"href":"https:\/\/hostnetart.com.br\/baixada\/wp-json\/wp\/v2\/media\/4608"}],"wp:attachment":[{"href":"https:\/\/hostnetart.com.br\/baixada\/wp-json\/wp\/v2\/media?parent=4609"}],"wp:term":[{"taxonomy":"category","embeddable":true,"href":"https:\/\/hostnetart.com.br\/baixada\/wp-json\/wp\/v2\/categories?post=4609"},{"taxonomy":"post_tag","embeddable":true,"href":"https:\/\/hostnetart.com.br\/baixada\/wp-json\/wp\/v2\/tags?post=4609"}],"curies":[{"name":"wp","href":"https:\/\/api.w.org\/{rel}","templated":true}]}}