{"id":4607,"date":"2018-06-20T15:40:45","date_gmt":"2018-06-20T18:40:45","guid":{"rendered":"https:\/\/hostnetart.com.br\/baixada\/mudancas-na-cassi-e-no-saude-caixa-geram-protestos-dos-bancarios\/"},"modified":"2018-06-20T15:40:45","modified_gmt":"2018-06-20T18:40:45","slug":"mudancas-na-cassi-e-no-saude-caixa-geram-protestos-dos-bancarios","status":"publish","type":"post","link":"https:\/\/hostnetart.com.br\/baixada\/mudancas-na-cassi-e-no-saude-caixa-geram-protestos-dos-bancarios\/","title":{"rendered":"Mudan\u00e7as na Cassi e no Sa\u00fade Caixa geram protestos dos banc\u00e1rios"},"content":{"rendered":"<div class=\"content\">\n<p>A quarta-feira (20) ser\u00e1 marcada por protestos dos funcion\u00e1rios do Banco do Brasil e dos empregados da Caixa Econ\u00f4mica Federal em defesa dos respectivos planos de sa\u00fade: Cassi e Sa\u00fade Caixa. Os funcion\u00e1rios do BB distribuir\u00e3o um boletim especial e far\u00e3o atividades em ag\u00eancias e centros administrativos do BB de todas as bases sindicais com o tema \u201cDefesa da Cassi\u201d. Os empregados da Caixa vestir\u00e3o branco para mostrar a uni\u00e3o e contrariedade da categoria \u00e0 altera\u00e7\u00e3o no modelo de custeio do Sa\u00fade Caixa.<\/p>\n<p><strong>Cassi<\/strong><br \/>As atividades no BB seguem orienta\u00e7\u00f5es da Comiss\u00e3o de Empresa dos Funcion\u00e1rios do Banco do Brasil (CEBB), \u00f3rg\u00e3o auxiliar da Confedera\u00e7\u00e3o Nacional dos Trabalhadores do Ramo Financeiro (Contraf-CUT) na organiza\u00e7\u00e3o dos funcion\u00e1rios e negocia\u00e7\u00f5es com o banco. As orienta\u00e7\u00f5es da CEBB seguem delibera\u00e7\u00f5es de reuni\u00f5es preparat\u00f3rias dos funcion\u00e1rios e das resolu\u00e7\u00f5es do 29\u00ba Congresso Nacional dos Funcion\u00e1rios do BB.<\/p>\n<p>\u201cO custeio e a governan\u00e7a da Cassi s\u00e3o de responsabilidade estatut\u00e1ria de quem paga a conta \u2013 o banco e os associados. Qualquer mudan\u00e7a no estatuto depende de negocia\u00e7\u00e3o entre as duas partes para depois levar \u00e0 aprova\u00e7\u00e3o do Corpo Social\u201d, informa o boletim distribu\u00eddo aos funcion\u00e1rios e clientes do banco.<\/p>\n<p>O texto explica ainda que o \u201cBB resolveu atropelar este processo. Quer impor aos diretores e conselheiros da Cassi uma decis\u00e3o que n\u00e3o cabe a eles. Ao mesmo tempo, assedia os funcion\u00e1rios para apoiarem uma proposta que corta direitos, aumenta contribui\u00e7\u00f5es dos associados e reduz as do banco, implanta voto de minerva a favor do BB e entrega duas diretorias ao mercado, reduzindo a participa\u00e7\u00e3o dos associados a um ter\u00e7o\u201d.<\/p>\n<p><strong>Sa\u00fade Caixa<\/strong><br \/>Desde 2004, a Caixa paga 70% das despesas assistenciais do Sa\u00fade Caixa e os usu\u00e1rios os outros 30%. As resolu\u00e7\u00f5es publicadas pelo Governo e a recente altera\u00e7\u00e3o no estatuto da Caixa estipulam o limite correspondente a 6,5% da folha de pagamento para a participa\u00e7\u00e3o do banco nessas despesas, \u00e0 revelia do que prev\u00ea o Acordo Coletivo de Trabalho (ACT).<\/p>\n<p>\u201cAs altera\u00e7\u00f5es s\u00e3o nefastas para todos os usu\u00e1rios do plano. O Sa\u00fade Caixa ficar\u00e1 mais caro e poder\u00e1 ficar inacess\u00edvel, em especial, aos aposentados. \u00c9 inadmiss\u00edvel a altera\u00e7\u00e3o de um modelo que vem se mostrando plenamente sustent\u00e1vel\u201d, afirmou Fabiana Uehara Proschodlt, secret\u00e1ria de Cultura da Confedera\u00e7\u00e3o Nacional dos Trabalhadores do Ramo Financeiro (Contraf-CUT) e representante da entidade na Comiss\u00e3o Executiva dos Empregados (CEE\/Caixa).<\/p>\n<p>A atividade faz parte da intensifica\u00e7\u00e3o da campanha \u201cSa\u00fade Caixa: eu defendo\u201d, definida pelas entidades representativas do pessoal da Caixa durante o m\u00eas de junho. A intensifica\u00e7\u00e3o vai at\u00e9 a primeira semana de julho, quando o Sa\u00fade Caixa completa 14 anos.<\/p>\n<\/div>\n<p id=\"page-author\"><span style=\"text-decoration: underline;\"><em><strong>Fonte: Contraf-CUT<\/strong><\/em><\/span><\/p>\n","protected":false},"excerpt":{"rendered":"<p>A quarta-feira (20) ser\u00e1 marcada por protestos dos funcion\u00e1rios do Banco do Brasil e dos empregados da Caixa Econ\u00f4mica Federal em defesa dos respectivos planos de sa\u00fade: Cassi e Sa\u00fade Caixa. Os funcion\u00e1rios do BB distribuir\u00e3o um boletim especial e far\u00e3o atividades em ag\u00eancias e centros administrativos do BB de todas as bases sindicais com [&hellip;]<\/p>\n","protected":false},"author":2,"featured_media":4606,"comment_status":"","ping_status":"","sticky":false,"template":"","format":"standard","meta":{"footnotes":""},"categories":[3],"tags":[],"class_list":["post-4607","post","type-post","status-publish","format-standard","has-post-thumbnail","hentry","category-noticias"],"_links":{"self":[{"href":"https:\/\/hostnetart.com.br\/baixada\/wp-json\/wp\/v2\/posts\/4607","targetHints":{"allow":["GET"]}}],"collection":[{"href":"https:\/\/hostnetart.com.br\/baixada\/wp-json\/wp\/v2\/posts"}],"about":[{"href":"https:\/\/hostnetart.com.br\/baixada\/wp-json\/wp\/v2\/types\/post"}],"author":[{"embeddable":true,"href":"https:\/\/hostnetart.com.br\/baixada\/wp-json\/wp\/v2\/users\/2"}],"replies":[{"embeddable":true,"href":"https:\/\/hostnetart.com.br\/baixada\/wp-json\/wp\/v2\/comments?post=4607"}],"version-history":[{"count":0,"href":"https:\/\/hostnetart.com.br\/baixada\/wp-json\/wp\/v2\/posts\/4607\/revisions"}],"wp:featuredmedia":[{"embeddable":true,"href":"https:\/\/hostnetart.com.br\/baixada\/wp-json\/wp\/v2\/media\/4606"}],"wp:attachment":[{"href":"https:\/\/hostnetart.com.br\/baixada\/wp-json\/wp\/v2\/media?parent=4607"}],"wp:term":[{"taxonomy":"category","embeddable":true,"href":"https:\/\/hostnetart.com.br\/baixada\/wp-json\/wp\/v2\/categories?post=4607"},{"taxonomy":"post_tag","embeddable":true,"href":"https:\/\/hostnetart.com.br\/baixada\/wp-json\/wp\/v2\/tags?post=4607"}],"curies":[{"name":"wp","href":"https:\/\/api.w.org\/{rel}","templated":true}]}}