{"id":4595,"date":"2018-06-19T14:40:26","date_gmt":"2018-06-19T17:40:26","guid":{"rendered":"https:\/\/hostnetart.com.br\/baixada\/brasil-ocupa-a-segunda-pior-posicao-em-ranking-da-ocde-sobre-mobilidade-social\/"},"modified":"2018-06-19T14:40:26","modified_gmt":"2018-06-19T17:40:26","slug":"brasil-ocupa-a-segunda-pior-posicao-em-ranking-da-ocde-sobre-mobilidade-social","status":"publish","type":"post","link":"https:\/\/hostnetart.com.br\/baixada\/brasil-ocupa-a-segunda-pior-posicao-em-ranking-da-ocde-sobre-mobilidade-social\/","title":{"rendered":"Brasil ocupa a segunda pior posi\u00e7\u00e3o em ranking da OCDE sobre mobilidade social"},"content":{"rendered":"<p class=\" \"><a class=\"external-link\" title=\"\" href=\"http:\/\/www.oecd.org\/brazil\/social-mobililty-2018-BRA-PT.pdf\" target=\"_blank\" rel=\"noopener noreferrer\">Estudo sobre Mobilidade Social <\/a><a class=\"external-link\" title=\"\" href=\"http:\/\/www.oecd.org\/brazil\/social-mobililty-2018-BRA-PT.pdf\" target=\"_blank\" rel=\"noopener noreferrer\">rec\u00e9m-divulgado<\/a> pela Organiza\u00e7\u00e3o para a Coopera\u00e7\u00e3o e Desenvolvimento Econ\u00f4mico (OCDE) revelou que as fam\u00edlias pobres brasileiras levariam nove gera\u00e7\u00f5es para alcan\u00e7ar a renda m\u00e9dia do pa\u00eds, posicionando o Brasil na segunda pior posi\u00e7\u00e3o em compara\u00e7\u00e3o a outras 29 na\u00e7\u00f5es analisadas.\u00a0De acordo com o levantamento, mais de um ter\u00e7o daqueles que nascem entre os 20% mais pobres permanece na base da pir\u00e2mide, somente 7% chega ao segmento dos 20% mais ricos.<\/p>\n<p class=\" \">O diretor t\u00e9cnico do Dieese, Clemente Ganz L\u00facio, afirmou em entrevista \u00e0 jornalista Marilu Caba\u00f1as, na <strong>R\u00e1dio Brasil Atual<\/strong>, que o baixo \u00edndice de mobilidade \u00e9 alimentado, entre outros fatores, pela baixa qualidade da educa\u00e7\u00e3o brasileira e por conta da estrutura tribut\u00e1ria regressiva.<\/p>\n<p class=\" \">&#8220;A mobilidade no Brasil \u00e9 impedida fundamentalmente por que, de um lado, a gente tem uma estrutura econ\u00f4mica muito desigual, portanto com uma dist\u00e2ncia muito longa (entre um segmento e outro). E, por outro lado, uma educa\u00e7\u00e3o que n\u00e3o consegue ofertar uma participa\u00e7\u00e3o com qualidade para os jovens, e uma estrutura tribut\u00e1ria que retira a renda dos pobres e permite que os mais ricos reproduzam sua condi\u00e7\u00e3o socioecon\u00f4mica&#8221;, ponderou Clemente.<\/p>\n<p class=\" \">\u00a0<\/p>\n<p class=\" \"><strong>FONTE: Rede Brasil Atual<\/strong><\/p>\n","protected":false},"excerpt":{"rendered":"<p>Estudo sobre Mobilidade Social rec\u00e9m-divulgado pela Organiza\u00e7\u00e3o para a Coopera\u00e7\u00e3o e Desenvolvimento Econ\u00f4mico (OCDE) revelou que as fam\u00edlias pobres brasileiras levariam nove gera\u00e7\u00f5es para alcan\u00e7ar a renda m\u00e9dia do pa\u00eds, posicionando o Brasil na segunda pior posi\u00e7\u00e3o em compara\u00e7\u00e3o a outras 29 na\u00e7\u00f5es analisadas.\u00a0De acordo com o levantamento, mais de um ter\u00e7o daqueles que nascem [&hellip;]<\/p>\n","protected":false},"author":2,"featured_media":4594,"comment_status":"","ping_status":"","sticky":false,"template":"","format":"standard","meta":{"footnotes":""},"categories":[3],"tags":[],"class_list":["post-4595","post","type-post","status-publish","format-standard","has-post-thumbnail","hentry","category-noticias"],"_links":{"self":[{"href":"https:\/\/hostnetart.com.br\/baixada\/wp-json\/wp\/v2\/posts\/4595","targetHints":{"allow":["GET"]}}],"collection":[{"href":"https:\/\/hostnetart.com.br\/baixada\/wp-json\/wp\/v2\/posts"}],"about":[{"href":"https:\/\/hostnetart.com.br\/baixada\/wp-json\/wp\/v2\/types\/post"}],"author":[{"embeddable":true,"href":"https:\/\/hostnetart.com.br\/baixada\/wp-json\/wp\/v2\/users\/2"}],"replies":[{"embeddable":true,"href":"https:\/\/hostnetart.com.br\/baixada\/wp-json\/wp\/v2\/comments?post=4595"}],"version-history":[{"count":0,"href":"https:\/\/hostnetart.com.br\/baixada\/wp-json\/wp\/v2\/posts\/4595\/revisions"}],"wp:featuredmedia":[{"embeddable":true,"href":"https:\/\/hostnetart.com.br\/baixada\/wp-json\/wp\/v2\/media\/4594"}],"wp:attachment":[{"href":"https:\/\/hostnetart.com.br\/baixada\/wp-json\/wp\/v2\/media?parent=4595"}],"wp:term":[{"taxonomy":"category","embeddable":true,"href":"https:\/\/hostnetart.com.br\/baixada\/wp-json\/wp\/v2\/categories?post=4595"},{"taxonomy":"post_tag","embeddable":true,"href":"https:\/\/hostnetart.com.br\/baixada\/wp-json\/wp\/v2\/tags?post=4595"}],"curies":[{"name":"wp","href":"https:\/\/api.w.org\/{rel}","templated":true}]}}