{"id":4586,"date":"2018-06-18T17:33:40","date_gmt":"2018-06-18T20:33:40","guid":{"rendered":"https:\/\/hostnetart.com.br\/baixada\/dia-20-e-dia-de-branco-em-defesa-do-saude-caixa\/"},"modified":"2018-06-18T17:33:40","modified_gmt":"2018-06-18T20:33:40","slug":"dia-20-e-dia-de-branco-em-defesa-do-saude-caixa","status":"publish","type":"post","link":"https:\/\/hostnetart.com.br\/baixada\/dia-20-e-dia-de-branco-em-defesa-do-saude-caixa\/","title":{"rendered":"Dia 20 \u00e9 dia de branco em defesa do Sa\u00fade Caixa"},"content":{"rendered":"<div class=\"content\">\n<p>Os empregados da Caixa vestir\u00e3o branco na pr\u00f3xima quarta-feira (20) para mostrar a uni\u00e3o da categoria na defesa do plano de sa\u00fade do pessoal da Caixa e protestar contra a altera\u00e7\u00e3o no modelo de custeio do Sa\u00fade Caixa. Desde 2004, a Caixa paga 70% das despesas assistenciais e os usu\u00e1rios os outros 30%. As resolu\u00e7\u00f5es publicadas pelo Governo e a recente altera\u00e7\u00e3o no estatuto da Caixa estipulam o limite correspondente a 6,5% da folha de pagamento para a participa\u00e7\u00e3o do banco nessas despesas, \u00e0 revelia do que prev\u00ea o Acordo Coletivo de Trabalho (ACT).<\/p>\n<p>\u201cAs altera\u00e7\u00f5es s\u00e3o nefastas para todos os usu\u00e1rios do plano. O Sa\u00fade Caixa ficar\u00e1 mais caro e poder\u00e1 ficar inacess\u00edvel, em especial, aos aposentados. \u00c9 inadmiss\u00edvel a altera\u00e7\u00e3o de um modelo que vem se mostrando plenamente sustent\u00e1vel\u201d, afirmou Fabiana Uehara Proschodlt, secret\u00e1ria de Cultura da Contraf-CUT e representante da entidade na Comiss\u00e3o Executiva dos Empregados (CEE\/Caixa).<\/p>\n<p>A atividade faz parte da intensifica\u00e7\u00e3o da campanha \u201cSa\u00fade Caixa: eu defendo\u201d, definida pelas entidades representativas do pessoal da Caixa durante o m\u00eas de junho. A intensifica\u00e7\u00e3o vai at\u00e9 a primeira semana de julho, quando o Sa\u00fade Caixa completa 14 anos.<\/p>\n<p><strong>Todos por tudo<\/strong><br \/> O Sa\u00fade Caixa acumulou super\u00e1vit que chegava a R$ 670 milh\u00f5es em 2016. Dados mais recentes permanecem restritos \u00e0 gest\u00e3o do banco, que n\u00e3o deu ainda a devida transpar\u00eancia ao relat\u00f3rio atuarial de 2017. \u201cEssa mesma gest\u00e3o vem sucateando nosso plano de sa\u00fade e precarizando a estrutura de atendimento aos usu\u00e1rios. Por isso, ressaltamos a import\u00e2ncia do envolvimento de todos os empregados e aposentados em um grande processo de mobiliza\u00e7\u00e3o, que impe\u00e7a a retirada de uma das mais importantes conquistas dos empregados\u201d, completou Fabiana.<\/p>\n<p><strong>Semin\u00e1rio e audi\u00eancia p\u00fablica<\/strong><br \/> As entidades tamb\u00e9m planejam realizar um semin\u00e1rio em defesa dos planos de sa\u00fade de autogest\u00e3o das empresas estatais. O evento tem data prevista para 28 de junho e contar\u00e1 com a participa\u00e7\u00e3o de representantes de usu\u00e1rios da Cassi, Postal Sa\u00fade, AMS\/Petrobras e PAS\/BNDES.<\/p>\n<p>\u201cO ataque do governo n\u00e3o \u00e9 apenas contra a Caixa, nem somente contra o plano de sa\u00fade dos empregados da Caixa. Outras empresas e seus respectivos planos sofrem o mesmo ataque. Queremos unir n\u00e3o apenas os empregados da Caixa, mas tamb\u00e9m de outras empresas p\u00fablicas sob ataque para aumentar ainda mais nossa for\u00e7a\u201d, destacou a dirigente da Contraf-CUT.<\/p>\n<p>Tamb\u00e9m est\u00e1 programada a realiza\u00e7\u00e3o de uma audi\u00eancia p\u00fablica na C\u00e2mara dos Deputados, quando a quest\u00e3o ser\u00e1 debatida no Congresso Nacional. A data da audi\u00eancia ainda ser\u00e1 confirmada.<\/p>\n<p><strong>Usu\u00e1rios apoiam PDC 956\/18<\/strong><br \/> A C\u00e2mara dos Deputados veicula em seu site uma enquete sobre o Projeto de Decreto Legislativo (PDC 956\/2018), de autoria da deputada federal Erika Kokay (PT-DF), com o objetivo de sustar a resolu\u00e7\u00e3o da Comiss\u00e3o Interministerial de Governan\u00e7a Corporativa e de Administra\u00e7\u00e3o de Participa\u00e7\u00f5es Societ\u00e1rias da Uni\u00e3o (CGPAR) que trata do custeio das empresas estatais em rela\u00e7\u00e3o aos benef\u00edcios de assist\u00eancia \u00e0 sa\u00fade aos empregados. A resolu\u00e7\u00e3o \u00e9 justamente a que determina as altera\u00e7\u00f5es que afetam decisivamente o Sa\u00fade Caixa. Para acessar a enquete e apoiar o PDC 956\/2018, <ins><strong><a href=\"https:\/\/forms.camara.leg.br\/ex\/enquetes\/2176886\" target=\"_blank\" rel=\"noopener noreferrer\">clique aqui<\/a><\/strong><\/ins>.<\/p>\n<p>As resolu\u00e7\u00f5es publicadas pelo governo e a recente altera\u00e7\u00e3o no Estatuto da Caixa prop\u00f5em um limite correspondente a 6,5% da folha de pagamento para a participa\u00e7\u00e3o da Caixa nessas despesas, \u00e0 revelia do modelo de custeio previsto no Acordo Coletivo de Trabalho (ACT), que vigora at\u00e9 agosto.<\/p>\n<p>Como a infla\u00e7\u00e3o m\u00e9dica aumenta mais rapidamente que os \u00edndices de corre\u00e7\u00e3o dos sal\u00e1rios e benef\u00edcios previdenci\u00e1rios, e como a Caixa vem reduzindo seu quadro de pessoal, em breve, o novo limite estipulado ser\u00e1 atingido e os custos excedentes recair\u00e3o sobre os usu\u00e1rios.<\/p>\n<\/div>\n<p id=\"page-author\"><span style=\"text-decoration: underline;\"><em><strong>Fonte: Contraf-CUT<\/strong><\/em><\/span><\/p>\n","protected":false},"excerpt":{"rendered":"<p>Os empregados da Caixa vestir\u00e3o branco na pr\u00f3xima quarta-feira (20) para mostrar a uni\u00e3o da categoria na defesa do plano de sa\u00fade do pessoal da Caixa e protestar contra a altera\u00e7\u00e3o no modelo de custeio do Sa\u00fade Caixa. Desde 2004, a Caixa paga 70% das despesas assistenciais e os usu\u00e1rios os outros 30%. As resolu\u00e7\u00f5es [&hellip;]<\/p>\n","protected":false},"author":2,"featured_media":4585,"comment_status":"","ping_status":"","sticky":false,"template":"","format":"standard","meta":{"footnotes":""},"categories":[3],"tags":[],"class_list":["post-4586","post","type-post","status-publish","format-standard","has-post-thumbnail","hentry","category-noticias"],"_links":{"self":[{"href":"https:\/\/hostnetart.com.br\/baixada\/wp-json\/wp\/v2\/posts\/4586","targetHints":{"allow":["GET"]}}],"collection":[{"href":"https:\/\/hostnetart.com.br\/baixada\/wp-json\/wp\/v2\/posts"}],"about":[{"href":"https:\/\/hostnetart.com.br\/baixada\/wp-json\/wp\/v2\/types\/post"}],"author":[{"embeddable":true,"href":"https:\/\/hostnetart.com.br\/baixada\/wp-json\/wp\/v2\/users\/2"}],"replies":[{"embeddable":true,"href":"https:\/\/hostnetart.com.br\/baixada\/wp-json\/wp\/v2\/comments?post=4586"}],"version-history":[{"count":0,"href":"https:\/\/hostnetart.com.br\/baixada\/wp-json\/wp\/v2\/posts\/4586\/revisions"}],"wp:featuredmedia":[{"embeddable":true,"href":"https:\/\/hostnetart.com.br\/baixada\/wp-json\/wp\/v2\/media\/4585"}],"wp:attachment":[{"href":"https:\/\/hostnetart.com.br\/baixada\/wp-json\/wp\/v2\/media?parent=4586"}],"wp:term":[{"taxonomy":"category","embeddable":true,"href":"https:\/\/hostnetart.com.br\/baixada\/wp-json\/wp\/v2\/categories?post=4586"},{"taxonomy":"post_tag","embeddable":true,"href":"https:\/\/hostnetart.com.br\/baixada\/wp-json\/wp\/v2\/tags?post=4586"}],"curies":[{"name":"wp","href":"https:\/\/api.w.org\/{rel}","templated":true}]}}