{"id":4582,"date":"2018-06-15T14:21:29","date_gmt":"2018-06-15T17:21:29","guid":{"rendered":"https:\/\/hostnetart.com.br\/baixada\/universidades-e-pequenas-empresas-devem-ser-aliadas-na-retomada-da-industrializacao\/"},"modified":"2018-06-15T14:21:29","modified_gmt":"2018-06-15T17:21:29","slug":"universidades-e-pequenas-empresas-devem-ser-aliadas-na-retomada-da-industrializacao","status":"publish","type":"post","link":"https:\/\/hostnetart.com.br\/baixada\/universidades-e-pequenas-empresas-devem-ser-aliadas-na-retomada-da-industrializacao\/","title":{"rendered":"Universidades e pequenas empresas devem ser aliadas na retomada da industrializa\u00e7\u00e3o"},"content":{"rendered":"<p>Em seu segundo dia, o semin\u00e1rio que discute os <a class=\"internal-link\" title=\"\" href=\"http:\/\/www.redebrasilatual.com.br\/economia\/2018\/06\/trabalhadores-da-industria-discutem-desafios-do-desenvolvimento-tecnologico\" target=\"_blank\" rel=\"noopener noreferrer\">desafios da ind\u00fastria no Brasil<\/a>, contou com a participa\u00e7\u00e3o de representantes do mundo acad\u00eamico, do cooperativismo solid\u00e1rio e das micro e pequenas ind\u00fastrias. Falando aos trabalhadores do chamado\u00a0<strong>macrossetor industrial da CUT<\/strong>, eles defenderam uma alian\u00e7a de longo prazo na busca de sa\u00eddas para a crise que garantam a retomada do protagonismo do setor no desenvolvimento nacional.<\/p>\n<p>A diretora executiva do <a class=\"external-link\" title=\"\" href=\"https:\/\/www.dieese.org.br\/\" target=\"_blank\" rel=\"noopener noreferrer\">Dieese<\/a>, Patr\u00edcia Pelatieri, tra\u00e7ou um breve hist\u00f3rico da atua\u00e7\u00e3o do movimento sindical do setor. Ela destacou que os trabalhadores industriais apresentam taxas de sindicaliza\u00e7\u00e3o maiores que a m\u00e9dia, bem como se destacam em garantir ganhos reais nas negocia\u00e7\u00f5es coletivas.<\/p>\n<p>Outro ganho da classe trabalhadora, segundo ela, foi o desenvolvimento de espa\u00e7os tripartites de discuss\u00e3o de pol\u00edticas para a ind\u00fastria \u2013\u00a0durante os governos Lula e Dilma \u2013 reunindo trabalhadores, patr\u00f5es e representantes do governo para definir pol\u00edticas para o setor.\u00a0<\/p>\n<p>Contudo, mesmo o grupo mais din\u00e2mico e atuante do sindicalismo tamb\u00e9m sofre os efeitos da crise econ\u00f4mica, aprofundada desde o golpe que levou Michel Temer ao poder. &#8220;Temos um mercado de trabalho que se desestrutura muito rapidamente&#8221;, ressaltou Patr\u00edcia, destacando, al\u00e9m da eleva\u00e7\u00e3o do desemprego, o crescimento da informalidade, bem como dos trabalhadores aut\u00f4nomos, impactando, assim, no n\u00edvel de sindicaliza\u00e7\u00e3o.\u00a0<\/p>\n<h3>Academia<\/h3>\n<p>O reitor da <a class=\"external-link\" title=\"\" href=\"http:\/\/www.ufabc.edu.br\/\" target=\"_blank\" rel=\"noopener noreferrer\">Universidade Federal do ABC<\/a>, Wagner Carvalho, e o diretor do\u00a0Centro de Tecnologia da Informa\u00e7\u00e3o (<a class=\"external-link\" title=\"\" href=\"https:\/\/cti.gov.br\/\" target=\"_blank\" rel=\"noopener noreferrer\">CTI<\/a>) de Campinas, Victor Mammana, destacaram que a chave para garantir a inova\u00e7\u00e3o \u00e9 o fortalecimento da integra\u00e7\u00e3o da ind\u00fastria com as \u00e1reas de ensino, pesquisa e extens\u00e3o. &#8220;Precisamos ter um setor industrial em constante processo de inova\u00e7\u00e3o&#8221;, afirmou Carvalho.\u00a0<\/p>\n<p>Ele destacou iniciativas da UFABC, como o doutorado acad\u00eamico industrial, onde as empresas da regi\u00e3o exercem participa\u00e7\u00e3o direta na forma\u00e7\u00e3o dos estudantes, que depois atuam juntos para desenvolver projetos de inova\u00e7\u00e3o. Apesar dos avan\u00e7os, ele destacou que as ind\u00fastrias t\u00eam dificuldades de encarar tais processos de parceria, e tentam submeter os estudos acad\u00eamicos aos seus pr\u00f3prios interesses. &#8220;N\u00e3o \u00e9 mera presta\u00e7\u00e3o de servi\u00e7os&#8221;, apontou.\u00a0<\/p>\n<p>Mammana afirmou que o setor ainda sofre com as consequ\u00eancias da abertura irrestrita \u00e0s importa\u00e7\u00f5es na d\u00e9cada de 1990. Segundo ele, um setor produtivo saud\u00e1vel \u00e9 composto por in\u00fameras pequenas empresas, outras tantas m\u00e9dias e algumas poucas grandes, que lideram o setor. A abertura, segundo ele, teria dizimado principalmente as pequenas, respons\u00e1veis pelo desenvolvimento de componentes e insumos tecnol\u00f3gicos.<\/p>\n<h3>Pequenas empresas<\/h3>\n<p>O presidente do Sindicato da Micro e Pequena Ind\u00fastria do Estado de S\u00e3o Paulo (<a class=\"external-link\" title=\"\" href=\"http:\/\/www.simpi.com.br\/\" target=\"_blank\" rel=\"noopener noreferrer\">Simpi<\/a>), Joseph Coury, tamb\u00e9m afirmou que a sa\u00edda para a retomada da\u00a0ind\u00fastria passa pela alian\u00e7a dessa parte do empresariado com os trabalhadores, em prol de uma pol\u00edtica que privilegie o mercado interno e a retomada do emprego. Segundo ele, as primeiras a demitirem em momentos de crise s\u00e3o as grandes empresas.<\/p>\n<p>Ainda assim, as micro e pequenas empresas n\u00e3o recebem o mesmo tratamento que as grandes corpora\u00e7\u00f5es. Ele destacou, por exemplo, os vetos do governo Temer para programa de refinanciamento (Refis) aos pequenos, enquanto in\u00fameras <a class=\"internal-link\" title=\"\" href=\"http:\/\/www.redebrasilatual.com.br\/politica\/2017\/07\/oferecido-no-2018pacote-de-bondades2019-novo-refis-pode-provocar-perda-de-r-200-bi-para-a-uniao\" target=\"_blank\" rel=\"noopener noreferrer\">vantagens foram garantidas \u00e0s grandes empresas<\/a> e ao agroneg\u00f3cio. Diferentemente das grandes, elas tamb\u00e9m n\u00e3o contam com linhas de cr\u00e9ditos especias para financiamento de longo prazo.\u00a0<\/p>\n<h3>Cooperativismo<\/h3>\n<p>O presidente da <a class=\"external-link\" title=\"\" href=\"http:\/\/www.unisolbrasil.org.br\/\" target=\"_blank\" rel=\"noopener noreferrer\">Unisol Brasil<\/a>, Leonardo Pinho, destacou que at\u00e9 mesmo entre as cooperativas, o setor industrial vem perdendo participa\u00e7\u00e3o. Ele tamb\u00e9m defendeu a &#8220;unidade&#8221; do cooperativismo com o movimento sindical para colocar o trabalho no centro da agenda econ\u00f4mica nacional.\u00a0<\/p>\n<p>Ele ressaltou que a constru\u00e7\u00e3o de estrat\u00e9gias coletivas entre os trabalhadores\u00a0 vem sendo esvaziadas, nos \u00faltimos anos, devido ao avan\u00e7o da cultura do empreendedorismo individualista. Ele destacou o esfor\u00e7o de formaliza\u00e7\u00e3o dos microempreendedores, mas questionou a capacidade de organiza\u00e7\u00e3o desse grupo, que n\u00e3o tem representa\u00e7\u00e3o formal, e desafiou o movimento sindical a buscar essa aproxima\u00e7\u00e3o.<\/p>\n<p>Pinho tamb\u00e9m alertou para os riscos da mudan\u00e7a na Lei de Fal\u00eancias pretendidas por Temer, que quer privilegiar o pagamento de d\u00edvidas aos bancos, e n\u00e3o a quita\u00e7\u00e3o de d\u00edvidas trabalhistas, como \u00e9 atualmente. Ele defendeu mudan\u00e7as, mas que facilitem a tomada do controle das empresas pelos trabalhadores em processos de recupera\u00e7\u00e3o judicial.\u00a0<\/p>\n<p>\u00a0<\/p>\n<p><strong>FONTE: Rede Brasil Atual<\/strong><\/p>\n","protected":false},"excerpt":{"rendered":"<p>Em seu segundo dia, o semin\u00e1rio que discute os desafios da ind\u00fastria no Brasil, contou com a participa\u00e7\u00e3o de representantes do mundo acad\u00eamico, do cooperativismo solid\u00e1rio e das micro e pequenas ind\u00fastrias. Falando aos trabalhadores do chamado\u00a0macrossetor industrial da CUT, eles defenderam uma alian\u00e7a de longo prazo na busca de sa\u00eddas para a crise que [&hellip;]<\/p>\n","protected":false},"author":2,"featured_media":4581,"comment_status":"","ping_status":"","sticky":false,"template":"","format":"standard","meta":{"footnotes":""},"categories":[3],"tags":[],"class_list":["post-4582","post","type-post","status-publish","format-standard","has-post-thumbnail","hentry","category-noticias"],"_links":{"self":[{"href":"https:\/\/hostnetart.com.br\/baixada\/wp-json\/wp\/v2\/posts\/4582","targetHints":{"allow":["GET"]}}],"collection":[{"href":"https:\/\/hostnetart.com.br\/baixada\/wp-json\/wp\/v2\/posts"}],"about":[{"href":"https:\/\/hostnetart.com.br\/baixada\/wp-json\/wp\/v2\/types\/post"}],"author":[{"embeddable":true,"href":"https:\/\/hostnetart.com.br\/baixada\/wp-json\/wp\/v2\/users\/2"}],"replies":[{"embeddable":true,"href":"https:\/\/hostnetart.com.br\/baixada\/wp-json\/wp\/v2\/comments?post=4582"}],"version-history":[{"count":0,"href":"https:\/\/hostnetart.com.br\/baixada\/wp-json\/wp\/v2\/posts\/4582\/revisions"}],"wp:featuredmedia":[{"embeddable":true,"href":"https:\/\/hostnetart.com.br\/baixada\/wp-json\/wp\/v2\/media\/4581"}],"wp:attachment":[{"href":"https:\/\/hostnetart.com.br\/baixada\/wp-json\/wp\/v2\/media?parent=4582"}],"wp:term":[{"taxonomy":"category","embeddable":true,"href":"https:\/\/hostnetart.com.br\/baixada\/wp-json\/wp\/v2\/categories?post=4582"},{"taxonomy":"post_tag","embeddable":true,"href":"https:\/\/hostnetart.com.br\/baixada\/wp-json\/wp\/v2\/tags?post=4582"}],"curies":[{"name":"wp","href":"https:\/\/api.w.org\/{rel}","templated":true}]}}