{"id":4576,"date":"2018-06-14T17:26:22","date_gmt":"2018-06-14T20:26:22","guid":{"rendered":"https:\/\/hostnetart.com.br\/baixada\/pauta-especifica-e-entregue-ao-banco-do-brasil\/"},"modified":"2018-06-14T17:26:22","modified_gmt":"2018-06-14T20:26:22","slug":"pauta-especifica-e-entregue-ao-banco-do-brasil","status":"publish","type":"post","link":"https:\/\/hostnetart.com.br\/baixada\/pauta-especifica-e-entregue-ao-banco-do-brasil\/","title":{"rendered":"Pauta espec\u00edfica \u00e9 entregue ao Banco do Brasil"},"content":{"rendered":"<div class=\"content\">\n<p>O Comando Nacional dos Banc\u00e1rios entregou na quarta-feira (13) a pauta espec\u00edfica dos funcion\u00e1rios do BB para a Campanha Nacional dos Banc\u00e1rios de 2018.<\/p>\n<p>Al\u00e9m da Minuta do Acordo Espec\u00edfico Aditivo (ACT) atualizada, foi entregue ao Banco documento contendo as Resolu\u00e7\u00f5es e Propostas aprovadas no 29\u00b0 Congresso Nacional dos Funcion\u00e1rios do BB, que aconteceu nos dias 7 e 8 de junho.<\/p>\n<p>A Comiss\u00e3o de Empresa dos Funcion\u00e1rios do Banco do Brasil (CEBB), juntamente com a Coordena\u00e7\u00e3o do Comando Nacional e representantes das Federa\u00e7\u00f5es e Sindicatos fez a entrega ao Diretor da Gest\u00e3o de Pessoas do banco, Caetano Minchillo, na Sede da Fenaban.<\/p>\n<p>(Veja a minuta e as Resolu\u00e7\u00f5es do Congresso)<\/p>\n<p>\u201cOs banc\u00e1rios de base tiveram ampla participa\u00e7\u00e3o no congresso dos funcion\u00e1rios. Eles foram a maioria dos delegados inscritos. Os debates foram bastante amplos e subsidiados pelos economistas do Dieese (Departamento Intersindical de Estat\u00edstica e Estudo Socioecon\u00f4micos), assessoria jur\u00eddica e executivos e conselheiros da Previ, Cassi e Economus\u201d, afirmou Wagner Nascimento, coordenador da CEBB. \u201cEsperamos uma campanha efetiva e que o banco atenda nossas reivindica\u00e7\u00f5es, constru\u00eddas e debatidas por banc\u00e1rias e banc\u00e1rios de todo o Brasil desde os encontros regionais at\u00e9 o Congresso Nacional dos Funcion\u00e1rios do BB\u201d, completou o coordenador da CEBB.<\/p>\n<\/div>\n<p id=\"page-author\"><strong>Fonte: Contraf-CUT<\/strong><\/p>\n","protected":false},"excerpt":{"rendered":"<p>O Comando Nacional dos Banc\u00e1rios entregou na quarta-feira (13) a pauta espec\u00edfica dos funcion\u00e1rios do BB para a Campanha Nacional dos Banc\u00e1rios de 2018. Al\u00e9m da Minuta do Acordo Espec\u00edfico Aditivo (ACT) atualizada, foi entregue ao Banco documento contendo as Resolu\u00e7\u00f5es e Propostas aprovadas no 29\u00b0 Congresso Nacional dos Funcion\u00e1rios do BB, que aconteceu nos [&hellip;]<\/p>\n","protected":false},"author":2,"featured_media":4575,"comment_status":"","ping_status":"","sticky":false,"template":"","format":"standard","meta":{"footnotes":""},"categories":[3],"tags":[],"class_list":["post-4576","post","type-post","status-publish","format-standard","has-post-thumbnail","hentry","category-noticias"],"_links":{"self":[{"href":"https:\/\/hostnetart.com.br\/baixada\/wp-json\/wp\/v2\/posts\/4576","targetHints":{"allow":["GET"]}}],"collection":[{"href":"https:\/\/hostnetart.com.br\/baixada\/wp-json\/wp\/v2\/posts"}],"about":[{"href":"https:\/\/hostnetart.com.br\/baixada\/wp-json\/wp\/v2\/types\/post"}],"author":[{"embeddable":true,"href":"https:\/\/hostnetart.com.br\/baixada\/wp-json\/wp\/v2\/users\/2"}],"replies":[{"embeddable":true,"href":"https:\/\/hostnetart.com.br\/baixada\/wp-json\/wp\/v2\/comments?post=4576"}],"version-history":[{"count":0,"href":"https:\/\/hostnetart.com.br\/baixada\/wp-json\/wp\/v2\/posts\/4576\/revisions"}],"wp:featuredmedia":[{"embeddable":true,"href":"https:\/\/hostnetart.com.br\/baixada\/wp-json\/wp\/v2\/media\/4575"}],"wp:attachment":[{"href":"https:\/\/hostnetart.com.br\/baixada\/wp-json\/wp\/v2\/media?parent=4576"}],"wp:term":[{"taxonomy":"category","embeddable":true,"href":"https:\/\/hostnetart.com.br\/baixada\/wp-json\/wp\/v2\/categories?post=4576"},{"taxonomy":"post_tag","embeddable":true,"href":"https:\/\/hostnetart.com.br\/baixada\/wp-json\/wp\/v2\/tags?post=4576"}],"curies":[{"name":"wp","href":"https:\/\/api.w.org\/{rel}","templated":true}]}}