{"id":4574,"date":"2018-06-14T14:36:41","date_gmt":"2018-06-14T17:36:41","guid":{"rendered":"https:\/\/hostnetart.com.br\/baixada\/agencias-de-checagem-fake-news-e-censura-se-encontram-na-guerra-politica\/"},"modified":"2018-06-14T14:36:41","modified_gmt":"2018-06-14T17:36:41","slug":"agencias-de-checagem-fake-news-e-censura-se-encontram-na-guerra-politica","status":"publish","type":"post","link":"https:\/\/hostnetart.com.br\/baixada\/agencias-de-checagem-fake-news-e-censura-se-encontram-na-guerra-politica\/","title":{"rendered":"Ag\u00eancias de checagem, &#8216;fake news&#8217; e censura se encontram na guerra pol\u00edtica"},"content":{"rendered":"<p>O epis\u00f3dio sobre o ter\u00e7o aben\u00e7oado pelo papa Francisco entregue a Lula na segunda-feira (11) levou a esfera jornal\u00edstica a questionar o alcance do poder das ag\u00eancias de checagem (<em>fact checking<\/em>). Ap\u00f3s o PT e a assessoria de imprensa do ex-presidente informarem que o presente teria vindo do pr\u00f3prio sumo pont\u00edfice, ag\u00eancias de checagem, como a Lupa e a Aos Fatos, cravaram o status de\u00a0<em>fake news<\/em>\u00a0para portais que noticiaram o fato.<\/p>\n<p>Acontece que a checagem foi realizada por meio de uma nota curta do\u00a0<em>Vatican News<\/em>, publicada em portugu\u00eas, que afirmava que o respons\u00e1vel por tentar entregar o presente, o advogado Juan Grabois, barrado pela Pol\u00edcia Federal, era um &#8220;ex-consultor&#8221; e que sua visita tinha &#8220;car\u00e1ter pessoal&#8221;. Entretanto, algumas horas depois da nota, e de as ag\u00eancias, de forma apressada, terem decidido que se tratava de\u00a0<em>fake news<\/em>, o portal do Vaticano apagou a nota e a corrigiu, informando que, de fato, Grabois \u00e9 consultor de um conselho papal e que a nota anterior trazia erros de tradu\u00e7\u00e3o.<\/p>\n<p>Diante da nova nota, as pr\u00f3prias ag\u00eancias de\u00a0<em>fact checking<\/em>\u00a0reescreveram suas an\u00e1lises sobre o tema. Entretanto, o estrago j\u00e1 havia sido concretizado. A m\u00eddia comercial conservadora divulgou ostensivamente que a not\u00edcia era &#8220;<em>fake news<\/em>&#8221; e as ag\u00eancias de checagem, ap\u00f3s o recuo do Vaticano, n\u00e3o divulgaram a vers\u00e3o correta. As ag\u00eancias citadas tamb\u00e9m advertiram o Facebook que os conte\u00fados eram falsos, j\u00e1 que tais grupos agora atuam como parceiros da rede social para barrar o que elas consideram como\u00a0<em>fake news<\/em>.<\/p>\n<p>O caso revelou a fragilidade desses grupos. Tendo nem sequer realizado o trabalho de apura\u00e7\u00e3o correto, tradicional do jornalismo profissional, as ag\u00eancias definiram censura sem realizar qualquer trabalho qualificado, baseando-se apenas em uma nota curta e imprecisa divulgada pelo Vatican News, que foi prontamente corrigida. O fato acabou por acarretar em um\u00a0<em>fake news<\/em>\u00a0de terceira m\u00e3o.<\/p>\n<h3>Imprecis\u00e3o<\/h3>\n<p>Primeiramente, os ve\u00edculos de not\u00edcias, baseados em manifesta\u00e7\u00f5es de assessorias do PT e do ex-presidente Lula, divulgaram uma informa\u00e7\u00e3o que, de fato, trazia tra\u00e7os de imprecis\u00e3o. A\u00a0<strong>RBA<\/strong>\u00a0foi uma que n\u00e3o caiu no equ\u00edvoco e, desde o in\u00edcio,\u00a0<a class=\"internal-link\" title=\"\" href=\"http:\/\/www.redebrasilatual.com.br\/politica\/2018\/06\/boulos-visita-vigilia-em-curitiba-e-critica-atuacao-seletiva-da-justica\" target=\"_blank\" rel=\"noopener noreferrer\">deixou claro no texto a origem das informa\u00e7\u00f5es<\/a>.<\/p>\n<p>Em um segundo momento, a ag\u00eancia de not\u00edcias do Vaticano questionou a veracidade da informa\u00e7\u00e3o em uma nota curta e com problemas. Prontamente, de forma veloz, as ag\u00eancias de\u00a0<em>fact checking<\/em>\u00a0se apressaram em taxar as not\u00edcias sobre o tema de\u00a0<em>fake news<\/em>. Por sua vez, a m\u00eddia empresarial divulgou amplamente a censura.<\/p>\n<p>No terceiro momento, a ag\u00eancia reviu suas afirma\u00e7\u00f5es, apontando problemas e reescrevendo a nota, tirando dela pontos pol\u00eamicos utilizados pela m\u00eddia como o que dizia que &#8220;ter\u00e7os como esse s\u00e3o levados, como o Santo Padre deseja, a tantos prisioneiros do mundo sem entrar no m\u00e9rito de realidades particulares&#8221;. Este ponto, para reafirmar, foi retirado da nota. As ag\u00eancias corrigiram suas an\u00e1lises, sem a mesma pressa de antes, mas o estrago da\u00a0<em>fake news<\/em>\u00a0de terceira via j\u00e1 estava feito. A imprensa comercial manteve a vers\u00e3o de que a hist\u00f3ria era inver\u00eddica, impactando definitivamente na vers\u00e3o apresentada inicialmente.<\/p>\n<h3>Vers\u00e3o dos jornalistas<\/h3>\n<p>A r<a class=\"external-link\" title=\"\" href=\"https:\/\/www.revistaforum.com.br\/blogdorovai\/2018\/06\/13\/o-rosario-do-papa-a-agencia-lupa-e-a-censura-2-0\/\" target=\"_blank\" rel=\"noopener noreferrer\">evista\u00a0<em>F\u00f3rum<\/em><\/a>\u00a0e o\u00a0<em><a class=\"external-link\" title=\"\" href=\"https:\/\/www.brasil247.com\/pt\/247\/midiatech\/358197\/O-recuo-do-Vaticano-e-o-'combate-a-fake-news'-na-guerra-pol%C3%ADtica-brasileira.htm\" target=\"_blank\" rel=\"noopener noreferrer\">Brasil 247<\/a><\/em>\u00a0foram dois ve\u00edculos apresentados como percursores da\u00a0<em>fake news<\/em>\u00a0em quest\u00e3o pelas ag\u00eancias de\u00a0<em>fact checking<\/em>. Entretanto, ap\u00f3s todo o imbr\u00f3glio apresentado neste texto, eles se manifestaram. A F\u00f3rum chegou a entrar em contato direto com as ag\u00eancias para tentar corrigir a situa\u00e7\u00e3o.<\/p>\n<p>&#8220;A F\u00f3rum reproduziu a reportagem e, se cometeu um equ\u00edvoco, foi o de n\u00e3o atribuir com mais clareza que a informa\u00e7\u00e3o baseava-se em nota da p\u00e1gina do ex-presidente. Quando soube da notifica\u00e7\u00e3o, imediatamente entrei em contato com o redator que assinava a nota da Ag\u00eancia Lupa, Leandro Resende, questionando-o, em primeiro lugar, por que citava a F\u00f3rum como site que espalhou not\u00edcia maliciosa sem nos procurar para ouvir nossa posi\u00e7\u00e3o&#8221;, afirma o jornalista, editor da\u00a0<em>F\u00f3rum<\/em>, Renato Rovai.<\/p>\n<p>O posicionamento de Rovai continua: &#8220;Ele n\u00e3o respondeu de forma clara este ponto que me parece o mais grave de todos para um trabalho de uma ag\u00eancia que se prop\u00f5e a checar fatos&#8221;, disse. O jornalista ainda afirma que, na inten\u00e7\u00e3o de apresentar a informa\u00e7\u00e3o da forma mais apurada poss\u00edvel, fez, ele mesmo, uma checagem mais completa e uma posterior reportagem. &#8220;Passei o link dessa mat\u00e9ria que fiz ao redator e insisti com ele que a abordagem da Lupa, nos atribuindo a produ\u00e7\u00e3o de\u00a0<em>fake news<\/em>, era um claro exagero e um atentado \u00e0 liberdade de imprensa.&#8221;<\/p>\n<p>Por sua vez, o\u00a0<em>Brasil 247<\/em>\u00a0tamb\u00e9m se posicionou, classificando a a\u00e7\u00e3o das ag\u00eancias como &#8220;arma na guerra pol\u00edtica&#8221;. &#8220;A posi\u00e7\u00e3o oficial do Vaticano neste momento pode ser resumida da seguinte forma: Grabois \u00e9 consultor do pont\u00edfice e veio ao Brasil com a miss\u00e3o de trazer a Lula um ter\u00e7o aben\u00e7oado e tamb\u00e9m as palavras do Santo Padre \u2013 o que evidencia car\u00e1ter institucional \u2013 e n\u00e3o meramente pessoal \u2013 de sua visita&#8221;, completa.<\/p>\n<h3>For\u00e7as ocultas<\/h3>\n<p>Outro detalhe apresentado por jornalistas da m\u00eddia alternativa \u00e9 que as ag\u00eancias de\u00a0<em>fact checking<\/em>possuem liga\u00e7\u00e3o direta com representantes da m\u00eddia empresarial. &#8220;A Lupa tem como investidora a Editora Alvinegra, que pertence a Jo\u00e3o Moreira Salles, um dos herdeiros do Ita\u00fa Unibanco, e \u00e9 parceira do Uol, da fam\u00edlia Frias, que edita a Folha de S.Paulo, jornal que, em editoriais, apoiou a deposi\u00e7\u00e3o da presidente Dilma Rousseff (PT) e a pris\u00e3o do ex-presidente Lula \u2013 dois processos amplamente questionados por intelectuais, acad\u00eamicos e juristas do Brasil e do mundo&#8221;, disse o 247.<\/p>\n<p><strong>Veja a carta de Grabois sobre o n\u00e3o encontro com Lula<\/strong><\/p>\n<p><strong><img decoding=\"async\" class=\"image-inline lazyloaded\" title=\"carta grabois.jpg\" src=\"http:\/\/www.redebrasilatual.com.br\/politica\/2018\/06\/agencias-de-checagem-o-fake-news-e-a-censura-se-encontram-na-guerra-politica\/carta-grabois.jpg\" alt=\"carta grabois.jpg\" data-src=\"http:\/\/www.redebrasilatual.com.br\/politica\/2018\/06\/agencias-de-checagem-o-fake-news-e-a-censura-se-encontram-na-guerra-politica\/carta-grabois.jpg\" \/><\/strong><\/p>\n<p><img decoding=\"async\" class=\"image-inline lazyloaded\" title=\"fake lula2.jpg\" src=\"http:\/\/www.redebrasilatual.com.br\/politica\/2018\/06\/agencias-de-checagem-o-fake-news-e-a-censura-se-encontram-na-guerra-politica\/fake-lula2.jpg\" alt=\"fake lula2.jpg\" data-src=\"http:\/\/www.redebrasilatual.com.br\/politica\/2018\/06\/agencias-de-checagem-o-fake-news-e-a-censura-se-encontram-na-guerra-politica\/fake-lula2.jpg\" \/><\/p>\n<p><strong>FONTE: Rede Brasil Atual<\/strong><\/p>\n","protected":false},"excerpt":{"rendered":"<p>O epis\u00f3dio sobre o ter\u00e7o aben\u00e7oado pelo papa Francisco entregue a Lula na segunda-feira (11) levou a esfera jornal\u00edstica a questionar o alcance do poder das ag\u00eancias de checagem (fact checking). Ap\u00f3s o PT e a assessoria de imprensa do ex-presidente informarem que o presente teria vindo do pr\u00f3prio sumo pont\u00edfice, ag\u00eancias de checagem, como [&hellip;]<\/p>\n","protected":false},"author":2,"featured_media":4573,"comment_status":"","ping_status":"","sticky":false,"template":"","format":"standard","meta":{"footnotes":""},"categories":[3],"tags":[],"class_list":["post-4574","post","type-post","status-publish","format-standard","has-post-thumbnail","hentry","category-noticias"],"_links":{"self":[{"href":"https:\/\/hostnetart.com.br\/baixada\/wp-json\/wp\/v2\/posts\/4574","targetHints":{"allow":["GET"]}}],"collection":[{"href":"https:\/\/hostnetart.com.br\/baixada\/wp-json\/wp\/v2\/posts"}],"about":[{"href":"https:\/\/hostnetart.com.br\/baixada\/wp-json\/wp\/v2\/types\/post"}],"author":[{"embeddable":true,"href":"https:\/\/hostnetart.com.br\/baixada\/wp-json\/wp\/v2\/users\/2"}],"replies":[{"embeddable":true,"href":"https:\/\/hostnetart.com.br\/baixada\/wp-json\/wp\/v2\/comments?post=4574"}],"version-history":[{"count":0,"href":"https:\/\/hostnetart.com.br\/baixada\/wp-json\/wp\/v2\/posts\/4574\/revisions"}],"wp:featuredmedia":[{"embeddable":true,"href":"https:\/\/hostnetart.com.br\/baixada\/wp-json\/wp\/v2\/media\/4573"}],"wp:attachment":[{"href":"https:\/\/hostnetart.com.br\/baixada\/wp-json\/wp\/v2\/media?parent=4574"}],"wp:term":[{"taxonomy":"category","embeddable":true,"href":"https:\/\/hostnetart.com.br\/baixada\/wp-json\/wp\/v2\/categories?post=4574"},{"taxonomy":"post_tag","embeddable":true,"href":"https:\/\/hostnetart.com.br\/baixada\/wp-json\/wp\/v2\/tags?post=4574"}],"curies":[{"name":"wp","href":"https:\/\/api.w.org\/{rel}","templated":true}]}}