{"id":4572,"date":"2018-06-14T14:31:47","date_gmt":"2018-06-14T17:31:47","guid":{"rendered":"https:\/\/hostnetart.com.br\/baixada\/copa-do-mundo-comeca-hoje-selecao-que-busca-o-hexa-esta-entre-as-favoritas\/"},"modified":"2018-06-14T14:31:47","modified_gmt":"2018-06-14T17:31:47","slug":"copa-do-mundo-comeca-hoje-selecao-que-busca-o-hexa-esta-entre-as-favoritas","status":"publish","type":"post","link":"https:\/\/hostnetart.com.br\/baixada\/copa-do-mundo-comeca-hoje-selecao-que-busca-o-hexa-esta-entre-as-favoritas\/","title":{"rendered":"Copa do Mundo come\u00e7a hoje! Sele\u00e7\u00e3o, que busca o hexa, est\u00e1 entre as favoritas"},"content":{"rendered":"<p>A\u00a0<strong>Copa do Mundo da R\u00fassia<\/strong>\u00a0come\u00e7a nesta quinta-feira (14), a partir das 11h, com a\u00a0<strong>cerim\u00f4nia de abertura<\/strong>\u00a0no\u00a0Est\u00e1dio Luzhniki, em Moscou, que tamb\u00e9m ser\u00e1 palco da estreia da sele\u00e7\u00e3o\u00a0<a class=\"internal-link\" title=\"\" href=\"http:\/\/www.redebrasilatual.com.br\/copa-2018\/copa-do-mundo-de-2026-sera-sede-tripla-eua-canada-e-mexico\" target=\"_blank\" rel=\"noopener noreferrer\">anfitri\u00e3<\/a>, a R\u00fassia, contra a Ar\u00e1bia Saudita, \u00e0s 12h.<\/p>\n<p>Nesta edi\u00e7\u00e3o, as sele\u00e7\u00f5es de\u00a0<a class=\"internal-link\" title=\"\" href=\"http:\/\/www.redebrasilatual.com.br\/copa-2018\/associada-ao-golpe-amarelinha-da-selecao-e-esquecida-pelos-torcedores\" target=\"_blank\" rel=\"noopener noreferrer\">Brasil<\/a>, a atual campe\u00e3 Alemanha, e Fran\u00e7a s\u00e3o as principais favoritas ao t\u00edtulo, com Argentina, B\u00e9lgica e a Espanha correndo por fora.\u00a0<\/p>\n<p>O\u00a0<strong>Brasil<\/strong>\u00a0entra na competi\u00e7\u00e3o tendo como miss\u00e3o a\u00a0<a class=\"internal-link\" title=\"\" href=\"http:\/\/www.redebrasilatual.com.br\/revistas\/02\/brasil-copa-2006-caidos-sem-show\" target=\"_blank\" rel=\"noopener noreferrer\">conquista do hexacampeonato<\/a>, al\u00e9m de\u00a0apagar a lembran\u00e7a do 7 a 1 sofrido contra a Alemanha, na semifinal do Mundial de 2014.\u00a0Liderada pelo craque Neymar, na primeira fase da competi\u00e7\u00e3o a Sele\u00e7\u00e3o enfrentar\u00e1 Su\u00ed\u00e7a, Costa Rica e S\u00e9rvia, pelo\u00a0grupo E.<\/p>\n<p>A equipe canarinha recuperou o bom futebol ap\u00f3s o t\u00e9cnico Tite assumir o comando, sucedendo Dunga. Ap\u00f3s as boas vit\u00f3rias nos \u00faltimos amistosos antes do Mundial \u2013 contraCro\u00e1cia e \u00c1ustria \u2013, o time mostrou consist\u00eancia defensiva e\u00a0 alternativas no ataque.\u00a0Al\u00e9m disso, a chamada &#8220;Neymar-depend\u00eancia&#8221; \u00e9 menor com o apoio de jogadores como Marcelo, Philippe Coutinho, Wilian e Gabriel Jesus.<\/p>\n<p>Campe\u00e3 em 2014, no Brasil, a\u00a0<strong>Alemanha\u00a0<\/strong>\u00e9\u00a0candidata ao bicampeonato consecutivo. Na primeira fase, os alem\u00e3es ter\u00e3o pela frente M\u00e9xico, Su\u00e9cia e Cor\u00e9ia do Sul, pelo grupo F.<\/p>\n<p>Com op\u00e7\u00f5es de qualidade no elenco, o t\u00e9cnico Joachim L\u00f6w levou grande parte do elenco que conquistou o tetracampeonato. Ele ainda p\u00f4de deixar\u00a0de fora da lista de convocados\u00a0o meia\u00a0Mario G\u00f6tze, autor do gol do t\u00edtulo na \u00faltima final, e a revela\u00e7\u00e3o Leroy San\u00e9, destaque do Manchester City.<\/p>\n<p>As atua\u00e7\u00f5es pouco convincentes nos \u00faltimos amistosos n\u00e3o enganam, j\u00e1 que o atual time alem\u00e3o tem a fama de esconder seu jogo. No ano passado, a equipe conquistou o t\u00edtulo da Copa das Confedera\u00e7\u00f5es com uma equipe &#8220;alternativa&#8221;, com jovens atletas e outros que n\u00e3o costumavam constar nas convoca\u00e7\u00f5es oficiais.<\/p>\n<p>J\u00e1 a\u00a0<strong>Fran\u00e7a\u00a0<\/strong>aposta na sua juventude. Vice-campe\u00e3 na Eurocopa de 2016, contra Portugal. Pelo grupo C, a equipe francesa enfrenta Austr\u00e1lia, Peru e Dinamarca.<\/p>\n<p>Mesmo com grandes talentos como\u00a0Paul Pogba, Ousmane Demb\u00e9l\u00e9, Kylian Mbapp\u00e9 e Antoine Griezmann \u00e9 no jogo coletivo que o time ainda peca, oscilando muito nas m\u00e3os do\u00a0t\u00e9cnico Didier Deschamps.\u00a0A lista de convocados ainda deixou grandes jogadores de fora como Lacazette, Rabiot, Martial e Payet.<\/p>\n<h3>Correndo por fora<\/h3>\n<p>Sem o mesmo status das outras tr\u00eas favoritas, Argentina, B\u00e9lgica e Espanha tamb\u00e9m podem alcan\u00e7ar o almejado trof\u00e9u de campe\u00e3o do mundo.\u00a0<\/p>\n<p>Os &#8216;hermanos&#8217; sofreram para garantir a classifica\u00e7\u00e3o \u00e0 edi\u00e7\u00e3o deste ano. O time depende quase por completo do talento de\u00a0<strong>Lionel Mess<\/strong>i para que possa sonhar com o tricampeonato. Apesar de ter bons nomes, a atual gera\u00e7\u00e3o n\u00e3o venceu nenhuma competi\u00e7\u00e3o importante, esbarrando em vice-campeonatos:\u00a0Copa do Mundo, em 2014, e Copas Am\u00e9rica de 2007, 2015 e 2016.\u00a0Os argentinos enfrentar\u00e3o Isl\u00e2ndia, Cro\u00e1cia e Nig\u00e9ria, pelo grupo D.<\/p>\n<p>At\u00e9 quarta (13), a sele\u00e7\u00e3o da Espanha era considerada uma das grandes favoritas ao t\u00edtulo. Por\u00e9m, nas v\u00e9speras do torneio, a\u00a0Federa\u00e7\u00e3o Espanhola de Futebol decidiu demitir o t\u00e9cnico\u00a0<strong>Julen Lopetegui<\/strong>, por ter se sentido desrespeitada com a divulga\u00e7\u00e3o, pelo Real Madri, de que iria assumir o comando do time ap\u00f3s o Mundial. Dif\u00edcil prever o comportamento dos atletas diante do epis\u00f3dio, pouco usual em Copas. Eles jogar\u00e3o contra Portugal, Ir\u00e3 e Marrocos.<\/p>\n<p>J\u00e1 a B\u00e9lgica conta com \u00f3timos jogadores para cumprir o desafio de corresponder \u00e0s expectativas dos \u00faltimos anos. Ap\u00f3s uma campanha invicta nas eliminat\u00f3rias e bons desempenhos nos amistosos, a equipe quer provar que pode vencer sele\u00e7\u00f5es mais fortes e chegar a um t\u00edtulo in\u00e9dito.<\/p>\n<p>Guiada por\u00a0EdenHazard,\u00a0Romelu Lukaku e\u00a0Kevin De Bruyne, os Diabos Vermelhos jogar\u00e3o contra Panam\u00e1, Tun\u00edsia e Inglaterra, pelo grupo G.<\/p>\n<p>\u00a0<\/p>\n<p><strong>FONTE: Rede Brasil Atual<\/strong><\/p>\n","protected":false},"excerpt":{"rendered":"<p>A\u00a0Copa do Mundo da R\u00fassia\u00a0come\u00e7a nesta quinta-feira (14), a partir das 11h, com a\u00a0cerim\u00f4nia de abertura\u00a0no\u00a0Est\u00e1dio Luzhniki, em Moscou, que tamb\u00e9m ser\u00e1 palco da estreia da sele\u00e7\u00e3o\u00a0anfitri\u00e3, a R\u00fassia, contra a Ar\u00e1bia Saudita, \u00e0s 12h. Nesta edi\u00e7\u00e3o, as sele\u00e7\u00f5es de\u00a0Brasil, a atual campe\u00e3 Alemanha, e Fran\u00e7a s\u00e3o as principais favoritas ao t\u00edtulo, com Argentina, B\u00e9lgica [&hellip;]<\/p>\n","protected":false},"author":2,"featured_media":4571,"comment_status":"","ping_status":"","sticky":false,"template":"","format":"standard","meta":{"footnotes":""},"categories":[3],"tags":[],"class_list":["post-4572","post","type-post","status-publish","format-standard","has-post-thumbnail","hentry","category-noticias"],"_links":{"self":[{"href":"https:\/\/hostnetart.com.br\/baixada\/wp-json\/wp\/v2\/posts\/4572","targetHints":{"allow":["GET"]}}],"collection":[{"href":"https:\/\/hostnetart.com.br\/baixada\/wp-json\/wp\/v2\/posts"}],"about":[{"href":"https:\/\/hostnetart.com.br\/baixada\/wp-json\/wp\/v2\/types\/post"}],"author":[{"embeddable":true,"href":"https:\/\/hostnetart.com.br\/baixada\/wp-json\/wp\/v2\/users\/2"}],"replies":[{"embeddable":true,"href":"https:\/\/hostnetart.com.br\/baixada\/wp-json\/wp\/v2\/comments?post=4572"}],"version-history":[{"count":0,"href":"https:\/\/hostnetart.com.br\/baixada\/wp-json\/wp\/v2\/posts\/4572\/revisions"}],"wp:featuredmedia":[{"embeddable":true,"href":"https:\/\/hostnetart.com.br\/baixada\/wp-json\/wp\/v2\/media\/4571"}],"wp:attachment":[{"href":"https:\/\/hostnetart.com.br\/baixada\/wp-json\/wp\/v2\/media?parent=4572"}],"wp:term":[{"taxonomy":"category","embeddable":true,"href":"https:\/\/hostnetart.com.br\/baixada\/wp-json\/wp\/v2\/categories?post=4572"},{"taxonomy":"post_tag","embeddable":true,"href":"https:\/\/hostnetart.com.br\/baixada\/wp-json\/wp\/v2\/tags?post=4572"}],"curies":[{"name":"wp","href":"https:\/\/api.w.org\/{rel}","templated":true}]}}