{"id":4570,"date":"2018-06-14T14:29:58","date_gmt":"2018-06-14T17:29:58","guid":{"rendered":"https:\/\/hostnetart.com.br\/baixada\/comando-nacional-dos-bancarios-entrega-pauta-aos-bancos-e-cobra-ultratividade\/"},"modified":"2018-06-14T14:29:58","modified_gmt":"2018-06-14T17:29:58","slug":"comando-nacional-dos-bancarios-entrega-pauta-aos-bancos-e-cobra-ultratividade","status":"publish","type":"post","link":"https:\/\/hostnetart.com.br\/baixada\/comando-nacional-dos-bancarios-entrega-pauta-aos-bancos-e-cobra-ultratividade\/","title":{"rendered":"Comando Nacional dos Banc\u00e1rios entrega pauta aos bancos e cobra ultratividade"},"content":{"rendered":"<div class=\"content\">\n<p>Aumento real, PLR maior, defesa da Conven\u00e7\u00e3o Coletiva de Trabalho (CCT) para todos, manuten\u00e7\u00e3o dos direitos, dos empregos e que qualquer tipo de altera\u00e7\u00e3o na forma de contrata\u00e7\u00e3o seja feita via negocia\u00e7\u00e3o coletiva. Essas s\u00e3o algumas da prioridades dos banc\u00e1rios, indicadas na pauta de reivindica\u00e7\u00f5es entregue pelo Comando Nacional da categoria \u00e0 Federa\u00e7\u00e3o Nacional dos Bancos (Fenaban) na quarta-feira (13). Tamb\u00e9m foram entregues as pautas dos acordos aditivos da\u00a0<a href=\"http:\/\/www.contrafcut.org.br\/noticias\/conecef-aprova-pauta-de-reivindicacoes-dos-empregados-da-caixa-6762\">Caixa Econ\u00f4mica Federal<\/a>\u00a0e do\u00a0<a href=\"http:\/\/www.contrafcut.org.br\/noticias\/debate-em-defesa-das-entidades-do-funcionalismo-encerra-o-29-cnfbb-e4c6\">Banco do Brasil<\/a>.<\/p>\n<p>Clique\u00a0<a href=\"http:\/\/www.contrafcut.org.br\/fotos\/entrega-da-minuta-de-reivindicacao-da-campanha-nacional-2018-a-fenaban-4650\">aqui<\/a>\u00a0e veja a galeira de fotos da entrega.<\/p>\n<p>Os trabalhadores cobram, ainda, o fim do ass\u00e9dio moral e fazem a defesa intransigente dos bancos p\u00fablicos e da sua fun\u00e7\u00e3o social para o desenvolvimento do Brasil. A primeira rodada de negocia\u00e7\u00e3o da Campanha Nacional Unificada 2018 foi marcada para 28 de junho.<\/p>\n<p><a class=\"has-subtitle img\" title=\"\" href=\"http:\/\/admin.contrafcut.com.br\/system\/uploads\/ck\/images\/WhatsApp%20Image%202018-06-13%20at%2015_31_12.jpeg\" data-lightbox=\"lightbox\" data-title=\"\"><img decoding=\"async\" src=\"http:\/\/www.contrafcut.org.br\/images\/_33c7722327c8b976ee0e812d24c0fdab.jpeg\" alt=\"\" \/><\/a>Em 2016, ap\u00f3s 31 dias de greve, banc\u00e1rios de institui\u00e7\u00f5es financeiras p\u00fablicas e privadas de todo o Brasil conquistaram um acordo de dois anos, vigente at\u00e9 31 de agosto deste ano. Assim, essa \u00e9 a primeira campanha da categoria ap\u00f3s o golpe que colocou na Presid\u00eancia da Rep\u00fablica um governo que tem retirado direitos dos trabalhadores e de toda a sociedade. \u201cAntecipamos toda a prepara\u00e7\u00e3o da campanha para que a categoria n\u00e3o tenha nenhum preju\u00edzo, diante da mudan\u00e7a na lei trabalhista, do nosso ponto de vista bastante ruim para os trabalhadores\u201d, afirmou a presidenta da Contraf-CUT, Juvandia Moreira.<\/p>\n<p>Diante disso, a\u00a0<a href=\"http:\/\/www.contrafcut.org.br\/noticias\/bancarios-abrem-campanha-nacional-por-direitos-empregos-e-pelo-brasil-8f1f\">Confer\u00eancia Nacional da categoria,<\/a>\u00a0realizada entre os dias 8 e 10 de junho, definiu cobrar dos bancos a assinatura de um pr\u00e9-acordo de ultratividade, para que todos os direitos previstos na CCT continuem valendo at\u00e9 a assinatura de um novo acordo. \u201cQueremos garantir que tenhamos um processo negocial tranquilo\u201d, ressaltou Juvandia, uma das coordenadoras do Comando.<\/p>\n<p>\u201cA defesa do emprego, dos sal\u00e1rios e dos direitos dos trabalhadores \u00e9 fun\u00e7\u00e3o intr\u00ednseca do papel dos sindicatos, mas nesse momento ainda mais. Foi bastante importante fechar aquele acordo de dois anos, mas de l\u00e1 para c\u00e1 foram fechados cerca de 40 mil postos de trabalho nos bancos. O Brasil est\u00e1 vivendo uma fase preocupante. O pa\u00eds n\u00e3o cresce, mas o sistema financeiro tem lucros crescentes. Foram quase 34% nos lucros no ano passado, mais de 20% no primeiro trimestre deste ano. E isso s\u00f3 dos bancos representados nessa mesa (BB, Caixa, Ita\u00fa, Bradesco e Santander).\u201d<\/p>\n<p><strong>Valoriza\u00e7\u00e3o da CCT<\/strong>\u00a0\u2013 Juvandia destacou ainda a import\u00e2ncia da organiza\u00e7\u00e3o da categoria banc\u00e1ria. \u201cNa greve dos caminhoneiros vimos o caos que foi n\u00e3o ter quem fizesse essa representa\u00e7\u00e3o, que falasse pela maioria. E isso tudo porque t\u00eam uma forma de contrata\u00e7\u00e3o de aut\u00f4nomos. Mais uma mostra da import\u00e2ncia de lutarmos para que nossa categoria tenha emprego de qualidade, n\u00e3o como PJ, terceirizado, aut\u00f4nomo\u201d, afirmou a presidenta da Contraf-CUT.<\/p>\n<p>\u201cJ\u00e1 assinamos 26 CCTs e esperamos que assinemos muitas mais. E que essa mesa tenha a sabedoria de fazer a renova\u00e7\u00e3o desse acordo via negocia\u00e7\u00e3o. Este momento nos preocupa porque entendemos que a nossa democracia est\u00e1 fragilizada e isso \u00e9 muito ruim principalmente para os trabalhadores\u201d, finalizou a dirigente.<\/p>\n<p>\u201cQueremos este ano assinar nossa 27 CCT\u201d, refor\u00e7ou a presidenta do Sindicato dos Banc\u00e1rios de S\u00e3o Paulo, Osasco e Regi\u00e3o, Ivone Silva, tamb\u00e9m coordenadora do Comando. \u201cSabemos que nossa mesa de negocia\u00e7\u00e3o nunca foi f\u00e1cil, mas chegamos sempre a um acordo. Somos a \u00fanica categoria que assina uma CCT nacional para todos os trabalhadores e todas as empresas ao mesmo tempo. Temos uma organiza\u00e7\u00e3o nacional, junto com voc\u00eas, que permite fazer toda essa negocia\u00e7\u00e3o numa \u00fanica mesa e isso \u00e9 muito importante\u201d, salientou.<\/p>\n<p>\u201cQueremos assinar um acordo coletivo que valha pra todo mundo, independente do salario. Discutimos muito na nossa confer\u00eancia, tamb\u00e9m, a import\u00e2ncia de manter a mesa \u00fanica, com bancos p\u00fablicos e privados. Assim, valorizamos nossa negocia\u00e7\u00e3o na qual sempre conseguimos chegar a assinatura da CCT. E isso queremos: garantir todos os direitos para todos. E colocando na sociedade os bilh\u00f5es de reais que ajudam a movimentar a economia nacional, via aumento real, PLR maior\u201d, completou Ivone Silva.<\/p>\n<p>Para o presidente da Fenaban, Murilo Portugal,\u00a0 a CCT dos banc\u00e1rios \u00e9 um marco para o Brasil e toda a Am\u00e9rica Latina. \u201cConcordo com voc\u00eas. Temos um processo de negocia\u00e7\u00e3o nacional unificada muito amplo. \u00c9 um processo complexo. E, infelizmente, as coisas que s\u00e3o dif\u00edceis de montar s\u00e3o f\u00e1ceis de destruir. As regras s\u00e3o as mesmas para o Brasil e acho que isso \u00e9 uma contribui\u00e7\u00e3o importante que o setor d\u00e1 para reduzir a desigualdade que \u00e9 t\u00e3o grande no nosso Brasil, como disse a Ivone.\u201d<\/p>\n<p><strong>Bancos e sociedade<\/strong>\u00a0\u2013 Com o mote Todos por Tudo, os banc\u00e1rios definiram, ainda, a import\u00e2ncia que as elei\u00e7\u00f5es 2018 ter\u00e3o n a recupera\u00e7\u00e3o da democracia e dos direitos dos trabalhadores. \u201cNossa pauta n\u00e3o \u00e9 s\u00f3 corporativa. Queremos bancos melhores e o fortalecimento das empresas p\u00fablicas pelo desenvolvimento do Brasil. Precisamos eleger candidatos que se comprometam com a revoga\u00e7\u00e3o da \u2018reforma\u2019 trabalhista, com o direito \u00e0 aposentadoria, com o fim da PEC da Morte, com a defesa dos bancos p\u00fablicos e outras estatais como a Eletrobras e Petrobras\u201d, ressaltou Juvandia.<\/p>\n<p>E os banc\u00e1rios concordam: pesquisa realizada pela Contraf-CUT junto a mais de 35 mil empregados de bancos p\u00fablicos e privados em todo o Brasil apontou que 73% dos banc\u00e1rios avaliam como p\u00e9ssima a reforma trabalhista (lei 13.467\/2017) e 79% responderam que n\u00e3o votar\u00e3o nos deputados e senadores que aprovaram a nova lei.<\/p>\n<p>De acordo com essa consulta, 60% dos banc\u00e1rios est\u00e3o dispostos a aderir a uma eventual paralisa\u00e7\u00e3o, caso as negocia\u00e7\u00f5es n\u00e3o avancem.<\/p>\n<p>\u00a0<\/p>\n<\/div>\n<p id=\"page-author\"><span style=\"text-decoration: underline;\"><em><strong>Fonte: Contraf-CUT<\/strong><\/em><\/span><\/p>\n","protected":false},"excerpt":{"rendered":"<p>Aumento real, PLR maior, defesa da Conven\u00e7\u00e3o Coletiva de Trabalho (CCT) para todos, manuten\u00e7\u00e3o dos direitos, dos empregos e que qualquer tipo de altera\u00e7\u00e3o na forma de contrata\u00e7\u00e3o seja feita via negocia\u00e7\u00e3o coletiva. Essas s\u00e3o algumas da prioridades dos banc\u00e1rios, indicadas na pauta de reivindica\u00e7\u00f5es entregue pelo Comando Nacional da categoria \u00e0 Federa\u00e7\u00e3o Nacional dos [&hellip;]<\/p>\n","protected":false},"author":2,"featured_media":4569,"comment_status":"","ping_status":"","sticky":false,"template":"","format":"standard","meta":{"footnotes":""},"categories":[3],"tags":[],"class_list":["post-4570","post","type-post","status-publish","format-standard","has-post-thumbnail","hentry","category-noticias"],"_links":{"self":[{"href":"https:\/\/hostnetart.com.br\/baixada\/wp-json\/wp\/v2\/posts\/4570","targetHints":{"allow":["GET"]}}],"collection":[{"href":"https:\/\/hostnetart.com.br\/baixada\/wp-json\/wp\/v2\/posts"}],"about":[{"href":"https:\/\/hostnetart.com.br\/baixada\/wp-json\/wp\/v2\/types\/post"}],"author":[{"embeddable":true,"href":"https:\/\/hostnetart.com.br\/baixada\/wp-json\/wp\/v2\/users\/2"}],"replies":[{"embeddable":true,"href":"https:\/\/hostnetart.com.br\/baixada\/wp-json\/wp\/v2\/comments?post=4570"}],"version-history":[{"count":0,"href":"https:\/\/hostnetart.com.br\/baixada\/wp-json\/wp\/v2\/posts\/4570\/revisions"}],"wp:featuredmedia":[{"embeddable":true,"href":"https:\/\/hostnetart.com.br\/baixada\/wp-json\/wp\/v2\/media\/4569"}],"wp:attachment":[{"href":"https:\/\/hostnetart.com.br\/baixada\/wp-json\/wp\/v2\/media?parent=4570"}],"wp:term":[{"taxonomy":"category","embeddable":true,"href":"https:\/\/hostnetart.com.br\/baixada\/wp-json\/wp\/v2\/categories?post=4570"},{"taxonomy":"post_tag","embeddable":true,"href":"https:\/\/hostnetart.com.br\/baixada\/wp-json\/wp\/v2\/tags?post=4570"}],"curies":[{"name":"wp","href":"https:\/\/api.w.org\/{rel}","templated":true}]}}