{"id":4568,"date":"2018-06-14T14:28:39","date_gmt":"2018-06-14T17:28:39","guid":{"rendered":"https:\/\/hostnetart.com.br\/baixada\/bancarios-cobram-reabertura-de-agencias-fechadas-apos-ataques\/"},"modified":"2018-06-14T14:28:39","modified_gmt":"2018-06-14T17:28:39","slug":"bancarios-cobram-reabertura-de-agencias-fechadas-apos-ataques","status":"publish","type":"post","link":"https:\/\/hostnetart.com.br\/baixada\/bancarios-cobram-reabertura-de-agencias-fechadas-apos-ataques\/","title":{"rendered":"Banc\u00e1rios cobram reabertura de ag\u00eancias fechadas ap\u00f3s ataques"},"content":{"rendered":"<div class=\"content\">\n<p>Os banc\u00e1rios cobraram a reabertura de\u00a0ag\u00eancias fechadas ap\u00f3s ataques na primeira reuni\u00e3o da Comiss\u00e3o Bipartite de Seguran\u00e7a Banc\u00e1ria do ano, realizada na ter\u00e7a-feira (12), na sede da Federa\u00e7\u00e3o Nacional dos Bancos (Fenaban).<\/p>\n<p>\u201cMuitas ag\u00eancias, principalmente, as do interior, ap\u00f3s a explos\u00e3o por bandidos, n\u00e3o s\u00e3o mais reabertas pelos bancos. Um verdadeiro absurdo, pois acaba deixando a popula\u00e7\u00e3o desasistida de servi\u00e7os banc\u00e1rios\u201d, explicou Elias Jord\u00e3o, coordenador do Coletivo Nacional de Seguran\u00e7a da Contraf-CUT.<\/p>\n<p>O represenante da Fenaban afirmou em mesa que h\u00e1 muitas demandas judiciais sobre seguran\u00e7a banc\u00e1ria iniciadas pelos sindicatos, o que impossibilita a viabilidade da mesa de seguran\u00e7a. A afirma\u00e7\u00e3o foi imediatamente questionada pelo secret\u00e1rio-geral da Contraf-CUT, Gustavo Tabatinga Jr.. \u201cA Fenaban foge do debate de seguran\u00e7a banc\u00e1ria estabelencendo diversos impasses na negocia\u00e7\u00e3o. O tempo n\u00e3o bate palmas para ningu\u00e9m. A vida dos banc\u00e1rios e das pessoas n\u00e3o podem esperar mais at\u00e9 que os banqueiros implementem os itens de seguran\u00e7a nas ag\u00eancias. A seguran\u00e7a banc\u00e1ria \u00e9 urgente.\u201d<\/p>\n<p>A Contraf-CUT prop\u00f4s a assinatura de um of\u00edcio conjunto para o presidente do Senado favor\u00e1vel a aprova\u00e7\u00e3o do PL do Estatudo de seguran\u00e7a privada, como solu\u00e7\u00e3o ao tema trazido pela Fenaban, que mais uma vez faltou com o compromisso com a vida das pessoas.<\/p>\n<p>Durante o encontro, o movimento sindical tamb\u00e9m deu continuidade \u00e0s negocia\u00e7\u00f5es sobre as altera\u00e7\u00f5es dos itens do artigo 33 e do 31 da Conven\u00e7\u00e3o Coletiva de Trabalho (CCT), que visam ampliar os direitos dos banc\u00e1rios v\u00edtimas de extors\u00e3o mediante sequestro. As altera\u00e7\u00f5es reivindicadas pelos representantes dos banc\u00e1rios exaltam a necessidade da inclus\u00e3o do crime tamb\u00e9m nos itens A, B e D do artigo 33 e do 31 da CCT.<\/p>\n<p>Jod\u00e3o reiterou \u00e0 Fenaban a import\u00e2ncia da mesa tem\u00e1tica, por tratar justamente do bem mais valioso que temos, que \u00e9 a vida dos banc\u00e1rios e clientes. \u201cPor conta disso, cobramos tamb\u00e9m que os balan\u00e7os dos bancos n\u00e3o privilegiem apenas altas despesas em Marketing e em Tecnologia, mas que passem tamb\u00e9m a investir mais em Seguran\u00e7a.\u201d<\/p>\n<\/div>\n<p id=\"page-author\"><strong>Fonte: Contraf-CUT<\/strong><\/p>\n","protected":false},"excerpt":{"rendered":"<p>Os banc\u00e1rios cobraram a reabertura de\u00a0ag\u00eancias fechadas ap\u00f3s ataques na primeira reuni\u00e3o da Comiss\u00e3o Bipartite de Seguran\u00e7a Banc\u00e1ria do ano, realizada na ter\u00e7a-feira (12), na sede da Federa\u00e7\u00e3o Nacional dos Bancos (Fenaban). \u201cMuitas ag\u00eancias, principalmente, as do interior, ap\u00f3s a explos\u00e3o por bandidos, n\u00e3o s\u00e3o mais reabertas pelos bancos. Um verdadeiro absurdo, pois acaba deixando [&hellip;]<\/p>\n","protected":false},"author":2,"featured_media":4567,"comment_status":"","ping_status":"","sticky":false,"template":"","format":"standard","meta":{"footnotes":""},"categories":[3],"tags":[],"class_list":["post-4568","post","type-post","status-publish","format-standard","has-post-thumbnail","hentry","category-noticias"],"_links":{"self":[{"href":"https:\/\/hostnetart.com.br\/baixada\/wp-json\/wp\/v2\/posts\/4568","targetHints":{"allow":["GET"]}}],"collection":[{"href":"https:\/\/hostnetart.com.br\/baixada\/wp-json\/wp\/v2\/posts"}],"about":[{"href":"https:\/\/hostnetart.com.br\/baixada\/wp-json\/wp\/v2\/types\/post"}],"author":[{"embeddable":true,"href":"https:\/\/hostnetart.com.br\/baixada\/wp-json\/wp\/v2\/users\/2"}],"replies":[{"embeddable":true,"href":"https:\/\/hostnetart.com.br\/baixada\/wp-json\/wp\/v2\/comments?post=4568"}],"version-history":[{"count":0,"href":"https:\/\/hostnetart.com.br\/baixada\/wp-json\/wp\/v2\/posts\/4568\/revisions"}],"wp:featuredmedia":[{"embeddable":true,"href":"https:\/\/hostnetart.com.br\/baixada\/wp-json\/wp\/v2\/media\/4567"}],"wp:attachment":[{"href":"https:\/\/hostnetart.com.br\/baixada\/wp-json\/wp\/v2\/media?parent=4568"}],"wp:term":[{"taxonomy":"category","embeddable":true,"href":"https:\/\/hostnetart.com.br\/baixada\/wp-json\/wp\/v2\/categories?post=4568"},{"taxonomy":"post_tag","embeddable":true,"href":"https:\/\/hostnetart.com.br\/baixada\/wp-json\/wp\/v2\/tags?post=4568"}],"curies":[{"name":"wp","href":"https:\/\/api.w.org\/{rel}","templated":true}]}}