{"id":4566,"date":"2018-06-14T14:26:44","date_gmt":"2018-06-14T17:26:44","guid":{"rendered":"https:\/\/hostnetart.com.br\/baixada\/bancarios-lancam-campanha-nacional-2018\/"},"modified":"2018-06-14T14:26:44","modified_gmt":"2018-06-14T17:26:44","slug":"bancarios-lancam-campanha-nacional-2018","status":"publish","type":"post","link":"https:\/\/hostnetart.com.br\/baixada\/bancarios-lancam-campanha-nacional-2018\/","title":{"rendered":"Banc\u00e1rios lan\u00e7am Campanha Nacional 2018"},"content":{"rendered":"<div class=\"content\">\n<p>Os banc\u00e1rios realizaram um ato l\u00fadico, na manh\u00e3 desta quarta-feira (13), no Largo da Batata, em S\u00e3o Paulo, para marcar o lan\u00e7amento da Campanha Nacional 2018. A atividade foi organizada pelo Sindicato dos Banc\u00e1rios de S\u00e3o Paulo, Osasco e Regi\u00e3o (Seeb\/SP) junto com a Federa\u00e7\u00e3o dos Banc\u00e1rios de S\u00e3o Paulo (Fetec-CUT\/SP) e contou com a participa\u00e7\u00e3o do Comando Nacional dos Banc\u00e1rios, respons\u00e1vel pela negocia\u00e7\u00e3o com a Federa\u00e7\u00e3o Nacional dos Bancos (Fenaban).<\/p>\n<p>Numa alus\u00e3o \u00e0 Copa do Mundo, que ter\u00e1 in\u00edcio nesta quinta-feira (14), duas equipes entraram em campo, literalmente. Na disputa, a equipe Todos Por Direitos Futebol Clube, representante dos trabalhadores com os jogadores: Democracia Sempre, Petrobr\u00e1s, Caixa 100% P\u00fablica, Aposentadoria 65\/60, \u00c1gua, Categoria (450 mil banc\u00e1rios) e Conquistas (CCT), contra o escrete Gan\u00e2ncia Futebol Clube, composto por empres\u00e1rios, banqueiros e o \u201cvampir\u00e3o\u201d Temer\u00e1rio.<\/p>\n<p>No final do jogo, como n\u00e3o poderia deixar de ser, a equipe Todos Por Direitos venceu a partida por 3&#215;1, e provou, mais uma vez, a for\u00e7a e a capacidade da classe trabalhadora na defesa por seus direitos.<\/p>\n<p>A presidenta do Seeb\/SP, Ivone Silva, uma das coordenadoras do Comando Nacional dos Banc\u00e1rios, refor\u00e7ou que o sucesso da Campanha Nacional depende da participa\u00e7\u00e3o de toda a categoria.<\/p>\n<p>\u201cA nossa inten\u00e7\u00e3o \u00e9 que os banqueiros atendam as nossas reivindica\u00e7\u00f5es, porque os lucros dos cinco maiores bancos nos tr\u00eas primeiros meses deste ano j\u00e1 chegaram a R$ 20 bilh\u00f5es, ent\u00e3o eles n\u00e3o podem dizer que n\u00e3o t\u00eam condi\u00e7\u00f5es de atender as reivindica\u00e7\u00f5es da categoria banc\u00e1ria, e o nosso foco tamb\u00e9m \u00e9 a defesa dos empregos. Participem, acompanhem e entrem em contato com os seus sindicatos para obter as informa\u00e7\u00f5es oficiais sobre a campanha, orientou Ivone.<\/p>\n<p>Aline Molina, presidenta da Fetec-CUT\/SP e representante do Comando Nacional ressaltou a import\u00e2ncia da defesa da Conven\u00e7\u00e3o Coletiva de Trabalho (CCT) dos banc\u00e1rios na Campanha Nacional. \u201cN\u00f3s somos 450 mil banc\u00e1rios no pa\u00eds, sendo 170 mil em S\u00e3o Paulo, juntos para defender a nossa CCT. Somos a \u00fanica categoria no Brasil que tem um acordo nacional e, por isso, vamos gritar: for\u00e7a pela nossa CCT! Todos por direitos! Todos por oportunidade e melhores condi\u00e7\u00f5es de trabalho\u201d, ressaltou Aline.<\/p>\n<p>No in\u00edcio da tarde, o Comando Nacional dos Banc\u00e1rios entregou a pauta de reivindica\u00e7\u00f5es da categoria \u00e0 Fenaban.<\/p>\n<\/div>\n<p id=\"page-author\"><strong>Fonte: Contraf-CUT<\/strong><\/p>\n","protected":false},"excerpt":{"rendered":"<p>Os banc\u00e1rios realizaram um ato l\u00fadico, na manh\u00e3 desta quarta-feira (13), no Largo da Batata, em S\u00e3o Paulo, para marcar o lan\u00e7amento da Campanha Nacional 2018. A atividade foi organizada pelo Sindicato dos Banc\u00e1rios de S\u00e3o Paulo, Osasco e Regi\u00e3o (Seeb\/SP) junto com a Federa\u00e7\u00e3o dos Banc\u00e1rios de S\u00e3o Paulo (Fetec-CUT\/SP) e contou com a [&hellip;]<\/p>\n","protected":false},"author":2,"featured_media":4565,"comment_status":"","ping_status":"","sticky":false,"template":"","format":"standard","meta":{"footnotes":""},"categories":[3],"tags":[],"class_list":["post-4566","post","type-post","status-publish","format-standard","has-post-thumbnail","hentry","category-noticias"],"_links":{"self":[{"href":"https:\/\/hostnetart.com.br\/baixada\/wp-json\/wp\/v2\/posts\/4566","targetHints":{"allow":["GET"]}}],"collection":[{"href":"https:\/\/hostnetart.com.br\/baixada\/wp-json\/wp\/v2\/posts"}],"about":[{"href":"https:\/\/hostnetart.com.br\/baixada\/wp-json\/wp\/v2\/types\/post"}],"author":[{"embeddable":true,"href":"https:\/\/hostnetart.com.br\/baixada\/wp-json\/wp\/v2\/users\/2"}],"replies":[{"embeddable":true,"href":"https:\/\/hostnetart.com.br\/baixada\/wp-json\/wp\/v2\/comments?post=4566"}],"version-history":[{"count":0,"href":"https:\/\/hostnetart.com.br\/baixada\/wp-json\/wp\/v2\/posts\/4566\/revisions"}],"wp:featuredmedia":[{"embeddable":true,"href":"https:\/\/hostnetart.com.br\/baixada\/wp-json\/wp\/v2\/media\/4565"}],"wp:attachment":[{"href":"https:\/\/hostnetart.com.br\/baixada\/wp-json\/wp\/v2\/media?parent=4566"}],"wp:term":[{"taxonomy":"category","embeddable":true,"href":"https:\/\/hostnetart.com.br\/baixada\/wp-json\/wp\/v2\/categories?post=4566"},{"taxonomy":"post_tag","embeddable":true,"href":"https:\/\/hostnetart.com.br\/baixada\/wp-json\/wp\/v2\/tags?post=4566"}],"curies":[{"name":"wp","href":"https:\/\/api.w.org\/{rel}","templated":true}]}}