{"id":4564,"date":"2018-06-13T15:21:37","date_gmt":"2018-06-13T18:21:37","guid":{"rendered":"https:\/\/hostnetart.com.br\/baixada\/com-inflacao-menor-defesa-dos-direitos-sociais-ganha-peso-em-negociacoes\/"},"modified":"2018-06-13T15:21:37","modified_gmt":"2018-06-13T18:21:37","slug":"com-inflacao-menor-defesa-dos-direitos-sociais-ganha-peso-em-negociacoes","status":"publish","type":"post","link":"https:\/\/hostnetart.com.br\/baixada\/com-inflacao-menor-defesa-dos-direitos-sociais-ganha-peso-em-negociacoes\/","title":{"rendered":"Com infla\u00e7\u00e3o menor, defesa dos direitos sociais ganha peso em negocia\u00e7\u00f5es"},"content":{"rendered":"<p>Com infla\u00e7\u00e3o menor, a maioria das campanhas salariais pesquisadas pelo Dieese em 2017 teve reajuste acima da infla\u00e7\u00e3o. Foram 63,3% das campanhas com ganho real, ante 28,6% com aumentos equivalentes \u00e0 varia\u00e7\u00e3o do INPC e 8,1% abaixo.\u00a0O desempenho \u00e9 melhor do que no ano anterior, mas est\u00e1 distante do per\u00edodo 2006-2014 \u2013 em que os ganhos reais estiveram\u00a0presentes em perto de 90% dos acordos (<em>confira tabela ao lado<\/em>). E os resultados menos j\u00e1 s\u00e3o menos favor\u00e1veis no \u00faltimo trimestre, contrariando o discurso da &#8220;retomada&#8221; econ\u00f4mica.<\/p>\n<p>&#8220;As negocia\u00e7\u00f5es coletivas de 2017 foram \u2013 e, ao que tudo indica, as de 2018 tamb\u00e9m ser\u00e3o \u2013 praticadas em um ambiente econ\u00f4mico desfavor\u00e1vel, agravado pelas incertezas causadas pela mudan\u00e7as na legisla\u00e7\u00e3o trabalhista, que impactam fortemente a jurisdi\u00e7\u00e3o do trabalho&#8221;, diz o Dieese.\u00a0&#8220;Talvez o problema dos trabalhadores nos processos negociais n\u00e3o seja a reposi\u00e7\u00e3o do valor real dos sal\u00e1rios, que \u2013 dadas as baixas taxas inflacion\u00e1rias \u2013 n\u00e3o deve enfrentar resist\u00eancias do empresariado. As dificuldades devem surgir no \u00e2mbito das negocia\u00e7\u00f5es das cl\u00e1usulas sociais, onde se concentra agora a ofensiva patronal pela flexibiliza\u00e7\u00e3o dos direitos trabalhistas.&#8221;<\/p>\n<p>O instituto analisou 643 negocia\u00e7\u00f5es, menos do que nos anos anteriores, quando o total superava 700 e chegou a atingir 816 casos, em 2008. Uma queda &#8220;n\u00e3o usual&#8221;, segundo o Dieese, que lista entre as poss\u00edveis causas um poss\u00edvel efeito da Lei 13.467, de &#8220;reforma&#8221; trabalhista.<\/p>\n<p>&#8220;Embora n\u00e3o seja poss\u00edvel afirm\u00e1-lo categoricamente, \u00e9 sabido que algumas das principais negocia\u00e7\u00f5es coletivas brasileiras foram \u2013 e est\u00e3o \u2013 sendo afetas pela reforma: seja pela inseguran\u00e7a jur\u00eddica gerada, que poderia paralisar as negocia\u00e7\u00f5es, seja por dificuldades maiores em chegar a acordo, em decorr\u00eancia da ofensiva patronal em flexibilizar direitos trabalhistas.&#8221;<\/p>\n<p>Dos 407 acordos com aumento real de sal\u00e1rio, sempre tomando por base o INPC-IBGE, mais de um ter\u00e7o variou pouco acima da infla\u00e7\u00e3o, entre 0,01 e 0,5 ponto percentual a mais. Foram 184 acordos com reajustes equivalentes ao INPC e 52 abaixo. A m\u00e9dia de ganho real foi de 0,35 ponto percentual, para uma infla\u00e7\u00e3o com m\u00e9dia anual de 3,37%.<\/p>\n<p>Entre os setores, a ind\u00fastria apresentou o resultado menos favor\u00e1vel, com 58% dos reajustes acima da infla\u00e7\u00e3o, ante 63% da m\u00e9dia geral. O com\u00e9rcio tamb\u00e9m teve 63% e os servi\u00e7os, 70%. Na\u00a0 ind\u00fastria, 10% dos acordos foram fechados com \u00edndice abaixo da varia\u00e7\u00e3o do INPC, ante 2% no com\u00e9rcio e 9% na \u00e1rea de servi\u00e7os. O aumento real m\u00e9dio foi de 0,38 ponto na ind\u00fastria, 0,55 no com\u00e9rcio e 0,49 nos servi\u00e7os.<\/p>\n<p>O Dieese afirma que, apesar de certa melhora, os resultados ainda est\u00e3o muito distantes dos obtidos na segunda metade dos anos 2000 e primeira metade da atual d\u00e9cada. &#8220;Esse desempenho contrariou as expectativas de que seria poss\u00edvel retomar os patamares de reajustes com ganhos reais pr\u00e9-crise econ\u00f4mica, tanto em raz\u00e3o dos baixos \u00edndices inflacion\u00e1rios verificados quanto da perspectiva de recupera\u00e7\u00e3o da economia.&#8221;\u00a0<\/p>\n<p>O instituto acrescenta que a aparente trajet\u00f3ria de melhora n\u00e3o se sustentou nos tr\u00eas \u00faltimos meses de 2017. &#8220;Ao contr\u00e1rio, prevaleceram os efeitos da recess\u00e3o econ\u00f4mica que atingiu o Brasil no bi\u00eanio 2015-2016, com altas taxas de desemprego e crescimento do trabalho informal.&#8221;<\/p>\n<p>\u00a0<\/p>\n<p><strong>FONTE: Rede Brasil Atual<\/strong><\/p>\n","protected":false},"excerpt":{"rendered":"<p>Com infla\u00e7\u00e3o menor, a maioria das campanhas salariais pesquisadas pelo Dieese em 2017 teve reajuste acima da infla\u00e7\u00e3o. Foram 63,3% das campanhas com ganho real, ante 28,6% com aumentos equivalentes \u00e0 varia\u00e7\u00e3o do INPC e 8,1% abaixo.\u00a0O desempenho \u00e9 melhor do que no ano anterior, mas est\u00e1 distante do per\u00edodo 2006-2014 \u2013 em que os [&hellip;]<\/p>\n","protected":false},"author":2,"featured_media":4563,"comment_status":"","ping_status":"","sticky":false,"template":"","format":"standard","meta":{"footnotes":""},"categories":[3],"tags":[],"class_list":["post-4564","post","type-post","status-publish","format-standard","has-post-thumbnail","hentry","category-noticias"],"_links":{"self":[{"href":"https:\/\/hostnetart.com.br\/baixada\/wp-json\/wp\/v2\/posts\/4564","targetHints":{"allow":["GET"]}}],"collection":[{"href":"https:\/\/hostnetart.com.br\/baixada\/wp-json\/wp\/v2\/posts"}],"about":[{"href":"https:\/\/hostnetart.com.br\/baixada\/wp-json\/wp\/v2\/types\/post"}],"author":[{"embeddable":true,"href":"https:\/\/hostnetart.com.br\/baixada\/wp-json\/wp\/v2\/users\/2"}],"replies":[{"embeddable":true,"href":"https:\/\/hostnetart.com.br\/baixada\/wp-json\/wp\/v2\/comments?post=4564"}],"version-history":[{"count":0,"href":"https:\/\/hostnetart.com.br\/baixada\/wp-json\/wp\/v2\/posts\/4564\/revisions"}],"wp:featuredmedia":[{"embeddable":true,"href":"https:\/\/hostnetart.com.br\/baixada\/wp-json\/wp\/v2\/media\/4563"}],"wp:attachment":[{"href":"https:\/\/hostnetart.com.br\/baixada\/wp-json\/wp\/v2\/media?parent=4564"}],"wp:term":[{"taxonomy":"category","embeddable":true,"href":"https:\/\/hostnetart.com.br\/baixada\/wp-json\/wp\/v2\/categories?post=4564"},{"taxonomy":"post_tag","embeddable":true,"href":"https:\/\/hostnetart.com.br\/baixada\/wp-json\/wp\/v2\/tags?post=4564"}],"curies":[{"name":"wp","href":"https:\/\/api.w.org\/{rel}","templated":true}]}}