{"id":4562,"date":"2018-06-13T15:20:14","date_gmt":"2018-06-13T18:20:14","guid":{"rendered":"https:\/\/hostnetart.com.br\/baixada\/organizacao-sindical-assegura-direitos-trabalhistas\/"},"modified":"2018-06-13T15:20:14","modified_gmt":"2018-06-13T18:20:14","slug":"organizacao-sindical-assegura-direitos-trabalhistas","status":"publish","type":"post","link":"https:\/\/hostnetart.com.br\/baixada\/organizacao-sindical-assegura-direitos-trabalhistas\/","title":{"rendered":"Organiza\u00e7\u00e3o sindical assegura direitos trabalhistas"},"content":{"rendered":"<div class=\"content\">\n<p>\u201cO governo atual resolveu que seu inimigo n\u00famero 1 \u00e9 o movimento sindical. O que \u00e9 totalmente equivocado. Os sindicatos s\u00e3o importantes para qualquer pa\u00eds capitalista, pois s\u00e3o respons\u00e1veis por fazer as negocia\u00e7\u00f5es e buscar o entendimento.\u201d<\/p>\n<p>Segundo o secret\u00e1rio nacional de Assuntos Jur\u00eddicos da Central \u00danica dos Trabalhadores (CUT), Valeir Ertle, al\u00e9m de desregular o mercado de trabalho, a Reforma Trabalhista enfraqueceu os sindicatos nos processos de defesa de direitos e negocia\u00e7\u00f5es coletivas.<\/p>\n<p>\u201cA reforma dificultou o autofinanciamento dos sindicatos, estabelecendo a autoriza\u00e7\u00e3o expressa de contribui\u00e7\u00f5es firmadas em conven\u00e7\u00f5es coletivas e retirando das assembleias o f\u00f3rum de decis\u00e3o dos trabalhadores.\u201d<\/p>\n<p>Dentre os aspectos sindicais priorizados na proposta do Estatuto do Trabalho, os debatedores ainda discutiram quest\u00f5es relacionadas \u00e0 liberdade de negocia\u00e7\u00e3o coletiva, contribui\u00e7\u00e3o sindical e direito \u00e0 greve.<\/p>\n<p><strong>Contribui\u00e7\u00e3o sindical<\/strong><br \/> Para a presidente da Comiss\u00e3o de Direito Sindical e Associativo da Ordem dos Advogados do Brasil (OAB), Denise de Oliveira, a \u201cnova CLT\u201d precisa explicitar a compulsoriedade da contribui\u00e7\u00e3o sindical destinada ao financiamento de negocia\u00e7\u00e3o coletiva.<\/p>\n<p>\u201cEnquanto um trabalhador est\u00e1 se beneficiando e \u00e9 filiado, o outro n\u00e3o \u00e9 filiado, mas mesmo assim \u00e9 beneficiado. No m\u00ednimo, a pessoa precisa contribuir com aquilo que a est\u00e1 beneficiando.\u201d<\/p>\n<p><strong>Direito de greve<\/strong><br \/> Ricardo Louren\u00e7o Filho, membro da Comiss\u00e3o de Direitos Humanos da Associa\u00e7\u00e3o Nacional dos Magistrados da Justi\u00e7a do Trabalho (Anamatra), afirmou que \u00e9 importante a incorpora\u00e7\u00e3o da lei atual de greve na SUG 12\/18.<\/p>\n<p>\u201cO artigo nono da Constitui\u00e7\u00e3o Federal n\u00e3o define a greve. \u00c9 um texto que garante um proceder sobre a greve. Garante aos trabalhadores decidir quando e por que exercer a greve. Isso \u00e9 importante porque n\u00e3o faria sentido, em termos constitucionais, permitir ao poder judici\u00e1rio ou ao legislador restringir esse poder de decis\u00e3o dos trabalhadores.\u201d<\/p>\n<p><strong>Sugest\u00e3o Legislativa<\/strong><br \/> A Sugest\u00e3o Legislativa (SUG) 12\/18 tem como autores a Associa\u00e7\u00e3o Latino-Americana de Ju\u00edzes do Trabalho (ALJT), a Associa\u00e7\u00e3o Nacional dos Magistrados do Trabalho (Anamatra), a Associa\u00e7\u00e3o Nacional dos Procuradores do Trabalho (ANPT) e o Sindicato Nacional dos Auditores Fiscais do Trabalho (Sinait), cujo relator na Comiss\u00e3o de Direitos Humanos e Legisla\u00e7\u00e3o Participativa (CDH) \u00e9 o senador Paulo Paim (PT-RS).<\/p>\n<p>\u00a0<\/p>\n<\/div>\n<p id=\"page-author\"><span style=\"text-decoration: underline;\"><em><strong>Fonte: Diap<\/strong><\/em><\/span><\/p>\n","protected":false},"excerpt":{"rendered":"<p>\u201cO governo atual resolveu que seu inimigo n\u00famero 1 \u00e9 o movimento sindical. O que \u00e9 totalmente equivocado. Os sindicatos s\u00e3o importantes para qualquer pa\u00eds capitalista, pois s\u00e3o respons\u00e1veis por fazer as negocia\u00e7\u00f5es e buscar o entendimento.\u201d Segundo o secret\u00e1rio nacional de Assuntos Jur\u00eddicos da Central \u00danica dos Trabalhadores (CUT), Valeir Ertle, al\u00e9m de desregular [&hellip;]<\/p>\n","protected":false},"author":2,"featured_media":4561,"comment_status":"","ping_status":"","sticky":false,"template":"","format":"standard","meta":{"footnotes":""},"categories":[3],"tags":[],"class_list":["post-4562","post","type-post","status-publish","format-standard","has-post-thumbnail","hentry","category-noticias"],"_links":{"self":[{"href":"https:\/\/hostnetart.com.br\/baixada\/wp-json\/wp\/v2\/posts\/4562","targetHints":{"allow":["GET"]}}],"collection":[{"href":"https:\/\/hostnetart.com.br\/baixada\/wp-json\/wp\/v2\/posts"}],"about":[{"href":"https:\/\/hostnetart.com.br\/baixada\/wp-json\/wp\/v2\/types\/post"}],"author":[{"embeddable":true,"href":"https:\/\/hostnetart.com.br\/baixada\/wp-json\/wp\/v2\/users\/2"}],"replies":[{"embeddable":true,"href":"https:\/\/hostnetart.com.br\/baixada\/wp-json\/wp\/v2\/comments?post=4562"}],"version-history":[{"count":0,"href":"https:\/\/hostnetart.com.br\/baixada\/wp-json\/wp\/v2\/posts\/4562\/revisions"}],"wp:featuredmedia":[{"embeddable":true,"href":"https:\/\/hostnetart.com.br\/baixada\/wp-json\/wp\/v2\/media\/4561"}],"wp:attachment":[{"href":"https:\/\/hostnetart.com.br\/baixada\/wp-json\/wp\/v2\/media?parent=4562"}],"wp:term":[{"taxonomy":"category","embeddable":true,"href":"https:\/\/hostnetart.com.br\/baixada\/wp-json\/wp\/v2\/categories?post=4562"},{"taxonomy":"post_tag","embeddable":true,"href":"https:\/\/hostnetart.com.br\/baixada\/wp-json\/wp\/v2\/tags?post=4562"}],"curies":[{"name":"wp","href":"https:\/\/api.w.org\/{rel}","templated":true}]}}