{"id":4560,"date":"2018-06-13T15:19:18","date_gmt":"2018-06-13T18:19:18","guid":{"rendered":"https:\/\/hostnetart.com.br\/baixada\/bancarios-abrem-campanha-nacional-por-direitos-empregos-e-pelo-brasil\/"},"modified":"2018-06-13T15:19:18","modified_gmt":"2018-06-13T18:19:18","slug":"bancarios-abrem-campanha-nacional-por-direitos-empregos-e-pelo-brasil","status":"publish","type":"post","link":"https:\/\/hostnetart.com.br\/baixada\/bancarios-abrem-campanha-nacional-por-direitos-empregos-e-pelo-brasil\/","title":{"rendered":"Banc\u00e1rios abrem campanha nacional &#8216;por direitos, empregos e pelo Brasil&#8217;"},"content":{"rendered":"<div class=\"content\">\n<p>A campanha nacional dos banc\u00e1rios come\u00e7a nesta quarta-feira (13). Depois de uma jornada de prepara\u00e7\u00e3o que envolveu debates regionais nos estados e uma <strong><ins><a href=\"http:\/\/www.contrafcut.org.br\/noticias\/bancarios-definem-reivindicacoes-e-entregam-pauta-aos-bancos-no-dia-13-8c5d\/\" target=\"_blank\" rel=\"noopener noreferrer\">confer\u00eancia nacional unificada<\/a><\/ins><\/strong>, com 627 delegados representantes de trabalhadores de bancos p\u00fablicos e privados \u2013 encerrada no domingo (10) \u2013, o Comando Nacional da categoria entrega \u00e0 Federa\u00e7\u00e3o Nacional dos Bancos (Fenaban) a sua pauta de reivindica\u00e7\u00f5es.<\/p>\n<p>Paralelamente \u00e0 reuni\u00e3o com a Fenaban, uma manifesta\u00e7\u00e3o no Largo da Batata, zona oeste de S\u00e3o Paulo, lembrar\u00e1 que a mobiliza\u00e7\u00e3o nos locais de trabalho e nas ruas, componente de todas as campanhas salariais da categoria em mais de tr\u00eas d\u00e9cadas, ter\u00e1 de fazer a diferen\u00e7a novamente.<\/p>\n<p>\u00c9 a primeira vez que uma conven\u00e7\u00e3o coletiva de trabalho dever\u00e1 ser renovada depois de um per\u00edodo de dois anos de vig\u00eancia. Celebrado em setembro de 2016, o acordo de validade nacional que determina as condi\u00e7\u00f5es de trabalho e de vida de 485 mil profissionais do setor em todo o pa\u00eds expira em 31 de agosto. O impacto das conquistas dos banc\u00e1rios na pol\u00edtica e na economia do pa\u00eds \u00e9 importante.<\/p>\n<p>E as preocupa\u00e7\u00f5es s\u00e3o muitas. Alguns dos primeiros resultados do golpe de 2016, a \u201creforma\u201d trabalhista e a lei da terceiriza\u00e7\u00e3o trouxeram problemas como a &#8220;legaliza\u00e7\u00e3o&#8221; do uso abusivo da m\u00e3o de obra terceirizada prec\u00e1ria, a possibilidade da contrata\u00e7\u00e3o por \u201cempreitada\u201d com trabalho intermitente, a &#8220;pejotiza\u00e7\u00e3o&#8221; e at\u00e9 mesmo a poss\u00edvel perda dos direitos previstos do acordo vigente caso este n\u00e3o seja renovado a partir da data-base, 1\u00ba de setembro.<\/p>\n<p>A primeira medida do Comando Nacional da reuni\u00e3o desta quarta com os bancos \u00e9 buscar um pr\u00e9-acordo que mantenha as atuais cl\u00e1usulas da conven\u00e7\u00e3o coletiva em vigor at\u00e9 que uma nova seja celebrada. Os acordos espec\u00edficos negociados por banco ap\u00f3s a assinatura da conven\u00e7\u00e3o tamb\u00e9m s\u00e3o parte dessa demanda.<\/p>\n<p><strong>Empregos e sal\u00e1rios<\/strong><\/p>\n<p><a class=\"has-subtitle img\" style=\"height: 200px; width: 780px;\" title=\"\" href=\"http:\/\/admin.contrafcut.com.br\/system\/uploads\/ck\/images\/MB%20-%20Empregos%20e%20Sal%C3%A1rios.jpg\" data-lightbox=\"lightbox\" data-title=\"\"><img decoding=\"async\" style=\"height: 200px; width: 780px;\" src=\"http:\/\/www.contrafcut.org.br\/images\/_0d93cccee0d605db0e79a5b502ae667c.jpg\" alt=\"\" \/><\/a>O reajuste reivindicado pela categoria inclui a reposi\u00e7\u00e3o da infla\u00e7\u00e3o dos \u00faltimos 12 meses acrescido de aumento real de 5%, baseado na elevada rentabilidade do setor. A mesma valoriza\u00e7\u00e3o deve ser aplicada \u00e0 participa\u00e7\u00e3o nos lucros ou resultados (PLR). E n\u00e3o \u00e9 para menos.<\/p>\n<p>Os cinco maiores bancos do pa\u00eds \u2013 que concentram mais de 80% dos trabalhadores e das opera\u00e7\u00f5es do sistema \u2013 alcan\u00e7aram lucros de R$ 77 bilh\u00f5es no ano passado, com aumento de 33% em rela\u00e7\u00e3o ao ano anterior, mesmo com a equipe econ\u00f4mica da dupla Temer-Meirelles afundando o pa\u00eds numa crise sem precedentes.<\/p>\n<p>\u201cO resultado por si s\u00f3 torna inexplic\u00e1vel que, desde o golpe, h\u00e1 dois anos, os bancos tenham eliminado 40 mil empregos e ainda pretendam agravar a precariza\u00e7\u00e3o das condi\u00e7\u00f5es de trabalho\u201d, afirma a presidenta da Confedera\u00e7\u00e3o Nacional dos Trabalhadores no Ramo Financeiro (Contra-CUT), Juvandia Moreira.<\/p>\n<p>Da\u00ed o fato de ter forte peso nas negocia\u00e7\u00f5es a defesa dos empregos, da garantia contra demiss\u00f5es em massa, do reconhecimento de terceirizados como banc\u00e1rios, da realiza\u00e7\u00e3o de homologa\u00e7\u00f5es com supervis\u00e3o dos sindicatos, da composi\u00e7\u00e3o de mesa \u00fanica de negocia\u00e7\u00f5es e da extens\u00e3o dos direitos acordados para todos os trabalhadores.<\/p>\n<p>\u201cNum momento em que a nova lei ap\u00f3s a reforma permite a negocia\u00e7\u00e3o direta entre empregador e empregados, e at\u00e9 individual para faixas salariais mais altas, \u00e9 fundamental que seja assegurado que qualquer discuss\u00e3o de contrato, jornada e condi\u00e7\u00f5es de trabalho passe pelo Comando Nacional dos Banc\u00e1rios e pelos sindicatos\u201d, diz a presidenta do Sindicato dos Banc\u00e1rios de S\u00e3o Paulo, Osasco e Regi\u00e3o, Ivone Silva, reiterando a defesa da manuten\u00e7\u00e3o da universalidade das cl\u00e1usulas do acordo para todos os banc\u00e1rios.<\/p>\n<p>\u201cE se h\u00e1 um setor no pa\u00eds em condi\u00e7\u00f5es de negociar um acordo decente e partilhar de maneira mais justa seus ganhos com os trabalhadores e com toda a sociedade, na forma de melhores condi\u00e7\u00f5es de atendimento, s\u00e3o os bancos\u201d, afirma Ivone, lembrando que o sistema come\u00e7ou este ano como iniciou o anterior: com lucros de quase R$ 21 bilh\u00f5es de janeiro a mar\u00e7o (20% mais que em igual per\u00edodo de 2017).<\/p>\n<p>Nesta segunda-feira (11), Ivone e Juvandia participaram do programa\u00a0<em>Momento Banc\u00e1rio<\/em>, produzido pelo sindicato, ao lado dos tamb\u00e9m diretores executivos da entidade Jo\u00e3o Fukunaga e Dion\u00edsio Reis, coordenadores das comiss\u00f5es de empregados do Banco do Brasil e da Caixa Econ\u00f4mica Federal, respectivamente. No programa, que pode ser visto na \u00edntegra logo abaixo, os dirigentes sintetizaram os debates da confer\u00eancia nacional realizada no fim de semana.<\/p>\n<p>\u00a0<\/p>\n<p><strong>Os banc\u00e1rios e o pa\u00eds<\/strong><br \/> A 20\u00aa Confer\u00eancia Nacional dos Banc\u00e1rios, realizada entre sexta e domingo em S\u00e3o Paulo, discutiu temas nacionais que t\u00eam conex\u00e3o direta com a realidade da categoria. Entre eles, a defesa dos bancos p\u00fablicos no \u00e2mbito das quest\u00f5es profissionais e tamb\u00e9m do papel social e estrat\u00e9gico dessas institui\u00e7\u00f5es para a economia.<\/p>\n<p>O controle p\u00fablico e o fortalecimento de Banco do Brasil, Caixa, Banco do Nordeste, BNDES e de empresas como a Petrobras e a Eletrobras s\u00e3o parte, segundo o Comando Nacional dos Banc\u00e1rios, de um mesmo objetivo: defender a economia e a soberania do pa\u00eds das agress\u00f5es da geopol\u00edtica externa e das ambi\u00e7\u00f5es do capital privado voltado para o interesse exclusivo do mercado.<\/p>\n<p>A diferen\u00e7a entre a pol\u00edtica de regula\u00e7\u00e3o de pre\u00e7os da Petrobras de antes do golpe e a atual \u00e9 apenas um exemplo dessa import\u00e2ncia. \u201cComo pode um pa\u00eds com a riqueza natural e mineral do Brasil deixar de investir em refinarias para bancar sua autossufici\u00eancia? Importar o que poderia ser produzido aqui, gerar empregos aqui, praticar pre\u00e7os para satisfazer os acionistas e petrol\u00edferas estrangeiras, e n\u00e3o o interesse nacional\u201d, questiona Juvandia.<\/p>\n<p>A quest\u00e3o \u00e9 estendida aos projetos de privatiza\u00e7\u00e3o da Eletrobras, que pode transformar a farta capacidade de gera\u00e7\u00e3o e distribui\u00e7\u00e3o em mercadoria, um neg\u00f3cio de multinacionais estrangeiras (inclusive estatais, como a italiana Enel, que acabou de adquirir 73% do <strong><ins><a href=\"http:\/\/www.redebrasilatual.com.br\/economia\/2018\/05\/valor-de-venda-da-eletropaulo-esta-inflado-e-pode-prejudicar-populacao\" target=\"_blank\" rel=\"noopener noreferrer\">controle da Eletropaulo<\/a><\/ins><\/strong>). Ou seja, privatizada no final dos anos 1990, a Eletropaulo volta agora a ser estatal. Italiana.<\/p>\n<p>O coordenador da Comiss\u00e3o de Empresa da Caixa Econ\u00f4mica Federal, Dion\u00edsio Reis, alerta que a pol\u00edtica do governo Temer para os bancos p\u00fablicos \u00e9 uma evidente a\u00e7\u00e3o de desmonte voltada para a privatiza\u00e7\u00e3o. \u201cO pr\u00f3prio ex-ministro da Fazenda Henrique Meirelles diz que a Caixa est\u00e1 \u2018pronta\u2019 para a venda\u201d, observa Dion\u00edsio. \u201cA Caixa responde por 90% do financiamento habitacional do pa\u00eds, e vem reduzindo essas opera\u00e7\u00f5es, s\u00f3 que os bancos privados n\u00e3o est\u00e3o ocupando esse papel com a mesma qualifica\u00e7\u00e3o\u201d, afirma.<\/p>\n<p>O Banco do Brasil, por sua vez, fundamental para a oferta do cr\u00e9dito n\u00e3o apenas do agroneg\u00f3cio, mas sobretudo dos empreendimentos de agricultura familiar que s\u00e3o respons\u00e1veis por colocar comida na mesa dos brasileiros, tamb\u00e9m est\u00e1 na mira do mercado privado e em processo de sucateamento.<\/p>\n<p>\u201cO BB tem um d\u00e9ficit aproximado de 500 funcion\u00e1rios nas ag\u00eancias. J\u00e1 tem cliente querendo brigar com funcion\u00e1rios por falta de condi\u00e7\u00f5es de atendimento. E se faltar o cr\u00e9dito aos pequenos produtores familiares, vai faltar comida saud\u00e1vel na mesa e vai sobrar o veneno dos agrot\u00f3xicos. O alimento vai encarecer\u201d, alerta o coordenador da Comiss\u00e3o de Empresa do Banco do Brasil, Jo\u00e3o Fukunaga.<\/p>\n<p>O papel das empresas p\u00fablicas torna a campanha dos banc\u00e1rios estrat\u00e9gica tamb\u00e9m para os demais trabalhadores brasileiros. Isso porque parte dessa luta, como conclu\u00edram os delegados presentes na conven\u00e7\u00e3o, passa pelas elei\u00e7\u00f5es de outubro. Os banc\u00e1rios n\u00e3o decidiram apoiar um nome para a elei\u00e7\u00e3o presidencial. Mas reafirmaram a defesa do direito de o ex-presidente Luiz In\u00e1cio Lula da Silva, \u201cpreso pol\u00edtico e sem prova de crime\u201d, se candidatar.<\/p>\n<p>E decidiram pelo apoio a todos os candidatos do campo progressista, com objetivo de propor a revoga\u00e7\u00e3o das leis da \u201creforma\u201d trabalhista e da terceiriza\u00e7\u00e3o, da emenda constitucional que imp\u00f5e um congelamento de gastos sociais com educa\u00e7\u00e3o, sa\u00fade e pol\u00edticas de distribui\u00e7\u00e3o de renda por 20 anos. O objetivo vale tamb\u00e9m para os poderes legislativos.<\/p>\n<p>\u201c\u00c9 preciso restaurar a democracia. N\u00e3o basta eleger presidente e governadores progressistas e manter uma maioria conservadora, golpista no Senado, na C\u00e2mara dos Deputados e nas Assembleias Legislativas. A disputa por um Brasil soberano, que respeite a Constitui\u00e7\u00e3o e que olhe para o conjunto da sociedade <strong><ins><a href=\"http:\/\/www.redebrasilatual.com.br\/politica\/por-congresso-mais-progressista-dirigentes-da-cut-vao-disputar-eleicoes-1\" target=\"_blank\" rel=\"noopener noreferrer\">passa pela elei\u00e7\u00e3o de parlamentares<\/a><\/ins><\/strong> comprometidos com os interesses nacionais e dos trabalhadores\u201d, afirma Juvandia Moreira, da Contraf-CUT.<\/p>\n<p>O resgate do Estado democr\u00e1tico de Direito foi um dos assuntos abordados na confer\u00eancia, <strong><ins><a href=\"http:\/\/www.contrafcut.org.br\/noticias\/primeira-mesa-da-conferencia-nacional-reflete-sobre-defesa-da-democracia-481c\" target=\"_blank\" rel=\"noopener noreferrer\">tema do jurista Pedro Serrano<\/a><\/ins><\/strong>. Segundo o professor de Direito Constitucional da Pontif\u00edcia Universidade Cat\u00f3lica de S\u00e3o Paulo (PUC-SP), o capitalismo mundial vive uma onda de supress\u00e3o de direitos que contraditoriamente p\u00f5e em risco at\u00e9 seus pr\u00f3prios preceitos liberais.<\/p>\n<p>\u201cHoje \u00e9 muito claro isso. Algumas pessoas falam que a esquerda divide a sociedade. Todo mundo j\u00e1 deve ter visto essa bobagem no Facebook. N\u00e3o \u00e9 a esquerda que divide a sociedade. \u00c9 a democracia que divide a sociedade. Democracia \u00e9 o modo de compor os conflitos sociais de forma pac\u00edfica\u201d, explica Serrano.<\/p>\n<\/div>\n<p id=\"page-author\"><strong>Fonte: Rede Brasil Atual<\/strong><\/p>\n","protected":false},"excerpt":{"rendered":"<p>A campanha nacional dos banc\u00e1rios come\u00e7a nesta quarta-feira (13). Depois de uma jornada de prepara\u00e7\u00e3o que envolveu debates regionais nos estados e uma confer\u00eancia nacional unificada, com 627 delegados representantes de trabalhadores de bancos p\u00fablicos e privados \u2013 encerrada no domingo (10) \u2013, o Comando Nacional da categoria entrega \u00e0 Federa\u00e7\u00e3o Nacional dos Bancos (Fenaban) [&hellip;]<\/p>\n","protected":false},"author":2,"featured_media":4559,"comment_status":"","ping_status":"","sticky":false,"template":"","format":"standard","meta":{"footnotes":""},"categories":[3],"tags":[],"class_list":["post-4560","post","type-post","status-publish","format-standard","has-post-thumbnail","hentry","category-noticias"],"_links":{"self":[{"href":"https:\/\/hostnetart.com.br\/baixada\/wp-json\/wp\/v2\/posts\/4560","targetHints":{"allow":["GET"]}}],"collection":[{"href":"https:\/\/hostnetart.com.br\/baixada\/wp-json\/wp\/v2\/posts"}],"about":[{"href":"https:\/\/hostnetart.com.br\/baixada\/wp-json\/wp\/v2\/types\/post"}],"author":[{"embeddable":true,"href":"https:\/\/hostnetart.com.br\/baixada\/wp-json\/wp\/v2\/users\/2"}],"replies":[{"embeddable":true,"href":"https:\/\/hostnetart.com.br\/baixada\/wp-json\/wp\/v2\/comments?post=4560"}],"version-history":[{"count":0,"href":"https:\/\/hostnetart.com.br\/baixada\/wp-json\/wp\/v2\/posts\/4560\/revisions"}],"wp:featuredmedia":[{"embeddable":true,"href":"https:\/\/hostnetart.com.br\/baixada\/wp-json\/wp\/v2\/media\/4559"}],"wp:attachment":[{"href":"https:\/\/hostnetart.com.br\/baixada\/wp-json\/wp\/v2\/media?parent=4560"}],"wp:term":[{"taxonomy":"category","embeddable":true,"href":"https:\/\/hostnetart.com.br\/baixada\/wp-json\/wp\/v2\/categories?post=4560"},{"taxonomy":"post_tag","embeddable":true,"href":"https:\/\/hostnetart.com.br\/baixada\/wp-json\/wp\/v2\/tags?post=4560"}],"curies":[{"name":"wp","href":"https:\/\/api.w.org\/{rel}","templated":true}]}}