{"id":4558,"date":"2018-06-13T15:18:06","date_gmt":"2018-06-13T18:18:06","guid":{"rendered":"https:\/\/hostnetart.com.br\/baixada\/saude-caixa-e-importante-conhece-lo-para-denfende-lo\/"},"modified":"2018-06-13T15:18:06","modified_gmt":"2018-06-13T18:18:06","slug":"saude-caixa-e-importante-conhece-lo-para-denfende-lo","status":"publish","type":"post","link":"https:\/\/hostnetart.com.br\/baixada\/saude-caixa-e-importante-conhece-lo-para-denfende-lo\/","title":{"rendered":"Sa\u00fade Caixa: \u00e9 importante conhec\u00ea-lo para denfend\u00ea-lo"},"content":{"rendered":"<div class=\"content\">\n<p>Com as altera\u00e7\u00f5es propostas pelo governo, que tornar\u00e3o mais restritiva e cara a pol\u00edtica de assist\u00eancia \u00e0 sa\u00fade dos trabalhadores da Caixa, o futuro do Sa\u00fade Caixa corre grandes riscos. Para defender esse direito, \u00e9 essencial conhecer suas caracter\u00edsticas e diferenciais.<\/p>\n<p>\u2018A luta \u00e9 de todos os usu\u00e1rios. Sa\u00fade Caixa \u00e9 uma conquista dos empregados. Temos que conhecer nosso plano, inclusive, pra poder argumentar na sua defesa. \u00c9 na unidade e mobiliza\u00e7\u00e3o que vamos mant\u00ea-lo. Juntos somos mais!\u201d, declarou Fabiana Uehara Proscholdt, secret\u00e1ria de Cultura da Contraf-CUT.<\/p>\n<p>Veja como funciona hoje o seu Sa\u00fade Caixa.<\/p>\n<p><strong>Modelo de custeio<\/strong><\/p>\n<p>30% das despesas assistenciais que cabem aos usu\u00e1rios s\u00e3o custeados por meio de mensalidades, coparticipa\u00e7\u00e3o e outros formatos de contribui\u00e7\u00e3o. Os outros 70% s\u00e3o de responsabilidade da Caixa, assim como todas as demais despesas administrativas.<\/p>\n<p><strong>Mensalidade<\/strong><\/p>\n<p>Corresponde a 2% da remunera\u00e7\u00e3o base do empregado ou do benef\u00edcio pago pela Funcef (somado ao provento do INSS), no caso dos aposentados.<\/p>\n<p><strong>Coparticipa\u00e7\u00e3o<\/strong><\/p>\n<p>Usu\u00e1rio paga 20% do custo de cada procedimento utilizado (consultas, exames, interna\u00e7\u00f5es etc) at\u00e9 o limite anual de R$ 2.400,00 para o grupo familiar e dependentes indiretos, o equivalente \u00e0 m\u00e9dia de R$ 200,00 por m\u00eas. Esse teto \u00e9 estabelecido a cada ano pelo Conselho de Usu\u00e1rios e permanece congelado desde 2008.<\/p>\n<p><strong>Car\u00eancia e franquia<\/strong><\/p>\n<p>N\u00e3o h\u00e1 per\u00edodos e car\u00eancia nem cobran\u00e7a de franquia.<\/p>\n<p><strong>Ades\u00e3o<\/strong><\/p>\n<p>Todo empregado Caixa tem direito de aderir ao plano de sa\u00fade, assim como seus dependentes, a qualquer momento nas mesmas condi\u00e7\u00f5es dos demais empregados.<\/p>\n<p><strong>Dependentes<\/strong><\/p>\n<p>Para todo o grupo familiar \u00e9 cobrada uma \u00fanica mensalidade. J\u00e1 para os dependentes indiretos (filhos maiores de 21 anos at\u00e9 27 anos e pais sem renda), \u00e9 cobrada a mensalidade de R$ 110 para cada um.<\/p>\n<p>&#8211; Filhos com defici\u00eancia plena: Em 2010, os usu\u00e1rios do Sa\u00fade Caixa conseguiram mais uma importante vit\u00f3ria. Foi assegurada a manuten\u00e7\u00e3o de filhos e enteados com defici\u00eancia plena e definitiva, ap\u00f3s completar 21 anos, como dependentes diretos de forma vital\u00edcia.<\/p>\n<p><strong>Aposentados no Acordo Coletivo<\/strong><\/p>\n<p>Em 2007, a partir da negocia\u00e7\u00e3o das entidades representativas dos trabalhadores, o Acordo Coletivo de Trabalho (ACT) passou a garantir que todos os aposentados pela previd\u00eancia oficial, ao se desligarem da Caixa, mantivessem o direito ao Sa\u00fade Caixa nas mesmas condi\u00e7\u00f5es do pessoal da ativa. Antes, esse direito era concedido, mas sem respaldo formal no ACT.<\/p>\n<p><strong>Muito al\u00e9m da cobertura obrigat\u00f3ria<\/strong><\/p>\n<p>O Sa\u00fade Caixa \u00e9 um dos planos de sa\u00fade mais completos, com coberturas que v\u00e3o al\u00e9m da lista de procedimentos obrigat\u00f3rios definida pelo \u00f3rg\u00e3o regulador. Entre essas coberturas diferenciadas est\u00e3o:<\/p>\n<p>&#8211; Assist\u00eancia odontol\u00f3gica sem custo adicional<\/p>\n<p>&#8211; Check-up anual<\/p>\n<p>&#8211; Reembolso de 50% a 80% do valor dos medicamentos dispendiosos e de uso cont\u00ednuo n\u00e3o inclu\u00eddos na lista do SUS<\/p>\n<p><strong>Hora de defender o Sa\u00fade Caixa<\/strong><\/p>\n<p>As resolu\u00e7\u00f5es publicadas pelo governo e a altera\u00e7\u00e3o no Estatuto da Caixa prop\u00f5em um limite correspondente a 6,5% da folha de pagamento para a participa\u00e7\u00e3o da Caixa nas despesas com assist\u00eancia \u00e0 sa\u00fade dos empregados. Se essas mudan\u00e7as se concretizarem, em breve, o Sa\u00fade Caixa se tornar\u00e1 caro e excludente. Para lutar contra essa injusti\u00e7a, Fenae, Contraf-CUT, Fenacef, Fenag, Advocef, Aneac e Social Caixa lan\u00e7aram a campanha Sa\u00fade Caixa: eu defendo.<\/p>\n<p><strong>Semin\u00e1rio e audi\u00eancia p\u00fablica<\/strong><\/p>\n<p>Entre as pr\u00f3ximas a\u00e7\u00f5es da campanha est\u00e1 a realiza\u00e7\u00e3o de um semin\u00e1rio em defesa dos planos de sa\u00fade de autogest\u00e3o das empresas estatais. O evento tem data prevista para 28 de junho. Tamb\u00e9m est\u00e1 programada a realiza\u00e7\u00e3o de uma audi\u00eancia p\u00fablica na C\u00e2mara dos Deputados, com data a confirmar.<\/p>\n<p><strong>Todos de branco no dia 20 de junho<\/strong><\/p>\n<p>Na quarta-feira, 20 de junho, as entidades convidam todos os empregados e aposentados da Caixa a vestirem branco como s\u00edmbolo de defesa do plano de sa\u00fade da categoria. Ser\u00e3o realizadas diversas mobiliza\u00e7\u00f5es nas GIPES e REPES e em todas as demais unidades da Caixa.<\/p>\n<p>Todas as iniciativas programadas culminar\u00e3o na primeira semana de julho, com a celebra\u00e7\u00e3o do anivers\u00e1rio de 14 anos do Sa\u00fade Caixa. No dia 1\u00ba de julho de 2004, foi implementado o atual modelo de custeio do plano de sa\u00fade.<\/p>\n<p><strong>Usu\u00e1rios apoiam PDC 956\/18<\/strong><\/p>\n<p>Est\u00e1 dispon\u00edvel no site da C\u00e2mara dos Deputados a enquete sobre o Projeto de Decreto Legislativo (PDC 956\/2018), de autoria da deputada federal Erika Kokay (PT-DF), com o objetivo de sustar a resolu\u00e7\u00e3o da Comiss\u00e3o Interministerial de Governan\u00e7a Corporativa e de Administra\u00e7\u00e3o de Participa\u00e7\u00f5es Societ\u00e1rias da Uni\u00e3o (CGPAR) que determina as altera\u00e7\u00f5es no Sa\u00fade Caixa. Para acessar a enquete e apoiar o PDC 956\/2018, clique <a href=\"https:\/\/forms.camara.leg.br\/ex\/enquetes\/2176886\">aqui<\/a>.<\/p>\n<\/div>\n<p id=\"page-author\"><span style=\"text-decoration: underline;\"><em><strong>Fonte: Contraf-CUT, com Fenae<\/strong><\/em><\/span><\/p>\n","protected":false},"excerpt":{"rendered":"<p>Com as altera\u00e7\u00f5es propostas pelo governo, que tornar\u00e3o mais restritiva e cara a pol\u00edtica de assist\u00eancia \u00e0 sa\u00fade dos trabalhadores da Caixa, o futuro do Sa\u00fade Caixa corre grandes riscos. Para defender esse direito, \u00e9 essencial conhecer suas caracter\u00edsticas e diferenciais. \u2018A luta \u00e9 de todos os usu\u00e1rios. Sa\u00fade Caixa \u00e9 uma conquista dos empregados. [&hellip;]<\/p>\n","protected":false},"author":2,"featured_media":4557,"comment_status":"","ping_status":"","sticky":false,"template":"","format":"standard","meta":{"footnotes":""},"categories":[3],"tags":[],"class_list":["post-4558","post","type-post","status-publish","format-standard","has-post-thumbnail","hentry","category-noticias"],"_links":{"self":[{"href":"https:\/\/hostnetart.com.br\/baixada\/wp-json\/wp\/v2\/posts\/4558","targetHints":{"allow":["GET"]}}],"collection":[{"href":"https:\/\/hostnetart.com.br\/baixada\/wp-json\/wp\/v2\/posts"}],"about":[{"href":"https:\/\/hostnetart.com.br\/baixada\/wp-json\/wp\/v2\/types\/post"}],"author":[{"embeddable":true,"href":"https:\/\/hostnetart.com.br\/baixada\/wp-json\/wp\/v2\/users\/2"}],"replies":[{"embeddable":true,"href":"https:\/\/hostnetart.com.br\/baixada\/wp-json\/wp\/v2\/comments?post=4558"}],"version-history":[{"count":0,"href":"https:\/\/hostnetart.com.br\/baixada\/wp-json\/wp\/v2\/posts\/4558\/revisions"}],"wp:featuredmedia":[{"embeddable":true,"href":"https:\/\/hostnetart.com.br\/baixada\/wp-json\/wp\/v2\/media\/4557"}],"wp:attachment":[{"href":"https:\/\/hostnetart.com.br\/baixada\/wp-json\/wp\/v2\/media?parent=4558"}],"wp:term":[{"taxonomy":"category","embeddable":true,"href":"https:\/\/hostnetart.com.br\/baixada\/wp-json\/wp\/v2\/categories?post=4558"},{"taxonomy":"post_tag","embeddable":true,"href":"https:\/\/hostnetart.com.br\/baixada\/wp-json\/wp\/v2\/tags?post=4558"}],"curies":[{"name":"wp","href":"https:\/\/api.w.org\/{rel}","templated":true}]}}