{"id":4556,"date":"2018-06-12T18:36:34","date_gmt":"2018-06-12T21:36:34","guid":{"rendered":"https:\/\/hostnetart.com.br\/baixada\/campanha-junho-vermelho-incentiva-doacao-de-sangue\/"},"modified":"2018-06-12T18:36:34","modified_gmt":"2018-06-12T21:36:34","slug":"campanha-junho-vermelho-incentiva-doacao-de-sangue","status":"publish","type":"post","link":"https:\/\/hostnetart.com.br\/baixada\/campanha-junho-vermelho-incentiva-doacao-de-sangue\/","title":{"rendered":"Campanha `Junho Vermelho\u00b4 incentiva doa\u00e7\u00e3o de sangue"},"content":{"rendered":"<p>A\u00e7\u00e3o batizada de Junho Vermelho, em analogia \u00e0 cor do sangue e ao Dia Mundial do Doador de Sangue, comemorado em 14 de junho, tem o objetivo de criar nas pessoas a cultura da doa\u00e7\u00e3o e conseguir, assim, um n\u00famero seguro de doadores regulares<\/p>\n<p>Falar da import\u00e2ncia da doa\u00e7\u00e3o de sangue deveria ser desnecess\u00e1rio, j\u00e1 que o l\u00edquido \u00e9 vital para o organismo e n\u00e3o h\u00e1 substituto para ele. Mas para a imensa maioria das pessoas, doar sangue n\u00e3o \u00e9 algo que fa\u00e7a parte da rotina. Muitas nunca doaram, e outras doaram apenas quando um conhecido precisou. O fato \u00e9 que a baixa nos estoques de sangue prejudica e impede, muitas vezes, que vidas sejam salvas. Foi pensando nisso que o movimento nacional &#8220;Eu dou sangue pelo Brasil&#8221; foi criado e vem recebendo apoio em diversas cidades do pa\u00eds.<\/p>\n<p>N\u00e3o \u00e0 toa, junho foi escolhido para marcar a campanha. No dia 14 deste m\u00eas comemora-se o Dia Mundial do Doador de Sangue. Al\u00e9m disso, a baixa na temperatura, t\u00edpica desta \u00e9poca do ano, faz com que sejam menores as doa\u00e7\u00f5es. Estima-se uma queda de at\u00e9 40% nos estoques. A demanda, por\u00e9m, n\u00e3o obedece \u00e0 mesma equa\u00e7\u00e3o. Com estoques caindo e cadeiras vazias, os Bancos de Sangue come\u00e7am a se preocupar.<\/p>\n<p>A OMS (Organiza\u00e7\u00e3o Mundial da Sa\u00fade) recomenda que de 3% a 5% da popula\u00e7\u00e3o seja doadora de sangue, mas no Brasil, o \u00edndice \u00e9 de 1,9%, considerado muito baixo. O n\u00famero de doadores precisa obedecer a um limite seguro, j\u00e1 que cada bolsa de sangue coletada \u00e9 dividida em subpartes, como hem\u00e1cias, plasma e plaquetas, e cada hemocomponente tem uma validade diferente. Outro motivo de alerta \u00e9 que, com o per\u00edodo de f\u00e9rias escolares se aproximando, o n\u00famero de acidentes envolvendo autom\u00f3veis nas rodovias cresce, o que faz com que as bolsas de sangue tenham maior sa\u00edda.<\/p>\n<p>\u2022 REQUISITOS B\u00c1SICOS PARA DOAR SANGUE<\/p>\n<p>&#8211; Portar documento oficial de identidade com foto (identidade, carteira de trabalho certificado de reservista ou carteira do conselho profissional)<\/p>\n<p>&#8211; Estar bem de sa\u00fade<\/p>\n<p>&#8211; Ter entre 16 (*) e 69 anos, 11 meses e 29 dias (*) jovens com 16 e 17 anos podem doar com autoriza\u00e7\u00e3o dos pais e \/ ou respons\u00e1veis legais. Modelo de autoriza\u00e7\u00e3o.<\/p>\n<p>&#8211; Pesar no m\u00ednimo 50 Kg<\/p>\n<p>&#8211; N\u00e3o estar em jejum. Evitar apenas alimentos gordurosos nas 3 horas que antecedem a doa\u00e7\u00e3o<\/p>\n<p>\u00a0<\/p>\n","protected":false},"excerpt":{"rendered":"<p>A\u00e7\u00e3o batizada de Junho Vermelho, em analogia \u00e0 cor do sangue e ao Dia Mundial do Doador de Sangue, comemorado em 14 de junho, tem o objetivo de criar nas pessoas a cultura da doa\u00e7\u00e3o e conseguir, assim, um n\u00famero seguro de doadores regulares Falar da import\u00e2ncia da doa\u00e7\u00e3o de sangue deveria ser desnecess\u00e1rio, j\u00e1 [&hellip;]<\/p>\n","protected":false},"author":2,"featured_media":4555,"comment_status":"","ping_status":"","sticky":false,"template":"","format":"standard","meta":{"footnotes":""},"categories":[3],"tags":[],"class_list":["post-4556","post","type-post","status-publish","format-standard","has-post-thumbnail","hentry","category-noticias"],"_links":{"self":[{"href":"https:\/\/hostnetart.com.br\/baixada\/wp-json\/wp\/v2\/posts\/4556","targetHints":{"allow":["GET"]}}],"collection":[{"href":"https:\/\/hostnetart.com.br\/baixada\/wp-json\/wp\/v2\/posts"}],"about":[{"href":"https:\/\/hostnetart.com.br\/baixada\/wp-json\/wp\/v2\/types\/post"}],"author":[{"embeddable":true,"href":"https:\/\/hostnetart.com.br\/baixada\/wp-json\/wp\/v2\/users\/2"}],"replies":[{"embeddable":true,"href":"https:\/\/hostnetart.com.br\/baixada\/wp-json\/wp\/v2\/comments?post=4556"}],"version-history":[{"count":0,"href":"https:\/\/hostnetart.com.br\/baixada\/wp-json\/wp\/v2\/posts\/4556\/revisions"}],"wp:featuredmedia":[{"embeddable":true,"href":"https:\/\/hostnetart.com.br\/baixada\/wp-json\/wp\/v2\/media\/4555"}],"wp:attachment":[{"href":"https:\/\/hostnetart.com.br\/baixada\/wp-json\/wp\/v2\/media?parent=4556"}],"wp:term":[{"taxonomy":"category","embeddable":true,"href":"https:\/\/hostnetart.com.br\/baixada\/wp-json\/wp\/v2\/categories?post=4556"},{"taxonomy":"post_tag","embeddable":true,"href":"https:\/\/hostnetart.com.br\/baixada\/wp-json\/wp\/v2\/tags?post=4556"}],"curies":[{"name":"wp","href":"https:\/\/api.w.org\/{rel}","templated":true}]}}