{"id":4554,"date":"2018-06-12T18:23:22","date_gmt":"2018-06-12T21:23:22","guid":{"rendered":"https:\/\/hostnetart.com.br\/baixada\/economia-piorou-para-72-dos-brasileiros-segundo-datafolha\/"},"modified":"2018-06-12T18:23:22","modified_gmt":"2018-06-12T21:23:22","slug":"economia-piorou-para-72-dos-brasileiros-segundo-datafolha","status":"publish","type":"post","link":"https:\/\/hostnetart.com.br\/baixada\/economia-piorou-para-72-dos-brasileiros-segundo-datafolha\/","title":{"rendered":"Economia piorou para 72% dos brasileiros, segundo Datafolha"},"content":{"rendered":"<p>De acordo com pesquisa de opini\u00e3o divulgada pelo\u00a0<a class=\"external-link\" title=\"\" href=\"https:\/\/www1.folha.uol.com.br\/mercado\/2018\/06\/situacao-do-pais-piorou-para-72-da-populacao-aponta-datafolha.shtml\" target=\"_blank\" rel=\"noopener noreferrer\">Instituto Datafolha<\/a>nesta segunda-feira (11), a percep\u00e7\u00e3o da popula\u00e7\u00e3o sobre os rumos da economia do pa\u00eds vem se deteriorando. Para 72% dos entrevistados, a situa\u00e7\u00e3o econ\u00f4mica piorou\u00a0nos \u00faltimos meses. Apenas 6% apontam melhora. No levantamento anterior, em abril, 52% achavam que os neg\u00f3cios n\u00e3o iam bem.<\/p>\n<p>As expectativas para o futuro tamb\u00e9m pioraram, segundo o instituto. H\u00e1 dois meses, 46% achavam que a situa\u00e7\u00e3o iria melhorar, contra 13% que demonstravam pessimismo. Agora 32% afirmam que a economia deve piorar nos pr\u00f3ximos meses, enquanto 26% acreditam numa melhora.<\/p>\n<p>A percep\u00e7\u00e3o sobre a situa\u00e7\u00e3o econ\u00f4mica individual tamb\u00e9m piorou. Quase a metade (49%) diz ter visto sua condi\u00e7\u00e3o financeira retroceder nos \u00faltimos meses, enquanto apenas 10% destacaram avan\u00e7os.\u00a0<\/p>\n<p>A pesquisa reflete o des\u00e2nimo da popula\u00e7\u00e3o com o passo lento da recupera\u00e7\u00e3o, que mais se parece com um quadro de estagna\u00e7\u00e3o, ainda mais depois da greve dos motoristas nas \u00faltimas semanas, que deve trazer impactos no PIB. Com redu\u00e7\u00e3o nos\u00a0<a class=\"internal-link\" title=\"\" href=\"http:\/\/www.redebrasilatual.com.br\/economia\/2018\/06\/sem-investimentos-em-infraestrutura-brasil-voltou-a-idade-da-pedra\" target=\"_blank\" rel=\"noopener noreferrer\">investimentos p\u00fablicos<\/a>\u00a0e o total de\u00a0<a class=\"internal-link\" title=\"\" href=\"http:\/\/www.redebrasilatual.com.br\/economia\/2018\/05\/desemprego-e-informalidade-aumentam-renda-estaciona\" target=\"_blank\" rel=\"noopener noreferrer\">desempregados atingindo\u00a013,4 milh\u00f5es<\/a>, o PIB do pa\u00eds avan\u00e7ou apenas\u00a0<a class=\"internal-link\" title=\"\" href=\"http:\/\/www.redebrasilatual.com.br\/economia\/2018\/05\/pib\" target=\"_blank\" rel=\"noopener noreferrer\">0,4% no primeiro trimestre<\/a>\u00a0deste ano.<\/p>\n<p>\u00a0<\/p>\n<p><span style=\"text-decoration: underline;\"><em><strong>FONTE: Rede Brasil Atual<\/strong><\/em><\/span><\/p>\n","protected":false},"excerpt":{"rendered":"<p>De acordo com pesquisa de opini\u00e3o divulgada pelo\u00a0Instituto Datafolhanesta segunda-feira (11), a percep\u00e7\u00e3o da popula\u00e7\u00e3o sobre os rumos da economia do pa\u00eds vem se deteriorando. Para 72% dos entrevistados, a situa\u00e7\u00e3o econ\u00f4mica piorou\u00a0nos \u00faltimos meses. Apenas 6% apontam melhora. No levantamento anterior, em abril, 52% achavam que os neg\u00f3cios n\u00e3o iam bem. As expectativas para [&hellip;]<\/p>\n","protected":false},"author":2,"featured_media":4553,"comment_status":"","ping_status":"","sticky":false,"template":"","format":"standard","meta":{"footnotes":""},"categories":[3],"tags":[],"class_list":["post-4554","post","type-post","status-publish","format-standard","has-post-thumbnail","hentry","category-noticias"],"_links":{"self":[{"href":"https:\/\/hostnetart.com.br\/baixada\/wp-json\/wp\/v2\/posts\/4554","targetHints":{"allow":["GET"]}}],"collection":[{"href":"https:\/\/hostnetart.com.br\/baixada\/wp-json\/wp\/v2\/posts"}],"about":[{"href":"https:\/\/hostnetart.com.br\/baixada\/wp-json\/wp\/v2\/types\/post"}],"author":[{"embeddable":true,"href":"https:\/\/hostnetart.com.br\/baixada\/wp-json\/wp\/v2\/users\/2"}],"replies":[{"embeddable":true,"href":"https:\/\/hostnetart.com.br\/baixada\/wp-json\/wp\/v2\/comments?post=4554"}],"version-history":[{"count":0,"href":"https:\/\/hostnetart.com.br\/baixada\/wp-json\/wp\/v2\/posts\/4554\/revisions"}],"wp:featuredmedia":[{"embeddable":true,"href":"https:\/\/hostnetart.com.br\/baixada\/wp-json\/wp\/v2\/media\/4553"}],"wp:attachment":[{"href":"https:\/\/hostnetart.com.br\/baixada\/wp-json\/wp\/v2\/media?parent=4554"}],"wp:term":[{"taxonomy":"category","embeddable":true,"href":"https:\/\/hostnetart.com.br\/baixada\/wp-json\/wp\/v2\/categories?post=4554"},{"taxonomy":"post_tag","embeddable":true,"href":"https:\/\/hostnetart.com.br\/baixada\/wp-json\/wp\/v2\/tags?post=4554"}],"curies":[{"name":"wp","href":"https:\/\/api.w.org\/{rel}","templated":true}]}}