{"id":4552,"date":"2018-06-12T16:30:20","date_gmt":"2018-06-12T19:30:20","guid":{"rendered":"https:\/\/hostnetart.com.br\/baixada\/negociacao-ja-garantiu-aos-financiarios-reposicao-da-inflacao-e-ultratividade-da-cct\/"},"modified":"2018-06-12T16:30:20","modified_gmt":"2018-06-12T19:30:20","slug":"negociacao-ja-garantiu-aos-financiarios-reposicao-da-inflacao-e-ultratividade-da-cct","status":"publish","type":"post","link":"https:\/\/hostnetart.com.br\/baixada\/negociacao-ja-garantiu-aos-financiarios-reposicao-da-inflacao-e-ultratividade-da-cct\/","title":{"rendered":"Negocia\u00e7\u00e3o j\u00e1 garantiu aos financi\u00e1rios reposi\u00e7\u00e3o da infla\u00e7\u00e3o e ultratividade da CCT"},"content":{"rendered":"<div class=\"content\">\n<p>Os financi\u00e1rios j\u00e1 t\u00eam garantida a reposi\u00e7\u00e3o da infla\u00e7\u00e3o em seus sal\u00e1rios e todas as cl\u00e1usulas econ\u00f4micas. Na segunda rodada de negocia\u00e7\u00e3o, realizada na ter\u00e7a-feira 12, entre a federa\u00e7\u00e3o patronal e representantes dos empregados, o reajuste de 1,76% pelo INPC foi garantido. Nas pr\u00f3ximas rodadas ser\u00e1 debatido o aumento real para sal\u00e1rios e demais verbas. Os trabalhadores querem a reposi\u00e7\u00e3o total do INPC mais 5% em raz\u00e3o dos altos resultados das financeiras no primeiro semestre.<\/p>\n<p>\u201cIsso \u00e9 muito importante. Sa\u00edmos da mesa com a garantia da reposi\u00e7\u00e3o da infla\u00e7\u00e3o e a partir de agora vamos negociar aumento real para sal\u00e1rios, vales, aux\u00edlios, PLR\u201d, refor\u00e7a o coordenador da mesa, Jair Alves, diretor da Confedera\u00e7\u00e3o Nacional dos Trabalhadores do Ramo Financeiro (Contraf-CUT).<\/p>\n<p>Tamb\u00e9m foi debatida uma nova cl\u00e1usula para a Conven\u00e7\u00e3o Coletiva de Trabalho (CCT) para abranger os trabalhadores que concedem cr\u00e9ditos nos finais de semana em lojas e concession\u00e1rias. Segundo os representantes patronal, s\u00e3o 54 as empresas que t\u00eam financeiras e seriam abrangidas.<\/p>\n<p>A proposta dos representantes dos trabalhadores \u00e9 ampliar os direitos de todos os empregados que prestam servi\u00e7os financeiros inclusive nos finais de semana. \u201cS\u00f3 vamos aceitar se esses trabalhadores tiverem direito a todas as conquistas do acordo dos financi\u00e1rios e devidamente remunerados pelo trabalho aos s\u00e1bados e domingos e feriados. Agora queremos saber quais lojas, quem s\u00e3o esses trabalhadores, onde est\u00e3o\u201d, avisa Jair.<\/p>\n<p>A mesa tamb\u00e9m debateu ajustes na cl\u00e1usula da Participa\u00e7\u00e3o nos Lucros e Resultados, para contemplar quest\u00f5es fiscais, de forma a abranger o exerc\u00edcio do ano. N\u00e3o haver\u00e1 impactos nos valores a serem pagos aos trabalhadores.<\/p>\n<p>Ficou acertado, ainda, o compromisso de manter as regras da conven\u00e7\u00e3o anterior durante a negocia\u00e7\u00e3o, sem nenhum preju\u00edzo aos trabalhadores.<\/p>\n<p>Em fun\u00e7\u00e3o dos jogos da Copa do Mundo, a pr\u00f3xima rodada de negocia\u00e7\u00e3o ser\u00e1 realizada na primeira semana de julho.<\/p>\n<\/div>\n<p id=\"page-author\"><strong>Fonte: Contraf-CUT<\/strong><\/p>\n","protected":false},"excerpt":{"rendered":"<p>Os financi\u00e1rios j\u00e1 t\u00eam garantida a reposi\u00e7\u00e3o da infla\u00e7\u00e3o em seus sal\u00e1rios e todas as cl\u00e1usulas econ\u00f4micas. Na segunda rodada de negocia\u00e7\u00e3o, realizada na ter\u00e7a-feira 12, entre a federa\u00e7\u00e3o patronal e representantes dos empregados, o reajuste de 1,76% pelo INPC foi garantido. Nas pr\u00f3ximas rodadas ser\u00e1 debatido o aumento real para sal\u00e1rios e demais verbas. [&hellip;]<\/p>\n","protected":false},"author":2,"featured_media":4551,"comment_status":"","ping_status":"","sticky":false,"template":"","format":"standard","meta":{"footnotes":""},"categories":[3],"tags":[],"class_list":["post-4552","post","type-post","status-publish","format-standard","has-post-thumbnail","hentry","category-noticias"],"_links":{"self":[{"href":"https:\/\/hostnetart.com.br\/baixada\/wp-json\/wp\/v2\/posts\/4552","targetHints":{"allow":["GET"]}}],"collection":[{"href":"https:\/\/hostnetart.com.br\/baixada\/wp-json\/wp\/v2\/posts"}],"about":[{"href":"https:\/\/hostnetart.com.br\/baixada\/wp-json\/wp\/v2\/types\/post"}],"author":[{"embeddable":true,"href":"https:\/\/hostnetart.com.br\/baixada\/wp-json\/wp\/v2\/users\/2"}],"replies":[{"embeddable":true,"href":"https:\/\/hostnetart.com.br\/baixada\/wp-json\/wp\/v2\/comments?post=4552"}],"version-history":[{"count":0,"href":"https:\/\/hostnetart.com.br\/baixada\/wp-json\/wp\/v2\/posts\/4552\/revisions"}],"wp:featuredmedia":[{"embeddable":true,"href":"https:\/\/hostnetart.com.br\/baixada\/wp-json\/wp\/v2\/media\/4551"}],"wp:attachment":[{"href":"https:\/\/hostnetart.com.br\/baixada\/wp-json\/wp\/v2\/media?parent=4552"}],"wp:term":[{"taxonomy":"category","embeddable":true,"href":"https:\/\/hostnetart.com.br\/baixada\/wp-json\/wp\/v2\/categories?post=4552"},{"taxonomy":"post_tag","embeddable":true,"href":"https:\/\/hostnetart.com.br\/baixada\/wp-json\/wp\/v2\/tags?post=4552"}],"curies":[{"name":"wp","href":"https:\/\/api.w.org\/{rel}","templated":true}]}}