{"id":4548,"date":"2018-06-12T13:35:40","date_gmt":"2018-06-12T16:35:40","guid":{"rendered":"https:\/\/hostnetart.com.br\/baixada\/pesquisa-aponta-que-bancarios-estao-dispostos-a-paralisar-atividades\/"},"modified":"2018-06-12T13:35:40","modified_gmt":"2018-06-12T16:35:40","slug":"pesquisa-aponta-que-bancarios-estao-dispostos-a-paralisar-atividades","status":"publish","type":"post","link":"https:\/\/hostnetart.com.br\/baixada\/pesquisa-aponta-que-bancarios-estao-dispostos-a-paralisar-atividades\/","title":{"rendered":"Pesquisa aponta que banc\u00e1rios est\u00e3o dispostos a paralisar atividades"},"content":{"rendered":"<div class=\"content\">\n<p>Os banc\u00e1rios est\u00e3o dispostos a paralisar as atividades para que as reivindica\u00e7\u00f5es da Campanha Nacional Unificada 2018 sejam atendidas pelos bancos. Isso \u00e9 o que mostram os resultados da consulta feita pelo Comando Nacional do Banc\u00e1rios \u00e0 categoria.<\/p>\n<p>Sindicatos de todo o pa\u00eds colheram as respostas dos banc\u00e1rios de ag\u00eancias e departamentos por meio de formul\u00e1rio f\u00edsico e pela internet. Os dados apontam que 60% dos trabalhadores v\u00e3o aderir \u00e0 greve caso as reivindica\u00e7\u00f5es da categoria n\u00e3o sejam atendidas e as assembleias deliberem pela paralisa\u00e7\u00e3o.<\/p>\n<p>\u201c\u00c9 uma prova de que a categoria entendeu que seus direitos est\u00e3o em risco e, se n\u00e3o se mobilizar, todas as conquistas obtidas em d\u00e9cadas de lutas podem deixar de existir\u201d, afirmou Juvandia Moreira, presidenta da Confedera\u00e7\u00e3o Nacional dos Trabalhadores do Ramo Financeiro (Contraf-CUT).<\/p>\n<p><strong>Prioridades<\/strong><br \/>A pesquisa tamb\u00e9m apontou que, para 25% da categoria, a prioridade da campanha deve ser a conquista do aumento real. Outros 23% querem que a prioridade seja a manuten\u00e7\u00e3o de direitos e 18% o combate ao ass\u00e9dio moral. A garantia do emprego (15%) e impedir a terceiriza\u00e7\u00e3o (14%) vieram na sequ\u00eancia.<\/p>\n<p>A\u00a0<a href=\"http:\/\/www.contrafcut.org.br\/noticias\/bancarios-definem-reivindicacoes-e-entregam-pauta-aos-bancos-no-dia-13-8c5d\" target=\"_blank\" rel=\"noopener noreferrer\"><ins><strong>20\u00aa Confer\u00eancia Nacional dos Banc\u00e1rios aprovou a reivindica\u00e7\u00e3o<\/strong><\/ins><\/a>\u00a0de um reajuste para repor a infla\u00e7\u00e3o (INPC\/IBGE) mais 5% de aumento real.<\/p>\n<p><strong>Quem votou n\u00e3o volta<\/strong><br \/>A pesquisa tamb\u00e9m mostra que, para 73% dos banc\u00e1rios, a reforma trabalhista (Lei 13.467\/2017) foi p\u00e9ssima para o trabalhador e que 79% n\u00e3o votar\u00e1 nos deputados e senadores que votaram favor\u00e1vel \u00e0 nova lei.<\/p>\n<p>O Comando Nacional dos Banc\u00e1rios planeja uma campanha para mostrar aos banc\u00e1rios e \u00e0 toda a sociedade quais foram os parlamentares que votaram \u00e0 favor da reforma.<\/p>\n<p>\u00a0<\/p>\n<\/div>\n<p id=\"page-author\"><strong><span style=\"text-decoration: underline;\"><em>Fonte: Contraf-CUT<\/em><\/span><\/strong><\/p>\n","protected":false},"excerpt":{"rendered":"<p>Os banc\u00e1rios est\u00e3o dispostos a paralisar as atividades para que as reivindica\u00e7\u00f5es da Campanha Nacional Unificada 2018 sejam atendidas pelos bancos. Isso \u00e9 o que mostram os resultados da consulta feita pelo Comando Nacional do Banc\u00e1rios \u00e0 categoria. Sindicatos de todo o pa\u00eds colheram as respostas dos banc\u00e1rios de ag\u00eancias e departamentos por meio de [&hellip;]<\/p>\n","protected":false},"author":2,"featured_media":4547,"comment_status":"","ping_status":"","sticky":false,"template":"","format":"standard","meta":{"footnotes":""},"categories":[3],"tags":[],"class_list":["post-4548","post","type-post","status-publish","format-standard","has-post-thumbnail","hentry","category-noticias"],"_links":{"self":[{"href":"https:\/\/hostnetart.com.br\/baixada\/wp-json\/wp\/v2\/posts\/4548","targetHints":{"allow":["GET"]}}],"collection":[{"href":"https:\/\/hostnetart.com.br\/baixada\/wp-json\/wp\/v2\/posts"}],"about":[{"href":"https:\/\/hostnetart.com.br\/baixada\/wp-json\/wp\/v2\/types\/post"}],"author":[{"embeddable":true,"href":"https:\/\/hostnetart.com.br\/baixada\/wp-json\/wp\/v2\/users\/2"}],"replies":[{"embeddable":true,"href":"https:\/\/hostnetart.com.br\/baixada\/wp-json\/wp\/v2\/comments?post=4548"}],"version-history":[{"count":0,"href":"https:\/\/hostnetart.com.br\/baixada\/wp-json\/wp\/v2\/posts\/4548\/revisions"}],"wp:featuredmedia":[{"embeddable":true,"href":"https:\/\/hostnetart.com.br\/baixada\/wp-json\/wp\/v2\/media\/4547"}],"wp:attachment":[{"href":"https:\/\/hostnetart.com.br\/baixada\/wp-json\/wp\/v2\/media?parent=4548"}],"wp:term":[{"taxonomy":"category","embeddable":true,"href":"https:\/\/hostnetart.com.br\/baixada\/wp-json\/wp\/v2\/categories?post=4548"},{"taxonomy":"post_tag","embeddable":true,"href":"https:\/\/hostnetart.com.br\/baixada\/wp-json\/wp\/v2\/tags?post=4548"}],"curies":[{"name":"wp","href":"https:\/\/api.w.org\/{rel}","templated":true}]}}