{"id":4546,"date":"2018-06-12T13:22:35","date_gmt":"2018-06-12T16:22:35","guid":{"rendered":"https:\/\/hostnetart.com.br\/baixada\/bancarios-do-bradesco-entregam-minuta-especifica-ao-banco\/"},"modified":"2018-06-12T13:22:35","modified_gmt":"2018-06-12T16:22:35","slug":"bancarios-do-bradesco-entregam-minuta-especifica-ao-banco","status":"publish","type":"post","link":"https:\/\/hostnetart.com.br\/baixada\/bancarios-do-bradesco-entregam-minuta-especifica-ao-banco\/","title":{"rendered":"Banc\u00e1rios do Bradesco entregam minuta espec\u00edfica ao banco"},"content":{"rendered":"<div class=\"content\">\n<p>Os banc\u00e1rios do Bradesco entregaram, nesta segunda-feira (11), a minuta reivindica\u00e7\u00f5es espec\u00edficas \u00e0 dire\u00e7\u00e3o do banco. O documento \u00e9 resultado do\u00a0<a href=\"http:\/\/contrafcut.org.br\/noticias\/bancarios-do-bradesco-definem-pauta-de-reivindicacoes-691b\">Encontro Nacional dos Banc\u00e1rios do Bradesco<\/a>, realizado na semana passada, em S\u00e3o Paulo.<\/p>\n<p>O emprego \u00e9 uma das quest\u00f5es centrais da pauta. \u201cO emprego nos preocupa muito, queremos saber como o banco vai aplicar esta nova lei trabalhista\u201d, questionou Juvandia Moreira, presidenta da Contraf-CUT.<\/p>\n<p>Os representantes dos trabalhadores abordaram ainda o fechamento das ag\u00eancias. No \u00faltimo ano, 414 ag\u00eancias foram fechadas. \u201cN\u00f3s cobramos contrata\u00e7\u00f5es de novos funcion\u00e1rios, pois em muitos locais h\u00e1 uma sobrecarga de trabalho. \u00c9 importante que eles sejam contratados como banc\u00e1rios, pela CLT, e n\u00e3o de qualquer outra maneira permitida pela nova lei.\u201d<\/p>\n<p>O novo diretor de Recursos Humanos informou que at\u00e9 ent\u00e3o as contrata\u00e7\u00f5es t\u00eam ocorrido como banc\u00e1rios e que n\u00e3o h\u00e1 nenhuma outra orienta\u00e7\u00e3o diferente.<\/p>\n<p>Outro tema debatido foi a implanta\u00e7\u00e3o do programa Smart, no qual o cliente avalia o contato com o banco por meio de SMS. \u00a0O banco informou que a ferramenta n\u00e3o veio para punir e sim para apoiar. No caso de N\u00e3o conformidade (N) s\u00f3 gera impacto no programa de objetivos (POBJ) na segunda vez que acontece. Informou tamb\u00e9m que a avalia\u00e7\u00e3o negativa n\u00e3o impacta no POBJ.<\/p>\n<p>O movimento sindical denunciou ao banco que, na realidade, o Smart est\u00e1 sendo usado para punir e que esta \u00e9 a sensa\u00e7\u00e3o dos funcion\u00e1rios e que em alguns locais tem gestor amea\u00e7ando demiss\u00e3o e solicitou que o banco reoriente a \u00e1rea comercial.<\/p>\n<p>\u201cO banco confirmou que o banc\u00e1rio n\u00e3o sabe qual cliente deu a n\u00e3o conformidade e que n\u00e3o lhe \u00e9 dado direito de defesa. O que \u00e9 muito ruim, pois o banc\u00e1rio pode ter se atrapalhado na hora de informar qual cliente foi contatado. Destacamos a import\u00e2ncia dessa quest\u00e3o ser revista\u201d, explicou Juvandia.<\/p>\n<p>Outra quest\u00e3o que os sindicalistas apontaram foi o ranking das n\u00e3o conformidades. \u201cA CCT (Conven\u00e7\u00e3o Coletiva de Trabalho) pro\u00edbe qualquer tipo de exposi\u00e7\u00e3o dos banc\u00e1rios com ranqueamento. Cobramos o banco, que reafirmou que cumpre a Conven\u00e7\u00e3o e que os locais onde estiver ocorrendo devem ser apontados ao RH que eles tomar\u00e3o provid\u00eancias\u201d, afirmou Gheorge Vitti, coordenador em exerc\u00edcio da Comiss\u00e3o de Organiza\u00e7\u00e3o de Empresa (COE) Bradesco. \u201cTratamos tamb\u00e9m a situa\u00e7\u00e3o das pessoas com altas do INSS, ap\u00f3s um per\u00edodo de aposentadoria por invalidez; quando de seu retorno e acolhimento ao local de trabalho. Muitos n\u00e3o sabem aonde se apresentar, pois o local de origem est\u00e1 fechado h\u00e1 tempos\u201d. O banco disse que elas podem se apresentar em qualquer ag\u00eancia.<\/p>\n<p>Tamb\u00e9m participaram da reuni\u00e3o Geraldo Rodrigue, da Fetrafi-MG, Sandro Cheiram, da Fetraf RS, Cristiane Zacarias, da Fetec-PR, Suez Garcia Santiago, da Fetrafi RJ-ES, e Lourival Rodrigues, da Feeb SP-ES.<\/p>\n<p>Os demais pontos da minuta espec\u00edfica ser\u00e3o debatidos na sequ\u00eancia das negocia\u00e7\u00f5es. A dire\u00e7\u00e3o do Bradesco ficou de informar as datas dispon\u00edveis para as pr\u00f3ximas reuni\u00f5es.<\/p>\n<\/div>\n<p id=\"page-author\"><strong>Fonte: Contraf-CUT<\/strong><\/p>\n","protected":false},"excerpt":{"rendered":"<p>Os banc\u00e1rios do Bradesco entregaram, nesta segunda-feira (11), a minuta reivindica\u00e7\u00f5es espec\u00edficas \u00e0 dire\u00e7\u00e3o do banco. O documento \u00e9 resultado do\u00a0Encontro Nacional dos Banc\u00e1rios do Bradesco, realizado na semana passada, em S\u00e3o Paulo. O emprego \u00e9 uma das quest\u00f5es centrais da pauta. \u201cO emprego nos preocupa muito, queremos saber como o banco vai aplicar esta [&hellip;]<\/p>\n","protected":false},"author":2,"featured_media":4545,"comment_status":"","ping_status":"","sticky":false,"template":"","format":"standard","meta":{"footnotes":""},"categories":[3],"tags":[],"class_list":["post-4546","post","type-post","status-publish","format-standard","has-post-thumbnail","hentry","category-noticias"],"_links":{"self":[{"href":"https:\/\/hostnetart.com.br\/baixada\/wp-json\/wp\/v2\/posts\/4546","targetHints":{"allow":["GET"]}}],"collection":[{"href":"https:\/\/hostnetart.com.br\/baixada\/wp-json\/wp\/v2\/posts"}],"about":[{"href":"https:\/\/hostnetart.com.br\/baixada\/wp-json\/wp\/v2\/types\/post"}],"author":[{"embeddable":true,"href":"https:\/\/hostnetart.com.br\/baixada\/wp-json\/wp\/v2\/users\/2"}],"replies":[{"embeddable":true,"href":"https:\/\/hostnetart.com.br\/baixada\/wp-json\/wp\/v2\/comments?post=4546"}],"version-history":[{"count":0,"href":"https:\/\/hostnetart.com.br\/baixada\/wp-json\/wp\/v2\/posts\/4546\/revisions"}],"wp:featuredmedia":[{"embeddable":true,"href":"https:\/\/hostnetart.com.br\/baixada\/wp-json\/wp\/v2\/media\/4545"}],"wp:attachment":[{"href":"https:\/\/hostnetart.com.br\/baixada\/wp-json\/wp\/v2\/media?parent=4546"}],"wp:term":[{"taxonomy":"category","embeddable":true,"href":"https:\/\/hostnetart.com.br\/baixada\/wp-json\/wp\/v2\/categories?post=4546"},{"taxonomy":"post_tag","embeddable":true,"href":"https:\/\/hostnetart.com.br\/baixada\/wp-json\/wp\/v2\/tags?post=4546"}],"curies":[{"name":"wp","href":"https:\/\/api.w.org\/{rel}","templated":true}]}}