{"id":4542,"date":"2018-06-11T20:24:10","date_gmt":"2018-06-11T23:24:10","guid":{"rendered":"https:\/\/hostnetart.com.br\/baixada\/20-conferencia-nacional-une-trabalhadores-em-defesa-do-patrimonio-publico\/"},"modified":"2018-06-11T20:24:10","modified_gmt":"2018-06-11T23:24:10","slug":"20-conferencia-nacional-une-trabalhadores-em-defesa-do-patrimonio-publico","status":"publish","type":"post","link":"https:\/\/hostnetart.com.br\/baixada\/20-conferencia-nacional-une-trabalhadores-em-defesa-do-patrimonio-publico\/","title":{"rendered":"20\u00aa Confer\u00eancia Nacional une trabalhadores em defesa do patrim\u00f4nio p\u00fablico"},"content":{"rendered":"<div class=\"content\">\n<p>Com o tema \u201cEm defesa das empresas p\u00fablicas\u201d, a segunda mesa da 20\u00aa Confer\u00eancia Nacional dos Banc\u00e1rios discutiu a import\u00e2ncia das institui\u00e7\u00f5es p\u00fablicas, como: a Caixa Econ\u00f4mica Federal, o Banco do Brasil, a Petrobr\u00e1s e Eletrobr\u00e1s, para a sociedade e desenvolvimento do pa\u00eds.<\/p>\n<p>O professor associado do Departamento de Ci\u00eancias Econ\u00f4micas da Universidade Federal Rural do Rio de Janeiro, Ant\u00f4nio Jos\u00e9 Alves J\u00fanior, iniciou o debate com uma <a href=\"http:\/\/admin.contrafcut.com.br\/system\/uploads\/ck\/files\/O%20ataque%20aos%20bancos%20p%C3%BAblicos.pdf\" target=\"_blank\" rel=\"noopener noreferrer\"><ins><strong>an\u00e1lise sobre como os bancos p\u00fablicos se diferenciam dos privados<\/strong><\/ins><\/a> por sua fun\u00e7\u00e3o social e capacidade de desenvolver a economia do pa\u00eds. \u00a0\u201cNa economia que a gente vive, os investimentos de grande porte, como infraestrutura, agricultura, dependem de financiamento, e, muitas vezes, envolvendo atividades arriscadas. O sistema banc\u00e1rio privado entra nessas atividades com o p\u00e9 atr\u00e1s e cabe aos bancos p\u00fablicos ofertar esse financiamento para que haja esse est\u00edmulo\u201d, disse.<\/p>\n<p>Uma an\u00e1lise sobre as mudan\u00e7as ocorridas no sistema p\u00fablico brasileiro alertou sobre pr\u00e1ticas do governo que t\u00eam como objetivo principal o desmonte das institui\u00e7\u00f5es p\u00fablicas. \u201cAs medidas tomadas pelo governo refletem reformas feitas dentro do sistema, mudan\u00e7as no programa Minha Casa Minha Vida, mudan\u00e7a de pol\u00edtica operacional dos bancos, diminui\u00e7\u00e3o de participa\u00e7\u00e3o dos bancos p\u00fablicos e redu\u00e7\u00e3o do n\u00famero de ag\u00eancias. O Banco do Brasil j\u00e1 adotou a pol\u00edtica agressiva de redu\u00e7\u00e3o de postos de atendimentos e o n\u00famero se aproximou do perfil do Ita\u00fa. A Caixa, de modo mais t\u00edmido, por ser mais resistente, conseguiu manter um pouco mais o n\u00famero de ag\u00eancias. Esse quadro \u00e9 preocupante, pois, inv\u00e9s dos bancos p\u00fablicos reagirem, eles fazem o oposto.\u201d<\/p>\n<p>Jair Ferreira, presidente da Federa\u00e7\u00e3o Nacional das Associa\u00e7\u00f5es do Pessoal da Caixa Econ\u00f4mica Federal (Fenae), lembrou que, durante o governo Lula, a Caixa chegou pr\u00f3ximo a 4 mil ag\u00eancias e postos de atendimentos. Conseguiu dobrar o n\u00famero de trabalhadores, chegando a 101 mil. De 2014 para c\u00e1, j\u00e1 somos apenas 88 mil e as ag\u00eancias n\u00e3o para de fechar.\u201d<\/p>\n<p>Ferreira lamentou que a estrat\u00e9gia colocada pela atual gest\u00e3o do banco, principalmente no Conselho de Administra\u00e7\u00e3o, \u00e9 do enfraquecimento da Caixa para transforma-la em Sociedade An\u00f4nima (SA). \u201cO golpe est\u00e1 chegando atrav\u00e9s do Conselho de Administra\u00e7\u00e3o. Esse \u00e9 um grande debate que temos de fazer e n\u00e3o permitir que isso aconte\u00e7a. Pois as empresas p\u00fablicas existem para ir nos lugares que ningu\u00e9m vai. Ajuda a desenvolver estes locais, com libera\u00e7\u00e3o de cr\u00e9dito, e tenta acabar com a desigualdade social.\u201d<\/p>\n<p>O Conselheiro de Administra\u00e7\u00e3o Representante dos Funcion\u00e1rios do Banco do Brasil, Fabiano F\u00e9lix, fez uma reflex\u00e3o sobre o desmanche executado como pol\u00edtica de estado no ataque ao patrim\u00f4nio brasileiro. \u201cEssa roda de destrui\u00e7\u00e3o por onde passa n\u00e3o deixa nada al\u00e9m de cinzas. Aquele que se propor a pensar criticamente, primeiro tem que se desarmar para enfrentar o assunto. A forma como o governo Lula, sabiamente, utilizou os bancos p\u00fablicos foi como instrumento de desenvolvimento. N\u00e3o basta apenas discutir as estrat\u00e9gias de governan\u00e7a da empresa. Tudo isso se torna ef\u00eamero se voc\u00ea n\u00e3o envolve a massa. Com todo o \u00eaxito que houve na politica de distribui\u00e7\u00e3o de credito e fomento da economia do BB, os lucros que o banco conseguiu n\u00e3o foram suficientes.<\/p>\n<p>Fabiano ainda citou que ao falar em empresas p\u00fablicas, n\u00e3o se deve pensar apenas em lucro econ\u00f4mico. \u201cEsse lucro \u00e9 importante, mas n\u00e3o s\u00f3 de lucro vivem as estatais, temos que buscar o lucro dos resultados sociais. Temos de erguer essa bandeira e ir \u00e0 luta!\u201d<\/p>\n<p><strong>Trabalhadores da Petrobr\u00e1s e Eletrobr\u00e1s mostram sua for\u00e7a<\/strong><br \/> Em um momento de forte ataque \u00e0 Petrobr\u00e1s, na qual os trabalhadores est\u00e3o se mobilizando contra a privatiza\u00e7\u00e3o e o aumento dos combust\u00edveis, a diretora da Federa\u00e7\u00e3o \u00danica dos Petroleiros (FUP) e secret\u00e1ria de Juventude da CUT, Cibele Vieira, iniciou seu discurso dizendo que \u201cpara falar da Petrobras, da import\u00e2ncia da empresa estatal, preciso dizer que muita coisa que estamos passando hoje \u00e9 porque a Petrobras \u00e9 SA. O que \u00e9 triste, pois \u00e9 uma empresa que nasceu de mobiliza\u00e7\u00e3o popular. Nem se sabia que se tinha tanto petr\u00f3leo no Brasil, mas j\u00e1 se sabia que era um bem estrat\u00e9gico. N\u00e3o \u00e9 \u00e0 toa que eles tiveram que barrar a Petrobras, antes de fazer o golpe. Eles tiveram que criar um crime.\u201d<\/p>\n<p>Para ela, a abertura da Petrobras para as empresas certificadoras terem acesso a tudo foi o in\u00edcio da derrocada da empresa. Em seguida, foi a cria\u00e7\u00e3o do plano de neg\u00f3cios e a mudan\u00e7a da Lei de Partilha, quando tiraram a opera\u00e7\u00e3o \u00fanica da Petrobras. \u201cA disputa \u00e9 para quem tem que servir o petr\u00f3leo brasileiro? O dono majorit\u00e1rio da Petrobras \u00e9 o governo, ou seja, o povo brasileiro. Mas, quando se pensa nos bens e nos lucros, s\u00f3 pensam nos acionistas?\u201d<\/p>\n<p>Ela lembrou que, enquanto antes houve um plano de expans\u00e3o do refino, agora a empresa n\u00e3o usa nem que produz. \u201cParalelo a isso, o governo colocou os pre\u00e7os dos derivados de petr\u00f3leo acima dos internacionais. Fizeram isso para a empresas internacionais entrarem no Brasil e se sentirem confort\u00e1veis para comprar a refinarias. N\u00e3o tem explica\u00e7\u00e3o isso que est\u00e1 acontecendo, a n\u00e3o ser interesses escusos de desmontar a empresa.\u201d<\/p>\n<p>J\u00e1 <a href=\"http:\/\/admin.contrafcut.com.br\/system\/uploads\/ck\/files\/SETOR%20EL%C3%89TRICO%20BRASILEIRO.pdf\" target=\"_blank\" rel=\"noopener noreferrer\"><ins><strong>sobre a Eletrobr\u00e1s<\/strong><\/ins><\/a>, Esteliano Pereira Gomes Neto, secret\u00e1rio de Administra\u00e7\u00e3o e Finan\u00e7as do Sindicato dos Trabalhadores Energ\u00e9ticos do Estado de S\u00e3o Paulo (Sinergia-CUT), comentou sobre a proposta do governo em querer vender boa parte do patrim\u00f4nio p\u00fablico, sendo 47 usinas hidrel\u00e9tricas, 114 termel\u00e9tricas, 114 e\u00f3licas e 1 solar, pelo valor de 12 bilh\u00f5es. \u201c\u00c9 golpe! Est\u00e3o entregando o patrim\u00f4nio p\u00fablico e, al\u00e9m de vender a energia el\u00e9trica, est\u00e3o vendendo a \u00e1gua. Precisamos impedir a entrega do nosso patrim\u00f4nio, envolver os trabalhadores na luta e, desta forma, j\u00e1 nos programamos para a greve dos dias 11, 12 e 13 em defesa da Eletrobr\u00e1s, todas as empresas p\u00fablicas e pela soberania nacional.\u201d<\/p>\n<p>A 20\u00aa Confer\u00eancia Nacional dar\u00e1 continuidade aos debates com a mesa \u201cO Sistema Financeiro que Queremos\u201d, \u00e0s 15h.<\/p>\n<\/div>\n<p id=\"page-author\"><span style=\"text-decoration: underline;\"><em><strong>Fonte: Contraf-CUT<\/strong><\/em><\/span><\/p>\n","protected":false},"excerpt":{"rendered":"<p>Com o tema \u201cEm defesa das empresas p\u00fablicas\u201d, a segunda mesa da 20\u00aa Confer\u00eancia Nacional dos Banc\u00e1rios discutiu a import\u00e2ncia das institui\u00e7\u00f5es p\u00fablicas, como: a Caixa Econ\u00f4mica Federal, o Banco do Brasil, a Petrobr\u00e1s e Eletrobr\u00e1s, para a sociedade e desenvolvimento do pa\u00eds. O professor associado do Departamento de Ci\u00eancias Econ\u00f4micas da Universidade Federal Rural [&hellip;]<\/p>\n","protected":false},"author":2,"featured_media":4541,"comment_status":"","ping_status":"","sticky":false,"template":"","format":"standard","meta":{"footnotes":""},"categories":[3],"tags":[],"class_list":["post-4542","post","type-post","status-publish","format-standard","has-post-thumbnail","hentry","category-noticias"],"_links":{"self":[{"href":"https:\/\/hostnetart.com.br\/baixada\/wp-json\/wp\/v2\/posts\/4542","targetHints":{"allow":["GET"]}}],"collection":[{"href":"https:\/\/hostnetart.com.br\/baixada\/wp-json\/wp\/v2\/posts"}],"about":[{"href":"https:\/\/hostnetart.com.br\/baixada\/wp-json\/wp\/v2\/types\/post"}],"author":[{"embeddable":true,"href":"https:\/\/hostnetart.com.br\/baixada\/wp-json\/wp\/v2\/users\/2"}],"replies":[{"embeddable":true,"href":"https:\/\/hostnetart.com.br\/baixada\/wp-json\/wp\/v2\/comments?post=4542"}],"version-history":[{"count":0,"href":"https:\/\/hostnetart.com.br\/baixada\/wp-json\/wp\/v2\/posts\/4542\/revisions"}],"wp:featuredmedia":[{"embeddable":true,"href":"https:\/\/hostnetart.com.br\/baixada\/wp-json\/wp\/v2\/media\/4541"}],"wp:attachment":[{"href":"https:\/\/hostnetart.com.br\/baixada\/wp-json\/wp\/v2\/media?parent=4542"}],"wp:term":[{"taxonomy":"category","embeddable":true,"href":"https:\/\/hostnetart.com.br\/baixada\/wp-json\/wp\/v2\/categories?post=4542"},{"taxonomy":"post_tag","embeddable":true,"href":"https:\/\/hostnetart.com.br\/baixada\/wp-json\/wp\/v2\/tags?post=4542"}],"curies":[{"name":"wp","href":"https:\/\/api.w.org\/{rel}","templated":true}]}}