{"id":4535,"date":"2018-06-08T12:46:21","date_gmt":"2018-06-08T15:46:21","guid":{"rendered":"https:\/\/hostnetart.com.br\/baixada\/bancarios-do-bb-analisam-conjuntura-nacional-e-os-impactos-da-nova-legislacao\/"},"modified":"2018-06-08T12:46:21","modified_gmt":"2018-06-08T15:46:21","slug":"bancarios-do-bb-analisam-conjuntura-nacional-e-os-impactos-da-nova-legislacao","status":"publish","type":"post","link":"https:\/\/hostnetart.com.br\/baixada\/bancarios-do-bb-analisam-conjuntura-nacional-e-os-impactos-da-nova-legislacao\/","title":{"rendered":"Banc\u00e1rios do BB analisam conjuntura nacional e os impactos da nova legisla\u00e7\u00e3o"},"content":{"rendered":"<div class=\"content\">\n<p>O primeiro painel do 29\u00ba Congresso Nacional dos Funcion\u00e1rios do Banco do Brasil norteou as discuss\u00f5es, realizadas na tarde desta quinta-feira (7), com a an\u00e1lise da conjuntura nacional e dos ataques aos banc\u00e1rios e bancos p\u00fablicos.<\/p>\n<p>O presidente da Federa\u00e7\u00e3o Nacional das Associa\u00e7\u00f5es do Pessoal da Caixa Econ\u00f4mica Federal\u00a0(Fenae), Jair Pedro Ferreira, explicou que os bancos p\u00fablicos s\u00e3o importantes para o desenvolvimento do pa\u00eds e que as empresas carecem de financiamento a longo prazo. \u201cO papel do estado \u00e9 permitir o financiamento e as oportunidades, o que n\u00e3o acontecer\u00e1 caso os bancos sejam privatizados. S\u00f3 \u00e9 poss\u00edvel criar oportunidades se houver empresas p\u00fablicas e bancos p\u00fablicos. Precisamos fortalecer o BB e todos os bancos p\u00fablicos.\u201d<\/p>\n<p>De acordo com Jair, \u00e9 preciso fazer um debate com o legislativo e a sociedade para discutir o tipo de congresso que o povo brasileiro quer. \u201cA mobiliza\u00e7\u00e3o \u00e9 importante, precisamos respeitar as pessoas e as diversidades e um estado que acolha o cidad\u00e3o e tenha perspectiva de futuro. N\u00e3o podemos deixar o Banco do Brasil s\u00f3 para o correntismo.\u201d<\/p>\n<p>No segundo painel, a economista do Dieese, Vivian Machado, apresentou uma pesquisa sobre o mundo do trabalho e a representa\u00e7\u00e3o trabalhista. \u201cCom o avan\u00e7o da tecnologia, podemos observar que ela destr\u00f3i mais do que cria. Ela reduz custos e gera menos empregos\u201d, afirmou.<\/p>\n<p>Ela citou o modelo Gig Economy, conhecido nos Estados Unidos, que est\u00e1 se sobressaindo no mundo do trabalho. Com o sistema, os trabalhadores n\u00e3o t\u00eam vinculo empregat\u00edcio, como no regime intermitente, e n\u00e3o tem benef\u00edcios. \u201c\u00c9 um modelo crescente, sem garantias e sem perspectivas&#8221;, finalizou.<\/p>\n<p>\u00a0<\/p>\n<p><strong>Previd\u00eancia Complementar <\/strong><\/p>\n<p>O 29\u00ba CNFBB promoveu tamb\u00e9m o debate sobre a Previd\u00eancia Complementar e sobre a tentativa de aprova\u00e7\u00e3o do Projeto de lei n\u00ba 268, que visa terceirizar a gest\u00e3o dos fundos de pens\u00e3o. \u201cPrecisamos entender o que est\u00e1 por tr\u00e1s na tentativa de golpe da Previ. Dentro desse discurso neoliberal est\u00e1 pautada a ideia de que nos trabalhadores n\u00e3o podemos gerir nossos pr\u00f3prios neg\u00f3cios\u201d, disse Paula Gotto, diretora de Planejamento da Previ.<\/p>\n<p>Marcio Souza, diretor de Administra\u00e7\u00e3o da Previ, exaltou a defesa da governan\u00e7a parit\u00e1ria e do comprometimento com a gest\u00e3o. \u00a0\u201cN\u00e3o aceitaremos que a representa\u00e7\u00e3o dos associados seja quebrada. Vamos lutar at\u00e9 as \u00faltimas consequ\u00eancias e para isso \u00e9 fundamental a nossa mobiliza\u00e7\u00e3o para defender a nossa conquista. Defendemos a governan\u00e7a parit\u00e1ria e que a gest\u00e3o seja correta de cada centavo que est\u00e1 aplicado na nossa entidade&#8221;, afirmou.<\/p>\n<p>\u00a0<\/p>\n<p><strong>Sa\u00fade e Condi\u00e7\u00f5es de Trabalho<\/strong><\/p>\n<p>O diretor de Planos de Sa\u00fade e Relacionamento com clientes da Cassi, Humberto Santos Almeida, desmentiu o governo que insiste em afirmar que a Cassi \u00e9 ineficiente. \u201cA Cassi gasta 8% de or\u00e7amento enquanto o mercado gasta 12%. Al\u00e9m disso, \u00e9 um plano coletivo, que atende todos os estados, oferece programas assistenciais e uma auto-gest\u00e3o que n\u00e3o visa fins lucrativos\u201d, explicou.<\/p>\n<p>Para ele, as dificuldades pela qual os trabalhadores v\u00eam passando se deve \u00e0 irresponsabilidade do governo com a sociedade. \u201cEstamos sob a tutela de um governo que, al\u00e9m de reduzir os funcion\u00e1rios, faz com que os brasileiros n\u00e3o tenham assist\u00eancia. \u00a0O banco tem se aproveitado nos \u00faltimos tempos em ampliar o seu ass\u00e9dio moral. A meta \u00e9 fazer com que as pessoas sejam obrigadas a aceitar as propostas do banco&#8221;, disse.<\/p>\n<p>\u00a0<\/p>\n<p>\u00a0<\/p>\n<p>\u00a0<\/p>\n<p>\u00a0<\/p>\n<\/div>\n<p id=\"page-author\">Fonte: Contraf-CUT<\/p>\n","protected":false},"excerpt":{"rendered":"<p>O primeiro painel do 29\u00ba Congresso Nacional dos Funcion\u00e1rios do Banco do Brasil norteou as discuss\u00f5es, realizadas na tarde desta quinta-feira (7), com a an\u00e1lise da conjuntura nacional e dos ataques aos banc\u00e1rios e bancos p\u00fablicos. O presidente da Federa\u00e7\u00e3o Nacional das Associa\u00e7\u00f5es do Pessoal da Caixa Econ\u00f4mica Federal\u00a0(Fenae), Jair Pedro Ferreira, explicou que os [&hellip;]<\/p>\n","protected":false},"author":2,"featured_media":4534,"comment_status":"","ping_status":"","sticky":false,"template":"","format":"standard","meta":{"footnotes":""},"categories":[3],"tags":[],"class_list":["post-4535","post","type-post","status-publish","format-standard","has-post-thumbnail","hentry","category-noticias"],"_links":{"self":[{"href":"https:\/\/hostnetart.com.br\/baixada\/wp-json\/wp\/v2\/posts\/4535","targetHints":{"allow":["GET"]}}],"collection":[{"href":"https:\/\/hostnetart.com.br\/baixada\/wp-json\/wp\/v2\/posts"}],"about":[{"href":"https:\/\/hostnetart.com.br\/baixada\/wp-json\/wp\/v2\/types\/post"}],"author":[{"embeddable":true,"href":"https:\/\/hostnetart.com.br\/baixada\/wp-json\/wp\/v2\/users\/2"}],"replies":[{"embeddable":true,"href":"https:\/\/hostnetart.com.br\/baixada\/wp-json\/wp\/v2\/comments?post=4535"}],"version-history":[{"count":0,"href":"https:\/\/hostnetart.com.br\/baixada\/wp-json\/wp\/v2\/posts\/4535\/revisions"}],"wp:featuredmedia":[{"embeddable":true,"href":"https:\/\/hostnetart.com.br\/baixada\/wp-json\/wp\/v2\/media\/4534"}],"wp:attachment":[{"href":"https:\/\/hostnetart.com.br\/baixada\/wp-json\/wp\/v2\/media?parent=4535"}],"wp:term":[{"taxonomy":"category","embeddable":true,"href":"https:\/\/hostnetart.com.br\/baixada\/wp-json\/wp\/v2\/categories?post=4535"},{"taxonomy":"post_tag","embeddable":true,"href":"https:\/\/hostnetart.com.br\/baixada\/wp-json\/wp\/v2\/tags?post=4535"}],"curies":[{"name":"wp","href":"https:\/\/api.w.org\/{rel}","templated":true}]}}