{"id":4533,"date":"2018-06-08T12:45:41","date_gmt":"2018-06-08T15:45:41","guid":{"rendered":"https:\/\/hostnetart.com.br\/baixada\/momento-e-de-resistencia-alerta-ecoa-na-abertura-do-34-conecef-em-sao-paulo\/"},"modified":"2018-06-08T12:45:41","modified_gmt":"2018-06-08T15:45:41","slug":"momento-e-de-resistencia-alerta-ecoa-na-abertura-do-34-conecef-em-sao-paulo","status":"publish","type":"post","link":"https:\/\/hostnetart.com.br\/baixada\/momento-e-de-resistencia-alerta-ecoa-na-abertura-do-34-conecef-em-sao-paulo\/","title":{"rendered":"Momento \u00e9 de resist\u00eancia! Alerta ecoa na abertura do 34\u00ba Conecef, em S\u00e3o Paulo"},"content":{"rendered":"<div class=\"content\">\n<p>Foi aberto nesta quinta-feira (7), em S\u00e3o Paulo, o 34\u00ba Congresso Nacional dos Empregados da Caixa Econ\u00f4mica Federal (Conecef), que re\u00fane cerca de 400 trabalhadores do banco de todo o pa\u00eds, entre delegados, observadores e convidados. Logo no in\u00edcio do evento, lideran\u00e7as sindicais e do movimento associativo ressaltaram a import\u00e2ncia de intensificar a mobiliza\u00e7\u00e3o em defesa da Caixa 100% p\u00fablica e contra a retirada de direitos. Os dirigentes lembraram que o momento \u00e9 de resist\u00eancia aos ataques contra a empresa e seus trabalhadores.<\/p>\n<p>\u201cO processo eleitoral vai ditar o futuro da Caixa e das demais estatais. Todos n\u00f3s empregados e aposentados precisamos estar mobilizados afim de evitar que a Caixa seja desmontada. Os ataques v\u00eam se intensificando e precisamos estar preparados para resistir\u201d, destacou o presidente da Fenae, Jair Pedro Ferreira.<\/p>\n<p>A unidade do movimento sindical e associativo foi outro ponto destacado durante a abertura da Conecef. O pr\u00f3prio slogan do Congresso traduz esse sentimento: \u201cJuntos somos mais\u201d.<\/p>\n<p>\u201cPrecisamos atuar com unidade e mobilizados para defender nossos direitos e a manuten\u00e7\u00e3o da Caixa 100% p\u00fablica\u201d, enfatizou Fabiana Uehara, representante da Confedera\u00e7\u00e3o Nacional dos Trabalhadores do Ramo Financeiro (Contraf-CUT).<\/p>\n<p>Os debates do 34\u00ba Conecef, que prosseguem at\u00e9 sexta-feira (8), ser\u00e3o marcados pelos seguintes eixos: Nenhum Direito a Menos, Caixa 100% p\u00fablica, Sa\u00fade Caixa e Funcef, Sa\u00fade e Condi\u00e7\u00f5es de Trabalho.<\/p>\n<p>\u201cS\u00e3o mais de 30 anos de muita luta e sairemos desse 34 congresso com uma pauta de reivindica\u00e7\u00f5es espec\u00edficas que traduza as necessidades dos trabalhadores da Caixa, por melhoria das condi\u00e7\u00f5es de trabalho e contra o desmonte do banco\u201d, resumiu o coordenador da Comiss\u00e3o Executiva dos Empregados da Caixa (CEE\/Caixa), Dion\u00edsio Reis.<\/p>\n<p><strong>Nenhum direito a menos<\/strong><\/p>\n<p>O primeiro painel do Conecef girou em torno das consequ\u00eancias desastrosas para os trabalhadores das reformas previdenci\u00e1ria e trabalhista. Carlos Gabas, ex-ministro da Previd\u00eancia nos governos Lula e Dilma, disse que a proposta do governo Temer n\u00e3o \u00e9 uma reforma, mas um desmonte da Previd\u00eancia Social. Dentre os pontos negativos do projeto, que tramita no Congresso Nacional, est\u00e3o a retirada dos direitos das mulheres, dos trabalhadores rurais e o fim da aposentadoria especial.<\/p>\n<p>\u201cAt\u00e9 agora a sociedade brasileira, com a mobiliza\u00e7\u00e3o dos trabalhadores, resistiu ao desmonte da Previd\u00eancia, mas o governo depois das elei\u00e7\u00f5es vai colocar o projeto novamente em vota\u00e7\u00e3o, o Temer j\u00e1 disse isso\u201d, alertou Gabas. Segundo ele, a Previd\u00eancia n\u00e3o \u00e9 deficit\u00e1ria conforme alega o governo. Aponta ainda que despesa previdenci\u00e1ria se mantem est\u00e1vel h\u00e1 mais de uma d\u00e9cada e que at\u00e9 2015 a previd\u00eancia mantinha super\u00e1vit na despesa urbana. \u201cA receita caiu absurdamente depois de 2015 devido ao desemprego e a crise econ\u00f4mica aprofundada pelos golpistas\u201d, acrescentou o ex-ministro.<\/p>\n<p>A necessidade de mobiliza\u00e7\u00e3o contra as reformas do governo tamb\u00e9m foi destacada pelo advogado Jos\u00e9 Eymard Logu\u00e9rcio, que integra a Assessoria Jur\u00eddica da Fenae.\u00a0 Ele falou sobre os impactos da nova lei trabalhista. \u201cQuando se destr\u00f3i direitos sociais, est\u00e1 se acabando com a cidadania\u201d, frisou Eymard. Segundo o advogado, os trabalhadores n\u00e3o podem esperar que o Judici\u00e1rio revise a legisla\u00e7\u00e3o aprovada em tempo recorde pelo Congresso Nacional, porque isto dificilmente acontecer\u00e1.<\/p>\n<p>A rea\u00e7\u00e3o contra a reforma trabalhista, que teve como principal objetivo retirar direitos e desestruturar a organiza\u00e7\u00e3o dos trabalhadores atrav\u00e9s dos sindicatos, deve vir da sociedade, apontou Eymard. O advogado revelou que j\u00e1 existem a\u00e7\u00f5es na Justi\u00e7a questionando v\u00e1rios pontos da lei como o fim da obrigatoriedade da contribui\u00e7\u00e3o sindical, trabalho intermitente, o acesso \u00e0 Justi\u00e7a, entre outros.<\/p>\n<p><strong>Sa\u00fade Caixa<\/strong><\/p>\n<p>Albucacis de Castro, m\u00e9dico e assessor do GT Sa\u00fade Caixa, fez uma explana\u00e7\u00e3o sobre o hist\u00f3rico e a import\u00e2ncia do plano de sa\u00fade dos empregados da Caixa. \u201c\u00c9 importante os trabalhadores defenderem o Sa\u00fade Caixa e buscarem melhor\u00e1-lo\u201d, afirmou. Ele lembrou que o Sa\u00fade Caixa acumulou super\u00e1vit que em 2016 chegava a R$ 670 milh\u00f5es. E que os dados referentes ao ano passado ainda n\u00e3o foram divulgados pelo banco.<\/p>\n<p>Um Manifesto em Defesa do Sa\u00fade Caixa foi distribu\u00eddo com os participantes do 34\u00ba Conecef. Durante o debate, um ato na plen\u00e1ria marcou o refor\u00e7o do lan\u00e7amento da campanha nacional \u201cSa\u00fadeCaixa: eu defendo\u201d, lan\u00e7ada pela Fenae, Contraf-CUT, Fenacef, Fenag, Advocef, Aneac e Social Caixa.<\/p>\n<\/div>\n<p id=\"page-author\"><span style=\"text-decoration: underline;\"><em><strong>Fonte: Rede Nacional dos Banc\u00e1rios<\/strong><\/em><\/span><\/p>\n","protected":false},"excerpt":{"rendered":"<p>Foi aberto nesta quinta-feira (7), em S\u00e3o Paulo, o 34\u00ba Congresso Nacional dos Empregados da Caixa Econ\u00f4mica Federal (Conecef), que re\u00fane cerca de 400 trabalhadores do banco de todo o pa\u00eds, entre delegados, observadores e convidados. Logo no in\u00edcio do evento, lideran\u00e7as sindicais e do movimento associativo ressaltaram a import\u00e2ncia de intensificar a mobiliza\u00e7\u00e3o em [&hellip;]<\/p>\n","protected":false},"author":2,"featured_media":4532,"comment_status":"","ping_status":"","sticky":false,"template":"","format":"standard","meta":{"footnotes":""},"categories":[3],"tags":[],"class_list":["post-4533","post","type-post","status-publish","format-standard","has-post-thumbnail","hentry","category-noticias"],"_links":{"self":[{"href":"https:\/\/hostnetart.com.br\/baixada\/wp-json\/wp\/v2\/posts\/4533","targetHints":{"allow":["GET"]}}],"collection":[{"href":"https:\/\/hostnetart.com.br\/baixada\/wp-json\/wp\/v2\/posts"}],"about":[{"href":"https:\/\/hostnetart.com.br\/baixada\/wp-json\/wp\/v2\/types\/post"}],"author":[{"embeddable":true,"href":"https:\/\/hostnetart.com.br\/baixada\/wp-json\/wp\/v2\/users\/2"}],"replies":[{"embeddable":true,"href":"https:\/\/hostnetart.com.br\/baixada\/wp-json\/wp\/v2\/comments?post=4533"}],"version-history":[{"count":0,"href":"https:\/\/hostnetart.com.br\/baixada\/wp-json\/wp\/v2\/posts\/4533\/revisions"}],"wp:featuredmedia":[{"embeddable":true,"href":"https:\/\/hostnetart.com.br\/baixada\/wp-json\/wp\/v2\/media\/4532"}],"wp:attachment":[{"href":"https:\/\/hostnetart.com.br\/baixada\/wp-json\/wp\/v2\/media?parent=4533"}],"wp:term":[{"taxonomy":"category","embeddable":true,"href":"https:\/\/hostnetart.com.br\/baixada\/wp-json\/wp\/v2\/categories?post=4533"},{"taxonomy":"post_tag","embeddable":true,"href":"https:\/\/hostnetart.com.br\/baixada\/wp-json\/wp\/v2\/tags?post=4533"}],"curies":[{"name":"wp","href":"https:\/\/api.w.org\/{rel}","templated":true}]}}