{"id":4531,"date":"2018-06-08T12:44:34","date_gmt":"2018-06-08T15:44:34","guid":{"rendered":"https:\/\/hostnetart.com.br\/baixada\/trabalhadores-do-itau-definem-minuta-especifica-na-manha-desta-sexta-feira-8\/"},"modified":"2018-06-08T12:44:34","modified_gmt":"2018-06-08T15:44:34","slug":"trabalhadores-do-itau-definem-minuta-especifica-na-manha-desta-sexta-feira-8","status":"publish","type":"post","link":"https:\/\/hostnetart.com.br\/baixada\/trabalhadores-do-itau-definem-minuta-especifica-na-manha-desta-sexta-feira-8\/","title":{"rendered":"Trabalhadores do Ita\u00fa definem minuta espec\u00edfica na manh\u00e3 desta sexta-feira (8)"},"content":{"rendered":"<div class=\"content\">\n<p>O Encontro Nacional dos Trabalhadores do Ita\u00fa reinicia os trabalhos na manh\u00e3 de sexta-feira (8) com a defini\u00e7\u00e3o da minuta espec\u00edfica de reivindica\u00e7\u00f5es e a apresenta\u00e7\u00e3o da pauta enviada pelo banco.<\/p>\n<p>\u201cEstamos num ano bastante dif\u00edcil da hist\u00f3ria da nossa categoria, na hist\u00f3ria da classe trabalhadora, na hist\u00f3ria do nosso pa\u00eds. Por isso, mais do que nunca a Campanha Nacional \u00e9 importante e a uni\u00e3o nela \u00e9 fundamental. Da\u00ed a import\u00e2ncia desses encontros por bancos. N\u00f3s temos uma responsabilidade muito grande n\u00e3o s\u00f3 com a categoria, mas com toda a popula\u00e7\u00e3o\u201d, explicou Juvandia Moreira, presidenta da Contraf-CUT e uma das coordenadoras do Comando Nacional dos Banc\u00e1rios, que participou do evento na tarde desta quinta-feira (7).<\/p>\n<p>\u201cEst\u00e1 na hora de irmos para as ruas conquistar e mobilizar \u00e0 popula\u00e7\u00e3o, conquistar a nossa base para entrar conosco na luta para reestabelecer a democracia. Sem democracia n\u00e3o h\u00e1 direitos. Democracia \u00e9 soberania popular e n\u00e3o estamos tendo isso com a conjuntura atual. Com certeza os banc\u00e1rios ter\u00e3o um papel importante nas ruas durante a luta para reestabelecer a democracia no pa\u00eds e construir o Brasil que a gente quer\u201d, completou Juvandia.<\/p>\n<p><a class=\"has-subtitle img\" style=\"float: left; height: 300px; width: 400px;\" title=\"\" href=\"http:\/\/admin.contrafcut.com.br\/system\/uploads\/ck\/images\/DSCN4779.JPG\" data-lightbox=\"lightbox\" data-title=\"\"><img decoding=\"async\" style=\"float: left; height: 300px; width: 400px;\" src=\"http:\/\/www.contrafcut.org.br\/images\/_d28a1cee242ef136abb2d35e6ec9bf39.JPG\" alt=\"\" \/><\/a>Nesta quinta, a primeira mesa do evento, pela manh\u00e3, foi sobre Sa\u00fade e Condi\u00e7\u00e3o de Trabalho. Maria da Consola\u00e7\u00e3o Vegi da Concei\u00e7\u00e3o, advogada do Seeb ABC, mostrou como a sa\u00fade foi afetada pela reforma trabalhista. \u201cAgora, \u00e9 necess\u00e1rio o trabalhador estreitar mais a rela\u00e7\u00e3o com os sindicatos, pois a reforma traz a negocia\u00e7\u00e3o coletiva de forma muito contundente, j\u00e1 que o negociado valer\u00e1 sobre o legislado.\u201d<\/p>\n<p>Maria Maeno, m\u00e9dica sanitarista e pesquisadora da Fundacentro, explicou o protocolo de inten\u00e7\u00f5es entre Febraban e INSS, assinado sem a participa\u00e7\u00e3o dos trabalhadores com regras para a reabilita\u00e7\u00e3o profissional dos empregados que tiveram de se afastar do emprego por causa de doen\u00e7as relacionadas ao trabalho \u2013 como transtornos ps\u00edquicos e LER\/Dort. O an\u00fancio foi publicado no Di\u00e1rio Oficial da Uni\u00e3o em outubro de 2017. Mas seu conte\u00fado permanece oculto.<\/p>\n<p>O maior risco \u00e9 que a reabilita\u00e7\u00e3o fique por conta exclusivamente dos bancos, avalia Maria Maeno, m\u00e9dica pesquisadora da Fundacentro. \u201cN\u00f3s sabemos que n\u00e3o existe reabilita\u00e7\u00e3o profissional nos bancos. Os trabalhadores que retornam ao trabalho n\u00e3o encontram condi\u00e7\u00f5es difer<a class=\"has-subtitle img\" style=\"float: right; height: 300px; width: 400px;\" title=\"\" href=\"http:\/\/admin.contrafcut.com.br\/system\/uploads\/ck\/images\/2018-06-07%2012_59_58.jpg\" data-lightbox=\"lightbox\" data-title=\"\"><img decoding=\"async\" style=\"float: right; height: 300px; width: 400px;\" src=\"http:\/\/www.contrafcut.org.br\/images\/_4fc92125719fc36d5a291e8847abe039.jpg\" alt=\"\" \/><\/a>entes daquelas que causaram o adoecimento e os obrigaram a se afastar.\u201d<\/p>\n<p>Ainda durante a mesa, Adma Gomes, coordenadora do <a href=\"http:\/\/contrafcut.org.br\/noticias\/coe-itau-discute-emprego-com-o-banco-6865\">Grupo de Trabalho (GT) de Sa\u00fade do Ita\u00fa<\/a>, fez um informe sobre os andamentos das negocia\u00e7\u00f5es.<\/p>\n<p>A segunda mesa, ainda pela manh\u00e3, foi sobre a Funda\u00e7\u00e3o Ita\u00fa e Previd\u00eancia. Os conselheiros participantes da dire\u00e7\u00e3o fizeram uma apresenta\u00e7\u00e3o da posi\u00e7\u00e3o atual da funda\u00e7\u00e3o Ita\u00fa e os principais planos.<\/p>\n<p>Jos\u00e9 Sasseron, ex-diretor no Sindicato dos Banc\u00e1rios de S\u00e3o Paulo, ex-conselheiro Fiscal e Deliberativo e diretor de Seguridade da PREVI, ex-presidente da Associa\u00e7\u00e3o Nacional dos Participantes de Fundos de Pens\u00e3o (Anapar) e atual o vice-presidente da Anapar, sendo o titular representante dos participantes no Conselho Nacional de Previd\u00eancia Complementar, abordou o desmonte da Previd\u00eancia e as novas regras da Previc.<\/p>\n<p>Antes da abertura dos trabalhos na parte da tarde, Paulo Salvador fez uma apresenta\u00e7\u00e3o does ve\u00edculos parceiros dos trabalhadores (Rede Brasil Atual e TVT).<\/p>\n<p><a class=\"has-subtitle img\" style=\"float: left; height: 267px; width: 400px;\" title=\"\" href=\"http:\/\/admin.contrafcut.com.br\/system\/uploads\/ck\/images\/IMG_9363.JPG\" data-lightbox=\"lightbox\" data-title=\"\"><img decoding=\"async\" style=\"float: left; height: 267px; width: 400px;\" src=\"http:\/\/www.contrafcut.org.br\/images\/_7618ce50416bd1490a8c097f18657325.JPG\" alt=\"\" \/><\/a>Na sequ\u00eancia, Ivone Silva, presidenta do Sindicato dos Banc\u00e1rios de S\u00e3o Paulo e uma das coordenadoras do Comando Nacional dos Banc\u00e1rios, fez uma an\u00e1lise de conjuntura.\u00a0 \u201cSe n\u00f3s queremos que a Campanha Nacional neste ano atinja os bancos como queremos, a gente precisa ter a popula\u00e7\u00e3o do nosso lado.\u201d<\/p>\n<p>Para encerrar o dia, a t\u00e9cnica da subse\u00e7\u00e3o do Dieese do Sindicato dos Banc\u00e1rios de S\u00e3o Paulo, Catia Uehara, fez uma apresenta\u00e7\u00e3o sobre o emprego no Ita\u00fa, com os impactos da Reforma Trabalhista e dos avan\u00e7os tecnol\u00f3gicos. \u201cNo geral, o sistema financeiro tem reduzido muitos postos de trabalho. De 2012 para c\u00e1, foram mais de 50 mil postos de trabalho. As duas hip\u00f3teses para essa redu\u00e7\u00e3o \u00e9 a terceiriza\u00e7\u00e3o, com correspondentes banc\u00e1rios, e a digitaliza\u00e7\u00e3o.\u201d<\/p>\n<\/div>\n<p id=\"page-author\"><strong>Fonte: Contraf-CUT<\/strong><\/p>\n","protected":false},"excerpt":{"rendered":"<p>O Encontro Nacional dos Trabalhadores do Ita\u00fa reinicia os trabalhos na manh\u00e3 de sexta-feira (8) com a defini\u00e7\u00e3o da minuta espec\u00edfica de reivindica\u00e7\u00f5es e a apresenta\u00e7\u00e3o da pauta enviada pelo banco. \u201cEstamos num ano bastante dif\u00edcil da hist\u00f3ria da nossa categoria, na hist\u00f3ria da classe trabalhadora, na hist\u00f3ria do nosso pa\u00eds. Por isso, mais do [&hellip;]<\/p>\n","protected":false},"author":2,"featured_media":4530,"comment_status":"","ping_status":"","sticky":false,"template":"","format":"standard","meta":{"footnotes":""},"categories":[3],"tags":[],"class_list":["post-4531","post","type-post","status-publish","format-standard","has-post-thumbnail","hentry","category-noticias"],"_links":{"self":[{"href":"https:\/\/hostnetart.com.br\/baixada\/wp-json\/wp\/v2\/posts\/4531","targetHints":{"allow":["GET"]}}],"collection":[{"href":"https:\/\/hostnetart.com.br\/baixada\/wp-json\/wp\/v2\/posts"}],"about":[{"href":"https:\/\/hostnetart.com.br\/baixada\/wp-json\/wp\/v2\/types\/post"}],"author":[{"embeddable":true,"href":"https:\/\/hostnetart.com.br\/baixada\/wp-json\/wp\/v2\/users\/2"}],"replies":[{"embeddable":true,"href":"https:\/\/hostnetart.com.br\/baixada\/wp-json\/wp\/v2\/comments?post=4531"}],"version-history":[{"count":0,"href":"https:\/\/hostnetart.com.br\/baixada\/wp-json\/wp\/v2\/posts\/4531\/revisions"}],"wp:featuredmedia":[{"embeddable":true,"href":"https:\/\/hostnetart.com.br\/baixada\/wp-json\/wp\/v2\/media\/4530"}],"wp:attachment":[{"href":"https:\/\/hostnetart.com.br\/baixada\/wp-json\/wp\/v2\/media?parent=4531"}],"wp:term":[{"taxonomy":"category","embeddable":true,"href":"https:\/\/hostnetart.com.br\/baixada\/wp-json\/wp\/v2\/categories?post=4531"},{"taxonomy":"post_tag","embeddable":true,"href":"https:\/\/hostnetart.com.br\/baixada\/wp-json\/wp\/v2\/tags?post=4531"}],"curies":[{"name":"wp","href":"https:\/\/api.w.org\/{rel}","templated":true}]}}