{"id":4529,"date":"2018-06-07T17:20:44","date_gmt":"2018-06-07T20:20:44","guid":{"rendered":"https:\/\/hostnetart.com.br\/baixada\/29-cnfbb-comecou-nesta-quinta-7\/"},"modified":"2018-06-07T17:20:44","modified_gmt":"2018-06-07T20:20:44","slug":"29-cnfbb-comecou-nesta-quinta-7","status":"publish","type":"post","link":"https:\/\/hostnetart.com.br\/baixada\/29-cnfbb-comecou-nesta-quinta-7\/","title":{"rendered":"29\u00ba CNFBB come\u00e7ou nesta quinta (7)"},"content":{"rendered":"<div class=\"content\">\n<p>Come\u00e7ou, na manh\u00e3 desta quinta-feira (7), o 29\u00ba Congresso Nacional dos Funcion\u00e1rios do Banco do Brasil (CNFBB). O encontro, que acontece na Quadra dos Banc\u00e1rios, em S\u00e3o Paulo, abordar\u00e1 at\u00e9 sexta-feira (8), quest\u00f5es como os impactos das reformas trabalhista e da previd\u00eancia, sa\u00fade e condi\u00e7\u00f5es de trabalho diante da conjuntura pol\u00edtica socioecon\u00f4mica do pa\u00eds.<\/p>\n<p>\u00a0<\/p>\n<p>A mesa de abertura contou com a participa\u00e7\u00e3o do coordenador da Comiss\u00e3o dos Empregados do Banco do Brasil, Wagner Nascimento, da secret\u00e1ria da Juventude da Contraf-CUT, Fernanda Lopes de Oliveira, \u00a0e dos representantes das federa\u00e7\u00f5es, Sandra Trajano, Fetrafi Nordeste, Ana Paula Cusato, Fetrafi-PR, Luciana Manho, Fetrafi MG, Maria do Carmo Pegal, Fetrafi-SP\/MS, Fabio Ledo, Fetrafi-BA\/SE, Sergio Farias, Fetrafi-RJ\/ES, Rafael Zanon, Fetrafi-Centro Norte, Marco Aur\u00e9lio Silvano, Fetrafi-Santa Catarina, Jo\u00e3o Fukunaga, Fetec-SP e Rogerio Moreira, Fetrafi-RS.<\/p>\n<p>\u00a0<\/p>\n<p>Para Wagner Nascimento, a realiza\u00e7\u00e3o do congresso \u00e9 de extrema import\u00e2ncia para que sejam discutidas as estrat\u00e9gias para a Campanha Nacional e para defender os direitos dos trabalhadores. \u201cPrecisamos debater as propostas da Cassi e defender o nosso acordo coletivo, para que tenhamos um acordo para todos, na qual n\u00e3o se encaixam as novas regras da lei golpista\u201d, afirmou.<\/p>\n<p>\u00a0<\/p>\n<p>A unidade para superar os obst\u00e1culos, que a conjuntura apresenta para os trabalhadores, se mostrou fundamental para a maioria dos participantes. De acordo com a secretaria da Juventude da Contraf-CUT, \u00e9 preciso mobiliza\u00e7\u00e3o contra os ataques do governo \u00e0 classe trabalhadora. \u201cSabemos que vamos enfrentar situa\u00e7\u00f5es muito dif\u00edceis, por\u00e9m, temos de estar mais unidos que nunca e o congresso \u00e9 uma boa oportunidade para definirmos as nossas estrat\u00e9gias\u201d.<\/p>\n<p>\u00a0<\/p>\n<p>Durante a abertura, foi aprovado o regimento interno do 29\u00ba CNFBB e apresentado o caderno de teses. Ainda pela manh\u00e3, ser\u00e1 apresentado o painel Conjuntura Nacional.<\/p>\n<\/div>\n<p id=\"page-author\"><strong>Fonte: Contraf-CUT<\/strong><\/p>\n","protected":false},"excerpt":{"rendered":"<p>Come\u00e7ou, na manh\u00e3 desta quinta-feira (7), o 29\u00ba Congresso Nacional dos Funcion\u00e1rios do Banco do Brasil (CNFBB). O encontro, que acontece na Quadra dos Banc\u00e1rios, em S\u00e3o Paulo, abordar\u00e1 at\u00e9 sexta-feira (8), quest\u00f5es como os impactos das reformas trabalhista e da previd\u00eancia, sa\u00fade e condi\u00e7\u00f5es de trabalho diante da conjuntura pol\u00edtica socioecon\u00f4mica do pa\u00eds. \u00a0 [&hellip;]<\/p>\n","protected":false},"author":2,"featured_media":4528,"comment_status":"","ping_status":"","sticky":false,"template":"","format":"standard","meta":{"footnotes":""},"categories":[3],"tags":[],"class_list":["post-4529","post","type-post","status-publish","format-standard","has-post-thumbnail","hentry","category-noticias"],"_links":{"self":[{"href":"https:\/\/hostnetart.com.br\/baixada\/wp-json\/wp\/v2\/posts\/4529","targetHints":{"allow":["GET"]}}],"collection":[{"href":"https:\/\/hostnetart.com.br\/baixada\/wp-json\/wp\/v2\/posts"}],"about":[{"href":"https:\/\/hostnetart.com.br\/baixada\/wp-json\/wp\/v2\/types\/post"}],"author":[{"embeddable":true,"href":"https:\/\/hostnetart.com.br\/baixada\/wp-json\/wp\/v2\/users\/2"}],"replies":[{"embeddable":true,"href":"https:\/\/hostnetart.com.br\/baixada\/wp-json\/wp\/v2\/comments?post=4529"}],"version-history":[{"count":0,"href":"https:\/\/hostnetart.com.br\/baixada\/wp-json\/wp\/v2\/posts\/4529\/revisions"}],"wp:featuredmedia":[{"embeddable":true,"href":"https:\/\/hostnetart.com.br\/baixada\/wp-json\/wp\/v2\/media\/4528"}],"wp:attachment":[{"href":"https:\/\/hostnetart.com.br\/baixada\/wp-json\/wp\/v2\/media?parent=4529"}],"wp:term":[{"taxonomy":"category","embeddable":true,"href":"https:\/\/hostnetart.com.br\/baixada\/wp-json\/wp\/v2\/categories?post=4529"},{"taxonomy":"post_tag","embeddable":true,"href":"https:\/\/hostnetart.com.br\/baixada\/wp-json\/wp\/v2\/tags?post=4529"}],"curies":[{"name":"wp","href":"https:\/\/api.w.org\/{rel}","templated":true}]}}