{"id":4527,"date":"2018-06-07T17:20:05","date_gmt":"2018-06-07T20:20:05","guid":{"rendered":"https:\/\/hostnetart.com.br\/baixada\/bancarios-do-santander-iniciam-encontro-nacional\/"},"modified":"2018-06-07T17:20:05","modified_gmt":"2018-06-07T20:20:05","slug":"bancarios-do-santander-iniciam-encontro-nacional","status":"publish","type":"post","link":"https:\/\/hostnetart.com.br\/baixada\/bancarios-do-santander-iniciam-encontro-nacional\/","title":{"rendered":"Banc\u00e1rios do Santander iniciam encontro nacional"},"content":{"rendered":"<div class=\"content\">\n<p>Os funcion\u00e1rios do banco Santander no Brasil iniciaram nesta quinta-feira (7), em S\u00e3o Paulo, o encontro nacional para debater quest\u00f5es espec\u00edficas do banco e levantar propostas para a pauta de reivindica\u00e7\u00f5es a serem apresentadas ao banco.<\/p>\n<p>\u201cTodos os anos a Contraf-CUT (Confedera\u00e7\u00e3o Nacional dos Trabalhadores do Ramo Financeiro) realiza um encontro nacional dos trabalhadores do Santander para discutirmos nossas pautas espec\u00edficas. Neste ano, al\u00e9m de debatermos sobre os pontos do Acordo Coletivo de Trabalho, tamb\u00e9m vamos capacitar os dirigentes para o embate nas nossas bases sindicais sobre o que pode acontecer ap\u00f3s o t\u00e9rmino de vig\u00eancia da nossa CCT (Conven\u00e7\u00e3o Coletiva de Trabalho)\u201d explicou Maria Rosani, coordenadora da Comiss\u00e3o de Organiza\u00e7\u00e3o dos Empregados (COE) do Santander.<\/p>\n<p>Adelmo Andrade, representante da Federa\u00e7\u00e3o dos Banc\u00e1rios da Bahia e Sergipe (Feeb\/BA-SE), destacou o momento dif\u00edcil pelo qual passa a classe trabalhadora. \u201cEstamos vendo uma s\u00e9rie de ataques aos direitos trabalhistas. Estes ataques fazem parte de um golpe que est\u00e1 sendo dado em partes e uma das etapas \u00e9 a destrui\u00e7\u00e3o do movimento sindical. Temos que defender nossos direitos, mas tamb\u00e9m as organiza\u00e7\u00f5es de representa\u00e7\u00e3o dos trabalhadores\u201d, disse.<\/p>\n<p>Luiz Claudio Marcolino, diretor da Contraf-CUT e ex-deputado estadual, ressaltou a necessidade de a categoria se organizar ainda mais neste ano para enfrentar os ataques que est\u00e3o em curso contra os trabalhadores e a democracia no pa\u00eds.<\/p>\n<p>\u201cTemos que conseguir mostrar para a categoria que existem projetos de sociedade diferentes em disputa. Mostrar que nossa vida piorou depois do golpe que derrubou a presidenta Dilma. N\u00e3o apenas devido \u00e0 mudan\u00e7a de governo, mas tamb\u00e9m porque est\u00e1 sendo implantado um sistema que tem como base as privatiza\u00e7\u00f5es, a retirada de direitos trabalhistas, o achatamento dos sal\u00e1rios e o aumento do desemprego para que as empresas tenham mais lucro\u201d, disse o dirigente da Contraf-CUT. \u201cTodos os direitos presentes em nossa CCT e no Acordo Coletivo do Santander foram conquistados com muita luta. Agora teremos novamente que lutarmos para mant\u00ea-los\u201d, completou.<\/p>\n<p><ins><strong><a href=\"http:\/\/admin.contrafcut.com.br\/system\/uploads\/ck\/files\/ENCONTRO%20NACIONAL%20TRABALHADORES%20DO%20SANTANDER%20%20DIAS%2007%20E%2008%20DE%20JUNHO%20DE%202018.pdf\" target=\"_blank\" rel=\"noopener noreferrer\">Veja a programa\u00e7\u00e3o completa do encontro<\/a><\/strong><\/ins><\/p>\n<\/div>\n<p id=\"page-author\"><strong>Fonte: Conttraf-CUT<\/strong><\/p>\n","protected":false},"excerpt":{"rendered":"<p>Os funcion\u00e1rios do banco Santander no Brasil iniciaram nesta quinta-feira (7), em S\u00e3o Paulo, o encontro nacional para debater quest\u00f5es espec\u00edficas do banco e levantar propostas para a pauta de reivindica\u00e7\u00f5es a serem apresentadas ao banco. \u201cTodos os anos a Contraf-CUT (Confedera\u00e7\u00e3o Nacional dos Trabalhadores do Ramo Financeiro) realiza um encontro nacional dos trabalhadores do [&hellip;]<\/p>\n","protected":false},"author":2,"featured_media":4526,"comment_status":"","ping_status":"","sticky":false,"template":"","format":"standard","meta":{"footnotes":""},"categories":[3],"tags":[],"class_list":["post-4527","post","type-post","status-publish","format-standard","has-post-thumbnail","hentry","category-noticias"],"_links":{"self":[{"href":"https:\/\/hostnetart.com.br\/baixada\/wp-json\/wp\/v2\/posts\/4527","targetHints":{"allow":["GET"]}}],"collection":[{"href":"https:\/\/hostnetart.com.br\/baixada\/wp-json\/wp\/v2\/posts"}],"about":[{"href":"https:\/\/hostnetart.com.br\/baixada\/wp-json\/wp\/v2\/types\/post"}],"author":[{"embeddable":true,"href":"https:\/\/hostnetart.com.br\/baixada\/wp-json\/wp\/v2\/users\/2"}],"replies":[{"embeddable":true,"href":"https:\/\/hostnetart.com.br\/baixada\/wp-json\/wp\/v2\/comments?post=4527"}],"version-history":[{"count":0,"href":"https:\/\/hostnetart.com.br\/baixada\/wp-json\/wp\/v2\/posts\/4527\/revisions"}],"wp:featuredmedia":[{"embeddable":true,"href":"https:\/\/hostnetart.com.br\/baixada\/wp-json\/wp\/v2\/media\/4526"}],"wp:attachment":[{"href":"https:\/\/hostnetart.com.br\/baixada\/wp-json\/wp\/v2\/media?parent=4527"}],"wp:term":[{"taxonomy":"category","embeddable":true,"href":"https:\/\/hostnetart.com.br\/baixada\/wp-json\/wp\/v2\/categories?post=4527"},{"taxonomy":"post_tag","embeddable":true,"href":"https:\/\/hostnetart.com.br\/baixada\/wp-json\/wp\/v2\/tags?post=4527"}],"curies":[{"name":"wp","href":"https:\/\/api.w.org\/{rel}","templated":true}]}}