{"id":4521,"date":"2018-06-07T17:17:18","date_gmt":"2018-06-07T20:17:18","guid":{"rendered":"https:\/\/hostnetart.com.br\/baixada\/comando-nacional-dos-bancarios-prepara-conferencia-nacional-dos-bancarios\/"},"modified":"2018-06-07T17:17:18","modified_gmt":"2018-06-07T20:17:18","slug":"comando-nacional-dos-bancarios-prepara-conferencia-nacional-dos-bancarios","status":"publish","type":"post","link":"https:\/\/hostnetart.com.br\/baixada\/comando-nacional-dos-bancarios-prepara-conferencia-nacional-dos-bancarios\/","title":{"rendered":"Comando Nacional dos Banc\u00e1rios prepara Confer\u00eancia Nacional dos Banc\u00e1rios"},"content":{"rendered":"<div class=\"content\">\n<p>O Comando Nacional dos Banc\u00e1rios se reuniu, nesta quarta-feira (6), para debater os \u00faltimos ajustes da 20\u00aa Confer\u00eancia Nacional dos Banc\u00e1rios, que ser\u00e1 realizada entre sexta-feira e domingo (8 a 10), na Quadra do Sindicato dos Banc\u00e1rios de S\u00e3o Paulo.<br \/> Juvandia Moreira, presidenta da Contraf-CUT e uma das coordenadoras do Comando Nacional dos Banc\u00e1rios, valoriza o encontro \u00e0s v\u00e9speras do evento que d\u00e1 in\u00edcio a mais uma etapa da Campanha Nacional dos Banc\u00e1rios 2018. \u201cA Confer\u00eancia \u00e9 quando definimos nossa pauta de reivindica\u00e7\u00e3o pela qual lutaremos toda a Campanha Nacional. Por isso, \u00e9 de fundamental import\u00e2ncia os membros do Comando debaterem a\u00e7\u00f5es, estrat\u00e9gias de negocia\u00e7\u00e3o e mobiliza\u00e7\u00e3o na Campanha, buscar consensar alguns pontos aprovados nas Confer\u00eancias regionais. \u00c9 necess\u00e1rio tamb\u00e9m organizar o evento, para obtermos os melhores resultados.\u201d<br \/> Outro assunto debatido foi um calend\u00e1rio para poss\u00edveis datas para reuni\u00e3o de negocia\u00e7\u00f5es com a Federa\u00e7\u00e3o Nacional dos Bancos (Fenaban).<br \/> Pela manh\u00e3, as t\u00e9cnicas da subse\u00e7\u00e3o do Dieese da Contraf-CUT, Barbara Vallejos e Vivian Machado, fizeram apresenta\u00e7\u00f5es sobre a conjuntura econ\u00f4mica, os dados do Setor e do emprego banc\u00e1rio, e os impactos da reforma trabalhista e das novas tecnologia no setor banc\u00e1rio, para basear o debate dos participantes.\u00a0\u201cNossa unidade \u00e9 fundamental nessa campanha. Vamos construir isso na Confer\u00eancia.&#8221;<\/p>\n<\/div>\n<p id=\"page-author\"><strong>Fonte: Contraf-CUT<\/strong><\/p>\n","protected":false},"excerpt":{"rendered":"<p>O Comando Nacional dos Banc\u00e1rios se reuniu, nesta quarta-feira (6), para debater os \u00faltimos ajustes da 20\u00aa Confer\u00eancia Nacional dos Banc\u00e1rios, que ser\u00e1 realizada entre sexta-feira e domingo (8 a 10), na Quadra do Sindicato dos Banc\u00e1rios de S\u00e3o Paulo. Juvandia Moreira, presidenta da Contraf-CUT e uma das coordenadoras do Comando Nacional dos Banc\u00e1rios, valoriza [&hellip;]<\/p>\n","protected":false},"author":2,"featured_media":4520,"comment_status":"","ping_status":"","sticky":false,"template":"","format":"standard","meta":{"footnotes":""},"categories":[3],"tags":[],"class_list":["post-4521","post","type-post","status-publish","format-standard","has-post-thumbnail","hentry","category-noticias"],"_links":{"self":[{"href":"https:\/\/hostnetart.com.br\/baixada\/wp-json\/wp\/v2\/posts\/4521","targetHints":{"allow":["GET"]}}],"collection":[{"href":"https:\/\/hostnetart.com.br\/baixada\/wp-json\/wp\/v2\/posts"}],"about":[{"href":"https:\/\/hostnetart.com.br\/baixada\/wp-json\/wp\/v2\/types\/post"}],"author":[{"embeddable":true,"href":"https:\/\/hostnetart.com.br\/baixada\/wp-json\/wp\/v2\/users\/2"}],"replies":[{"embeddable":true,"href":"https:\/\/hostnetart.com.br\/baixada\/wp-json\/wp\/v2\/comments?post=4521"}],"version-history":[{"count":0,"href":"https:\/\/hostnetart.com.br\/baixada\/wp-json\/wp\/v2\/posts\/4521\/revisions"}],"wp:featuredmedia":[{"embeddable":true,"href":"https:\/\/hostnetart.com.br\/baixada\/wp-json\/wp\/v2\/media\/4520"}],"wp:attachment":[{"href":"https:\/\/hostnetart.com.br\/baixada\/wp-json\/wp\/v2\/media?parent=4521"}],"wp:term":[{"taxonomy":"category","embeddable":true,"href":"https:\/\/hostnetart.com.br\/baixada\/wp-json\/wp\/v2\/categories?post=4521"},{"taxonomy":"post_tag","embeddable":true,"href":"https:\/\/hostnetart.com.br\/baixada\/wp-json\/wp\/v2\/tags?post=4521"}],"curies":[{"name":"wp","href":"https:\/\/api.w.org\/{rel}","templated":true}]}}