{"id":4519,"date":"2018-06-06T18:45:13","date_gmt":"2018-06-06T21:45:13","guid":{"rendered":"https:\/\/hostnetart.com.br\/baixada\/coletivo-juridico-nacional-da-contraf-cut-debate-os-impactos-da-reforma-trabalhista-na-campanha-nacional-dos-bancarios\/"},"modified":"2018-06-06T18:45:13","modified_gmt":"2018-06-06T21:45:13","slug":"coletivo-juridico-nacional-da-contraf-cut-debate-os-impactos-da-reforma-trabalhista-na-campanha-nacional-dos-bancarios","status":"publish","type":"post","link":"https:\/\/hostnetart.com.br\/baixada\/coletivo-juridico-nacional-da-contraf-cut-debate-os-impactos-da-reforma-trabalhista-na-campanha-nacional-dos-bancarios\/","title":{"rendered":"Coletivo Jur\u00eddico Nacional da Contraf-CUT debate os impactos da reforma trabalhista na Campanha Nacional dos Banc\u00e1rios"},"content":{"rendered":"<div class=\"content\">\n<p>O Coletivo Jur\u00eddico Nacional da Contraf-CUT realizou sua sexta reuni\u00e3o, nesta quarta-feira (6), na sede do Sindicato dos Banc\u00e1rios de S\u00e3o Paulo, Osasco e Regi\u00e3o para discutir os impactos da reforma trabalhista na Campanha Nacional dos Banc\u00e1rios.<\/p>\n<p>Os mais de 50 presentes, entre diretores, secret\u00e1rios jur\u00eddicos e assessorias jur\u00eddicas de mais de 25 entidades, debateram temas como a quest\u00e3o da ultratividade, manuten\u00e7\u00e3o de direitos, integralidade da Conven\u00e7\u00e3o Coletiva de Trabalho e fontes de financiamentos das entidades sindicais, entre outros.<\/p>\n<p>Mauri S\u00e9rgio Martins de Souza, secret\u00e1rio de Assuntos Jur\u00eddicos da Contraf-CUT, enalteceu a import\u00e2ncia da an\u00e1lise da atual conjutura pol\u00edtica jurid\u00edca diante de um governo que imp\u00f5e tantos retrocessos \u00e0 classe trabalhadora. \u201c\u00c9 de fundamental import\u00e2ncia que todos os sindicatos e federa\u00e7\u00f5es se aprofundem no tema para definir a estrat\u00e9gia de enfrentamento para as quest\u00f5es que certamente vir\u00e3o na Campanha Nacional 2018. \u201d<\/p>\n<p>Gustavo Tabatinga Jr, secret\u00e1rio-geral da Contraf-CUT, concordou com o colega. \u201c\u00c9 de fundamental import\u00e2ncia a grande presen\u00e7a das entidades e seus assessores para podermos agir de forma un\u00edssona na luta pela garantia dos nossos direitos historicamente conquistados, diante dos graves ataques aos trabalhadores. \u201d<\/p>\n<\/div>\n<p id=\"page-author\"><strong>Fonte: Contraf-CUT<\/strong><\/p>\n","protected":false},"excerpt":{"rendered":"<p>O Coletivo Jur\u00eddico Nacional da Contraf-CUT realizou sua sexta reuni\u00e3o, nesta quarta-feira (6), na sede do Sindicato dos Banc\u00e1rios de S\u00e3o Paulo, Osasco e Regi\u00e3o para discutir os impactos da reforma trabalhista na Campanha Nacional dos Banc\u00e1rios. Os mais de 50 presentes, entre diretores, secret\u00e1rios jur\u00eddicos e assessorias jur\u00eddicas de mais de 25 entidades, debateram [&hellip;]<\/p>\n","protected":false},"author":2,"featured_media":4518,"comment_status":"","ping_status":"","sticky":false,"template":"","format":"standard","meta":{"footnotes":""},"categories":[3],"tags":[],"class_list":["post-4519","post","type-post","status-publish","format-standard","has-post-thumbnail","hentry","category-noticias"],"_links":{"self":[{"href":"https:\/\/hostnetart.com.br\/baixada\/wp-json\/wp\/v2\/posts\/4519","targetHints":{"allow":["GET"]}}],"collection":[{"href":"https:\/\/hostnetart.com.br\/baixada\/wp-json\/wp\/v2\/posts"}],"about":[{"href":"https:\/\/hostnetart.com.br\/baixada\/wp-json\/wp\/v2\/types\/post"}],"author":[{"embeddable":true,"href":"https:\/\/hostnetart.com.br\/baixada\/wp-json\/wp\/v2\/users\/2"}],"replies":[{"embeddable":true,"href":"https:\/\/hostnetart.com.br\/baixada\/wp-json\/wp\/v2\/comments?post=4519"}],"version-history":[{"count":0,"href":"https:\/\/hostnetart.com.br\/baixada\/wp-json\/wp\/v2\/posts\/4519\/revisions"}],"wp:featuredmedia":[{"embeddable":true,"href":"https:\/\/hostnetart.com.br\/baixada\/wp-json\/wp\/v2\/media\/4518"}],"wp:attachment":[{"href":"https:\/\/hostnetart.com.br\/baixada\/wp-json\/wp\/v2\/media?parent=4519"}],"wp:term":[{"taxonomy":"category","embeddable":true,"href":"https:\/\/hostnetart.com.br\/baixada\/wp-json\/wp\/v2\/categories?post=4519"},{"taxonomy":"post_tag","embeddable":true,"href":"https:\/\/hostnetart.com.br\/baixada\/wp-json\/wp\/v2\/tags?post=4519"}],"curies":[{"name":"wp","href":"https:\/\/api.w.org\/{rel}","templated":true}]}}