{"id":4511,"date":"2018-06-06T18:32:28","date_gmt":"2018-06-06T21:32:28","guid":{"rendered":"https:\/\/hostnetart.com.br\/baixada\/junho-sera-mes-do-saude-caixa\/"},"modified":"2018-06-06T18:32:28","modified_gmt":"2018-06-06T21:32:28","slug":"junho-sera-mes-do-saude-caixa","status":"publish","type":"post","link":"https:\/\/hostnetart.com.br\/baixada\/junho-sera-mes-do-saude-caixa\/","title":{"rendered":"Junho ser\u00e1 \u201cm\u00eas do Sa\u00fade Caixa\u201d"},"content":{"rendered":"<div class=\"content\">\n<p>As entidades representativas do pessoal da Caixa v\u00e3o intensificar as a\u00e7\u00f5es da campanha \u201cSa\u00fade Caixa: eu defendo\u201d durante o m\u00eas de junho. As atividades come\u00e7am durante o 34\u00b0 Congresso Nacional dos Empregados da Caixa Econ\u00f4mica Federal (Conecef), nos dias 7 e 8 de junho. Na ocasi\u00e3o, os usu\u00e1rios poder\u00e3o gravar depoimentos, ser\u00e3o distribu\u00eddos materiais informativos e haver\u00e1 um ato com a presen\u00e7a de representantes de diversas entidades. No dia 20, os empregados devem se vestir de branco, para mostrar a uni\u00e3o da categoria na defesa do plano de sa\u00fade do pessoal da Caixa. A intensifica\u00e7\u00e3o vai at\u00e9 a primeira semana de julho, quando o Sa\u00fade Caixa completa 14 anos. No dia 1\u00ba de julho de 2004, foi implementado o atual modelo de custeio do plano de sa\u00fade, que prev\u00ea a responsabilidade do banco sobre 70% do custo assistencial e 100% das despesas operacionais e administrativas.<\/p>\n<p>\u201cMuitos usu\u00e1rios se engajaram na campanha at\u00e9 aqui. Agora, \u00e9 hora de intensificarmos ainda mais, com materiais informativos e iniciativas que sensibilizem as pessoas para a import\u00e2ncia dessa defesa\u201d, afirma a diretora de Sa\u00fade e Previd\u00eancia da Federa\u00e7\u00e3o Nacional das Associa\u00e7\u00f5es de Pessoal da Caixa (Fenae), Fabiana Matheus.<\/p>\n<p>Para a secret\u00e1ria de Cultura Confedera\u00e7\u00e3o Nacional dos Trabalhadores do Ramo Financeiro (Contraf-CUT), Fabiana Uehara Proscholdt, \u00e9 importante que os empregados mostrem que est\u00e3o engajados na campanha e unidos em torno da defesa do Sa\u00fade Caixa. \u201cAs propostas do governo inviabilizam a manuten\u00e7\u00e3o do plano e prejudicam ainda mais os trabalhadores. Temos que mostrar que estamos unidos para nos defender de mais esse ataque\u201d, disse Fabiana, que representa a Contraf-CUT na Comiss\u00e3o Executiva dos Empregados da Caixa (CEE\/Caixa).<\/p>\n<p><strong>Semin\u00e1rio e audi\u00eancia p\u00fablica<\/strong><br \/>As entidades tamb\u00e9m planejam realizar um semin\u00e1rio em defesa dos planos de sa\u00fade de autogest\u00e3o das empresas estatais. O evento tem data prevista para 28 de junho e contar\u00e1 com a participa\u00e7\u00e3o de representantes de usu\u00e1rios da Cassi, Postal Sa\u00fade, AMS\/Petrobras e PAS\/BNDES.<\/p>\n<p>\u201cO ataque do governo n\u00e3o \u00e9 apenas contra a Caixa, nem somente contra o plano de sa\u00fade dos empregados da Caixa. Outras empresas e seus respectivos planos sofrem o mesmo ataque. Queremos unir n\u00e3o apenas os empregados da Caixa, mas tamb\u00e9m de outras empresas p\u00fablicas sob ataque para aumentar ainda mais nossa for\u00e7a\u201d, destacou a dirigente da Contraf-CUT.<\/p>\n<p>Tamb\u00e9m est\u00e1 programada a realiza\u00e7\u00e3o de uma audi\u00eancia p\u00fablica na C\u00e2mara dos Deputados, quando a quest\u00e3o ser\u00e1 debatida no Congresso Nacional. A data da audi\u00eancia ainda ser\u00e1 confirmada.<\/p>\n<p><strong>Usu\u00e1rios apoiam PDC 956\/18<\/strong><br \/>A C\u00e2mara dos Deputados veicula em seu site uma enquete sobre o Projeto de Decreto Legislativo (PDC 956\/2018), de autoria da deputada federal Erika Kokay (PT-DF), com o objetivo de sustar a resolu\u00e7\u00e3o da Comiss\u00e3o Interministerial de Governan\u00e7a Corporativa e de Administra\u00e7\u00e3o de Participa\u00e7\u00f5es Societ\u00e1rias da Uni\u00e3o (CGPAR) que trata do custeio das empresas estatais em rela\u00e7\u00e3o aos benef\u00edcios de assist\u00eancia \u00e0 sa\u00fade aos empregados. A resolu\u00e7\u00e3o \u00e9 justamente a que determina as altera\u00e7\u00f5es que afetam decisivamente o Sa\u00fade Caixa. Para acessar a enquete e apoiar o PDC 956\/2018, clique\u00a0<ins><strong><a href=\"https:\/\/forms.camara.leg.br\/ex\/enquetes\/2176886\" target=\"_blank\" rel=\"noopener noreferrer\">aqui<\/a><\/strong><\/ins>.<\/p>\n<p>As resolu\u00e7\u00f5es publicadas pelo governo e a recente altera\u00e7\u00e3o no Estatuto da Caixa prop\u00f5em um limite correspondente a 6,5% da folha de pagamento para a participa\u00e7\u00e3o da Caixa nessas despesas, \u00e0 revelia do modelo de custeio previsto no Acordo Coletivo de Trabalho (ACT), que vigora at\u00e9 agosto.<\/p>\n<p>Como a infla\u00e7\u00e3o m\u00e9dica aumenta mais rapidamente que os \u00edndices de corre\u00e7\u00e3o dos sal\u00e1rios e benef\u00edcios previdenci\u00e1rios, e como a Caixa vem reduzindo seu quadro de pessoal, em breve, o novo limite estipulado ser\u00e1 atingido e os custos excedentes recair\u00e3o sobre os usu\u00e1rios.<\/p>\n<\/div>\n<p id=\"page-author\"><span style=\"text-decoration: underline;\"><em><strong>Fonte: Contraf-CUT, com informa\u00e7\u00f5es da Fenae<\/strong><\/em><\/span><\/p>\n","protected":false},"excerpt":{"rendered":"<p>As entidades representativas do pessoal da Caixa v\u00e3o intensificar as a\u00e7\u00f5es da campanha \u201cSa\u00fade Caixa: eu defendo\u201d durante o m\u00eas de junho. As atividades come\u00e7am durante o 34\u00b0 Congresso Nacional dos Empregados da Caixa Econ\u00f4mica Federal (Conecef), nos dias 7 e 8 de junho. Na ocasi\u00e3o, os usu\u00e1rios poder\u00e3o gravar depoimentos, ser\u00e3o distribu\u00eddos materiais informativos [&hellip;]<\/p>\n","protected":false},"author":2,"featured_media":4510,"comment_status":"","ping_status":"","sticky":false,"template":"","format":"standard","meta":{"footnotes":""},"categories":[3],"tags":[],"class_list":["post-4511","post","type-post","status-publish","format-standard","has-post-thumbnail","hentry","category-noticias"],"_links":{"self":[{"href":"https:\/\/hostnetart.com.br\/baixada\/wp-json\/wp\/v2\/posts\/4511","targetHints":{"allow":["GET"]}}],"collection":[{"href":"https:\/\/hostnetart.com.br\/baixada\/wp-json\/wp\/v2\/posts"}],"about":[{"href":"https:\/\/hostnetart.com.br\/baixada\/wp-json\/wp\/v2\/types\/post"}],"author":[{"embeddable":true,"href":"https:\/\/hostnetart.com.br\/baixada\/wp-json\/wp\/v2\/users\/2"}],"replies":[{"embeddable":true,"href":"https:\/\/hostnetart.com.br\/baixada\/wp-json\/wp\/v2\/comments?post=4511"}],"version-history":[{"count":0,"href":"https:\/\/hostnetart.com.br\/baixada\/wp-json\/wp\/v2\/posts\/4511\/revisions"}],"wp:featuredmedia":[{"embeddable":true,"href":"https:\/\/hostnetart.com.br\/baixada\/wp-json\/wp\/v2\/media\/4510"}],"wp:attachment":[{"href":"https:\/\/hostnetart.com.br\/baixada\/wp-json\/wp\/v2\/media?parent=4511"}],"wp:term":[{"taxonomy":"category","embeddable":true,"href":"https:\/\/hostnetart.com.br\/baixada\/wp-json\/wp\/v2\/categories?post=4511"},{"taxonomy":"post_tag","embeddable":true,"href":"https:\/\/hostnetart.com.br\/baixada\/wp-json\/wp\/v2\/tags?post=4511"}],"curies":[{"name":"wp","href":"https:\/\/api.w.org\/{rel}","templated":true}]}}