{"id":4505,"date":"2018-06-06T13:09:36","date_gmt":"2018-06-06T16:09:36","guid":{"rendered":"https:\/\/hostnetart.com.br\/baixada\/contraf-cut-e-entidades-cobram-do-bb-retorno-da-mesa-de-negociacao-da-cassi\/"},"modified":"2018-06-06T13:09:36","modified_gmt":"2018-06-06T16:09:36","slug":"contraf-cut-e-entidades-cobram-do-bb-retorno-da-mesa-de-negociacao-da-cassi","status":"publish","type":"post","link":"https:\/\/hostnetart.com.br\/baixada\/contraf-cut-e-entidades-cobram-do-bb-retorno-da-mesa-de-negociacao-da-cassi\/","title":{"rendered":"Contraf-CUT e entidades cobram do BB retorno da mesa de negocia\u00e7\u00e3o da CASSI"},"content":{"rendered":"<div class=\"content\">\n<p>Nesta ter\u00e7a-feira, dia 05 de junho, as Entidades da Mesa de Negocia\u00e7\u00e3o da Cassi se reuniram com o Banco do Brasil para entregar documentos das entidades sobre a proposta apresentada para a Cassi e cobrar do BB a retomada da mesa de negocia\u00e7\u00e3o, uma vez que o Banco do Brasil anunciou que apresentou proposta diretamente na governan\u00e7a da Cassi sem passar pela mesa das Entidades. \u00a0A reuni\u00e3o aconteceu nas instala\u00e7\u00f5es da GEPS\/RJ, no pr\u00e9dio do CCDB.<\/p>\n<p>A Comiss\u00e3o de Empresa dos Funcion\u00e1rios do BB apontou ao banco a contradi\u00e7\u00e3o entre o que o banco tem escrito nos seus boletins sobre o processo de n\u00e3o decis\u00e3o na Cassi e ao mesmo tempo remete a proposta para aquela inst\u00e2ncia.<\/p>\n<p>A Contraf-CUT entregou ao banco um documento com contrapontos \u00e0s propostas apresentadas pelo BB, tanto a primeira, quanto a segunda vers\u00e3o.<\/p>\n<p>A entidade representante dos trabalhadores \u00e9 contra a proposta, mesmo a nova vers\u00e3o, uma vez que continua quebrando a solidariedade penalizando os menores sal\u00e1rios, aumentando mais a contribui\u00e7\u00e3o dos associados, reduzindo a participa\u00e7\u00e3o proporcional do BB e mudando o modelo de governan\u00e7a quebrando a paridade de gest\u00e3o, incluindo agentes de mercado externos ao corpo de associados da Cassi.<\/p>\n<p>A Contraf-CUT se reuniu anteriormente \u00e0 reuni\u00e3o com o BB com as demais entidades da Mesa: CONTEC, ANABB, FAABB e AAFBB para acordar o pedido de retomada das negocia\u00e7\u00f5es, assim como discutir sobre os documentos apresentados por cada entidade.<\/p>\n<p>A Contraf-CUT informou ainda \u00e0s entidades que nos dias 7 a 10 de junho acontecer\u00e3o o Congresso Nacional dos Funcion\u00e1rios do Banco do Brasil e tamb\u00e9m a Confer\u00eancia Nacional dos Banc\u00e1rios, onde o tema Cassi ser\u00e1 amplamente debatido e uma proposta para negocia\u00e7\u00e3o ser\u00e1 elaborada tendo como subs\u00eddios os debates do Congresso dos Funcion\u00e1rios.<\/p>\n<p>O Banco informou que vai levar a proposta de retomar a mesa de negocia\u00e7\u00e3o para que seja a avaliada junto ao comit\u00ea patrocinador, estrutura da dire\u00e7\u00e3o do BB.<\/p>\n<p>Para Wagner Nascimento, coordenador da Comiss\u00e3o de Empresa, ao reafirmar a necessidade de retomar a mesa de negocia\u00e7\u00e3o, os sindicatos ratificam sua posi\u00e7\u00e3o contr\u00e1ria \u00e0 proposta do Banco que mais que dobra a contribui\u00e7\u00e3o dos associados. \u201cAo apresentar a proposta diretamente na Cassi o banco prejudica o processo negocial pois joga com o terrorismo com o corpo funcional do BB. \u00c9 importante esclarecer que nenhuma proposta pode ser implantada sem passar pela vota\u00e7\u00e3o dos associados e aprovada tamb\u00e9m dentro da Cassi. Ent\u00e3o, cada associado deve cobrar do banco a retomada da Mesa com Entidades de Representa\u00e7\u00e3o dos Funcion\u00e1rios, bem como pressionar os eleitos na Cassi para que n\u00e3o votem essa proposta como est\u00e1 hoje pois prejudica funcion\u00e1rios da ativa e aposentados\u201d, explicou.<\/p>\n<p><strong>Contraf-CUT repudia ataques de executivo do BB em rede social<\/strong><\/p>\n<p>Os Representantes da Federa\u00e7\u00f5es filiadas \u00e0 Contraf-CUT repudiaram em mesa a atitude do executivo respons\u00e1vel pelas negocia\u00e7\u00f5es do BB na sua p\u00e1gina pessoal do Facebook, com ataques \u00e0s representa\u00e7\u00f5es e aos dirigentes sindicais, desqualificando dirigentes por n\u00e3o trabalharem no dia a dia do BB.<\/p>\n<p>\u201cAo longo de todo o processo de negocia\u00e7\u00e3o, mesmo nos tempos da ditatura militar, nunca houve um ataque um ataque p\u00fablico \u00e0s representa\u00e7\u00f5es sindicais, como o publicado pelo representante do Banco na Mesa de Negocia\u00e7\u00e3o\u201d, afirmou Wagner Nascimento.<\/p>\n<p>O executivo do banco fez uma retrata\u00e7\u00e3o na rede social e na mesa, contudo, a Contraf-CUT cobrou uma postura mais profissional, uma vez que o cargo de representante do banco \u00e9 indissoci\u00e1vel da pessoa, ainda mais quando p\u00fablica, sobre um tema t\u00e3o espec\u00edfico de fun\u00e7\u00e3o exercida, como negocia\u00e7\u00e3o coletiva e a proposta da Cassi.<\/p>\n<p>Sobre o epis\u00f3dio envolvendo os ataques aos dirigentes sindicais, o coordenador da Comiss\u00e3o de Empresa comenta que \u00e9 lament\u00e1vel esse tipo de postura nos dias de hoje e que os cargos que ocupamos exigem mais responsabilidade ao lidar com as redes sociais, inda mais com coment\u00e1rios carregados de preconceitos e desconhecimento sobre a atividade sindical. \u201cOs dirigentes sindicais t\u00eam jornadas at\u00e9 maiores que muitos funcion\u00e1rios no dia a dia e conhecem e visitam mais locais de trabalho, al\u00e9m de estarem sempre se atualizando e estudando sobre temas como negocia\u00e7\u00e3o coletiva, economia, estat\u00edstica, seguran\u00e7a e automa\u00e7\u00e3o banc\u00e1ria, sa\u00fade e previd\u00eancia complementar e todos os assuntos que envolvem o contrato de trabalho e a atividade banc\u00e1ria. Todas as fun\u00e7\u00f5es s\u00e3o importantes dentro do Banco, inclusive quem faz o contraponto \u00e0s jornadas excessivas, ass\u00e9dio moral e descumprimento de direitos\u201d, completou Wagner.<\/p>\n<p>Wagner Nascimento disse ainda que \u201c\u00e9 importante agora retomar o processo negocial com serenidade e equil\u00edbrio, uma vez que h\u00e1 expectativas quanto \u00e0s negocia\u00e7\u00f5es da Cassi da Campanha Nacional dos Banc\u00e1rios\u201d, finalizou.<\/p>\n<p>Clique\u00a0<a href=\"http:\/\/admin.contrafcut.com.br\/system\/uploads\/ck\/files\/Documento%20Resposta%20sobre%20Proposta%20Cassi.pdf\">aqui<\/a>\u00a0e veja o documento.\u00a0<\/p>\n<\/div>\n<p id=\"page-author\"><span style=\"text-decoration: underline;\"><em><strong>Fonte: Contraf-CUT<\/strong><\/em><\/span><\/p>\n","protected":false},"excerpt":{"rendered":"<p>Nesta ter\u00e7a-feira, dia 05 de junho, as Entidades da Mesa de Negocia\u00e7\u00e3o da Cassi se reuniram com o Banco do Brasil para entregar documentos das entidades sobre a proposta apresentada para a Cassi e cobrar do BB a retomada da mesa de negocia\u00e7\u00e3o, uma vez que o Banco do Brasil anunciou que apresentou proposta diretamente [&hellip;]<\/p>\n","protected":false},"author":2,"featured_media":4504,"comment_status":"","ping_status":"","sticky":false,"template":"","format":"standard","meta":{"footnotes":""},"categories":[3],"tags":[],"class_list":["post-4505","post","type-post","status-publish","format-standard","has-post-thumbnail","hentry","category-noticias"],"_links":{"self":[{"href":"https:\/\/hostnetart.com.br\/baixada\/wp-json\/wp\/v2\/posts\/4505","targetHints":{"allow":["GET"]}}],"collection":[{"href":"https:\/\/hostnetart.com.br\/baixada\/wp-json\/wp\/v2\/posts"}],"about":[{"href":"https:\/\/hostnetart.com.br\/baixada\/wp-json\/wp\/v2\/types\/post"}],"author":[{"embeddable":true,"href":"https:\/\/hostnetart.com.br\/baixada\/wp-json\/wp\/v2\/users\/2"}],"replies":[{"embeddable":true,"href":"https:\/\/hostnetart.com.br\/baixada\/wp-json\/wp\/v2\/comments?post=4505"}],"version-history":[{"count":0,"href":"https:\/\/hostnetart.com.br\/baixada\/wp-json\/wp\/v2\/posts\/4505\/revisions"}],"wp:featuredmedia":[{"embeddable":true,"href":"https:\/\/hostnetart.com.br\/baixada\/wp-json\/wp\/v2\/media\/4504"}],"wp:attachment":[{"href":"https:\/\/hostnetart.com.br\/baixada\/wp-json\/wp\/v2\/media?parent=4505"}],"wp:term":[{"taxonomy":"category","embeddable":true,"href":"https:\/\/hostnetart.com.br\/baixada\/wp-json\/wp\/v2\/categories?post=4505"},{"taxonomy":"post_tag","embeddable":true,"href":"https:\/\/hostnetart.com.br\/baixada\/wp-json\/wp\/v2\/tags?post=4505"}],"curies":[{"name":"wp","href":"https:\/\/api.w.org\/{rel}","templated":true}]}}