{"id":4503,"date":"2018-06-05T18:06:20","date_gmt":"2018-06-05T21:06:20","guid":{"rendered":"https:\/\/hostnetart.com.br\/baixada\/bancarios-definem-reivindicacoes-especificas-por-bancos\/"},"modified":"2018-06-05T18:06:20","modified_gmt":"2018-06-05T21:06:20","slug":"bancarios-definem-reivindicacoes-especificas-por-bancos","status":"publish","type":"post","link":"https:\/\/hostnetart.com.br\/baixada\/bancarios-definem-reivindicacoes-especificas-por-bancos\/","title":{"rendered":"Banc\u00e1rios definem reivindica\u00e7\u00f5es espec\u00edficas por bancos"},"content":{"rendered":"<div class=\"content\">\n<p>Os banc\u00e1rios dos cinco maiores bancos do pa\u00eds (Caixa Econ\u00f4mica Federal, Banco do Brasil, Bradesco, Ita\u00fa e Santander) e do Banco Mercantil do Brasil realizam nesta quinta e sexta-feira (7 e 8\/6), em S\u00e3o Paulo, seus encontros nacionais. O principal objetivo \u00e9 definir as demandas dos trabalhadores de cada um dos bancos e elaborar as minutas de reivindica\u00e7\u00f5es espec\u00edficas.<\/p>\n<p>\u201cExistem demandas gerais, que ser\u00e3o definidas na Confer\u00eancia Nacional da categoria e s\u00e3o negociadas pelo Comando Nacional dos Banc\u00e1rios com a Fenaban (Federa\u00e7\u00e3o Nacional dos Bancos), mas outras s\u00e3o espec\u00edficas por bancos. S\u00e3o quest\u00f5es que existem em alguns bancos e em outros n\u00e3o. Estes casos s\u00e3o negociados pelas COEs (Comiss\u00f5es de Organiza\u00e7\u00e3o dos Empregados) de cada um dos bancos com as dire\u00e7\u00f5es das respectivas institui\u00e7\u00f5es. Estas quest\u00f5es s\u00e3o levantadas nestes encontros nacionais\u201d, explicou o secret\u00e1rio Geral da Confedera\u00e7\u00e3o Nacional dos Trabalhadores do Ramo Financeiro (Contraf-CUT).<\/p>\n<p>As quest\u00f5es gerais levantadas nestes encontros ser\u00e3o levadas para delibera\u00e7\u00e3o na Confer\u00eancia Nacional dos Banc\u00e1rios, que ser\u00e1 realizada na sequ\u00eancia dos encontros nacionais por bancos, nos pr\u00f3ximos dias 8, 9 e 10, tamb\u00e9m em S\u00e3o Paulo.<\/p>\n<p><strong>Caixa<\/strong><br \/>O\u00a0<ins><strong><a href=\"http:\/\/www.contrafcut.org.br\/noticias\/34-conecef-comeca-na-quinta-feira-7-2e93\" target=\"_blank\" rel=\"noopener noreferrer\">34\u00ba Congresso Nacional dos Empregados da Caixa Econ\u00f4mica Federal (Conecef)<\/a><\/strong><\/ins>, ter\u00e1 como principais eixos do debate o corte de direitos dos empregados, a defesa da manuten\u00e7\u00e3o do car\u00e1ter 100% p\u00fablico do banco, do Sa\u00fade Caixa e da Funcef.<\/p>\n<p>O 34\u00ba Conecef ser\u00e1 realizado no Hotel San Rafhael, em S\u00e3o Paulo (Largo do Arouche, 150).<\/p>\n<p><strong>Banco do Brasil<\/strong><br \/>As atividades do 29\u00ba Congresso Nacional dos Funcion\u00e1rios do Banco do Brasil (CNFBB) ser\u00e3o realizadas na Quadra do Sindicato dos Banc\u00e1rios de S\u00e3o Paulo (rua Tabatinguera, 192).<\/p>\n<p><strong>Bradesco e Santander<\/strong><br \/>Os encontros nacionais dos banc\u00e1rios do Bradesco e do Santander ser\u00e3o realizados na sede do Sindicato dos Banc\u00e1rios de S\u00e3o Paulo (rua S\u00e3o Bento, 413).<\/p>\n<p><strong>Ita\u00fa e BMB<\/strong><br \/>As atividades do Ita\u00fa e do Banco Mercantil ser\u00e3o realizadas na sede da Contraf-CUT (rua L\u00edbero Badar\u00f3, 158).<\/p>\n<p>\u00a0<\/p>\n<\/div>\n<p id=\"page-author\"><span style=\"text-decoration: underline;\"><em><strong>Fonte: Contraf-CUT<\/strong><\/em><\/span><\/p>\n","protected":false},"excerpt":{"rendered":"<p>Os banc\u00e1rios dos cinco maiores bancos do pa\u00eds (Caixa Econ\u00f4mica Federal, Banco do Brasil, Bradesco, Ita\u00fa e Santander) e do Banco Mercantil do Brasil realizam nesta quinta e sexta-feira (7 e 8\/6), em S\u00e3o Paulo, seus encontros nacionais. O principal objetivo \u00e9 definir as demandas dos trabalhadores de cada um dos bancos e elaborar as [&hellip;]<\/p>\n","protected":false},"author":2,"featured_media":4502,"comment_status":"","ping_status":"","sticky":false,"template":"","format":"standard","meta":{"footnotes":""},"categories":[3],"tags":[],"class_list":["post-4503","post","type-post","status-publish","format-standard","has-post-thumbnail","hentry","category-noticias"],"_links":{"self":[{"href":"https:\/\/hostnetart.com.br\/baixada\/wp-json\/wp\/v2\/posts\/4503","targetHints":{"allow":["GET"]}}],"collection":[{"href":"https:\/\/hostnetart.com.br\/baixada\/wp-json\/wp\/v2\/posts"}],"about":[{"href":"https:\/\/hostnetart.com.br\/baixada\/wp-json\/wp\/v2\/types\/post"}],"author":[{"embeddable":true,"href":"https:\/\/hostnetart.com.br\/baixada\/wp-json\/wp\/v2\/users\/2"}],"replies":[{"embeddable":true,"href":"https:\/\/hostnetart.com.br\/baixada\/wp-json\/wp\/v2\/comments?post=4503"}],"version-history":[{"count":0,"href":"https:\/\/hostnetart.com.br\/baixada\/wp-json\/wp\/v2\/posts\/4503\/revisions"}],"wp:featuredmedia":[{"embeddable":true,"href":"https:\/\/hostnetart.com.br\/baixada\/wp-json\/wp\/v2\/media\/4502"}],"wp:attachment":[{"href":"https:\/\/hostnetart.com.br\/baixada\/wp-json\/wp\/v2\/media?parent=4503"}],"wp:term":[{"taxonomy":"category","embeddable":true,"href":"https:\/\/hostnetart.com.br\/baixada\/wp-json\/wp\/v2\/categories?post=4503"},{"taxonomy":"post_tag","embeddable":true,"href":"https:\/\/hostnetart.com.br\/baixada\/wp-json\/wp\/v2\/tags?post=4503"}],"curies":[{"name":"wp","href":"https:\/\/api.w.org\/{rel}","templated":true}]}}