{"id":4499,"date":"2018-06-05T14:11:15","date_gmt":"2018-06-05T17:11:15","guid":{"rendered":"https:\/\/hostnetart.com.br\/baixada\/puc-rio-e-punida-com-suspensao-dos-jogos-juridicos-de-2019-apos-atos-de-racismo\/"},"modified":"2018-06-05T14:11:15","modified_gmt":"2018-06-05T17:11:15","slug":"puc-rio-e-punida-com-suspensao-dos-jogos-juridicos-de-2019-apos-atos-de-racismo","status":"publish","type":"post","link":"https:\/\/hostnetart.com.br\/baixada\/puc-rio-e-punida-com-suspensao-dos-jogos-juridicos-de-2019-apos-atos-de-racismo\/","title":{"rendered":"PUC-Rio \u00e9 punida com suspens\u00e3o dos Jogos Jur\u00eddicos de 2019 ap\u00f3s atos de racismo"},"content":{"rendered":"<p>A Liga Jur\u00eddica Carioca decidiu nesta segunda-feira (4) penalizar a delega\u00e7\u00e3o da PUC-Rio com a perda do t\u00edtulo\u00a0dos jogos Jur\u00eddicos do Rio 2018, ap\u00f3s o registro de atos racistas durante o evento, disputado em Petr\u00f3polis, na regi\u00e3o serrana do estado. A Liga ainda suspendeu a participa\u00e7\u00e3o da delega\u00e7\u00e3o em competi\u00e7\u00f5es ao longo do ano e nos Jogos Jur\u00eddicos de 2019.<\/p>\n<p>Segundo den\u00fancias de estudantes pelas redes sociais, no s\u00e1bado (2), ap\u00f3s partida de\u00a0 futebol entre PUC-Rio e a Universidade Cat\u00f3lica de Petrop\u00f3lis (UCP), uma integrante da torcida da PUC jogou uma casca de banana na dire\u00e7\u00e3o de um atleta negro da UCP.<\/p>\n<p>O ato n\u00e3o foi isolado. No domingo, ap\u00f3s a final do basquete masculino entre PUC-Rio e Universidade do Estado do Rio de Janeiro (UERJ), torcedores da PUC imitaram macacos diante dos torcedores negros do rival. No mesmo dia, integrantes da torcida da universidade chamaram uma atleta de handebol da Universidade Federal Fluminense (UFF) de &#8220;macaca&#8221;.<\/p>\n<p>&#8220;Como bem sabemos, os jogos jur\u00eddicos universit\u00e1rios nunca foram um espa\u00e7o confort\u00e1vel para pessoas negras. Vir para se divertir e torcer sem muitas preocupa\u00e7\u00f5es sempre foi\u00a0\u2013 e ainda \u00e9\u00a0\u2013 um privil\u00e9gio que apenas as pessoas brancas possuem&#8221;, diz nota da campanha\u00a0<a class=\"external-link\" title=\"\" href=\"https:\/\/www.facebook.com\/permalink.php?story_fbid=1799311600115473&amp;id=1735795103133790\" target=\"_blank\" rel=\"noopener noreferrer\">Jogos Sem Racismo<\/a>. Junto com os coletivos os coletivos Negros Patrice Lumumba (UERJ), Ca\u00f3 (UFF) e Cl\u00e1udia Silva Ferreira (UFRJ &#8211; FND), a campanha exigiu as puni\u00e7\u00f5es \u00e0 PUC-RJ, o que foi acatado pela Liga Universit\u00e1ria.<\/p>\n<p>Com a decis\u00e3o, nenhuma faculdade participante ser\u00e1 sagrada como campe\u00e3 geral, ainda que os resultados das modalidades ser\u00e3o mantidos em respeito aos atletas participantes. A PUC-Rio havia terminado a competi\u00e7\u00e3o com o maior n\u00famero de pontos pela primeira vez.<\/p>\n<p>A universidade divulgou nota afirmando que vai formar uma\u00a0 Comiss\u00e3o Disciplinar para averigua\u00e7\u00e3o das informa\u00e7\u00f5es, composta por professores de Direito da Universidade e tamb\u00e9m pela professora de Direito Constitucional Thula Pires, que \u00e9 coordenadora do N\u00facleo Interdisciplinar de Reflex\u00e3o e Mem\u00f3ria Afrodescendente (Nirema).<\/p>\n<p>&#8220;Hoje, depois do que podem ter sido os quatro mais dolorosos dias das nossas vidas enquanto negros estudantes de direito, pudemos come\u00e7ar a fazer justi\u00e7a com nossos atletas, torcedores e torcedoras agredidos&#8221;, diz o texto da campanha. &#8220;Esperamos, ao menos, que essa dor descomunal se revele uma oportunidade para que TODAS as Faculdades de Direito repensem suas pr\u00e1ticas e tornem os Jogos um ambiente mais inclusivo.&#8221;<\/p>\n<p><em><strong><span class=\"discreet\"><span class=\"external-link\">Com informa\u00e7\u00f5es da\u00a0<\/span><a class=\"external-link\" title=\"\" href=\"http:\/\/radioagencianacional.ebc.com.br\/geral\/audio\/2018-06\/puc-rio-perde-titulo-e-e-suspensa-dos-jogos-juridicos-de-2019-apos-atos-de\" target=\"_blank\" rel=\"noopener noreferrer\">R\u00e1dio Ag\u00eancia Nacional<\/a><span class=\"external-link\">\u00a0e\u00a0<a class=\"external-link\" title=\"\" href=\"http:\/\/www.vermelho.org.br\/noticia\/noticia\/311721-1\" target=\"_blank\" rel=\"noopener noreferrer\">Vermelho<\/a><\/span><\/span><\/strong><\/em><\/p>\n","protected":false},"excerpt":{"rendered":"<p>A Liga Jur\u00eddica Carioca decidiu nesta segunda-feira (4) penalizar a delega\u00e7\u00e3o da PUC-Rio com a perda do t\u00edtulo\u00a0dos jogos Jur\u00eddicos do Rio 2018, ap\u00f3s o registro de atos racistas durante o evento, disputado em Petr\u00f3polis, na regi\u00e3o serrana do estado. A Liga ainda suspendeu a participa\u00e7\u00e3o da delega\u00e7\u00e3o em competi\u00e7\u00f5es ao longo do ano e [&hellip;]<\/p>\n","protected":false},"author":2,"featured_media":4498,"comment_status":"","ping_status":"","sticky":false,"template":"","format":"standard","meta":{"footnotes":""},"categories":[3],"tags":[],"class_list":["post-4499","post","type-post","status-publish","format-standard","has-post-thumbnail","hentry","category-noticias"],"_links":{"self":[{"href":"https:\/\/hostnetart.com.br\/baixada\/wp-json\/wp\/v2\/posts\/4499","targetHints":{"allow":["GET"]}}],"collection":[{"href":"https:\/\/hostnetart.com.br\/baixada\/wp-json\/wp\/v2\/posts"}],"about":[{"href":"https:\/\/hostnetart.com.br\/baixada\/wp-json\/wp\/v2\/types\/post"}],"author":[{"embeddable":true,"href":"https:\/\/hostnetart.com.br\/baixada\/wp-json\/wp\/v2\/users\/2"}],"replies":[{"embeddable":true,"href":"https:\/\/hostnetart.com.br\/baixada\/wp-json\/wp\/v2\/comments?post=4499"}],"version-history":[{"count":0,"href":"https:\/\/hostnetart.com.br\/baixada\/wp-json\/wp\/v2\/posts\/4499\/revisions"}],"wp:featuredmedia":[{"embeddable":true,"href":"https:\/\/hostnetart.com.br\/baixada\/wp-json\/wp\/v2\/media\/4498"}],"wp:attachment":[{"href":"https:\/\/hostnetart.com.br\/baixada\/wp-json\/wp\/v2\/media?parent=4499"}],"wp:term":[{"taxonomy":"category","embeddable":true,"href":"https:\/\/hostnetart.com.br\/baixada\/wp-json\/wp\/v2\/categories?post=4499"},{"taxonomy":"post_tag","embeddable":true,"href":"https:\/\/hostnetart.com.br\/baixada\/wp-json\/wp\/v2\/tags?post=4499"}],"curies":[{"name":"wp","href":"https:\/\/api.w.org\/{rel}","templated":true}]}}