{"id":4497,"date":"2018-06-05T14:10:00","date_gmt":"2018-06-05T17:10:00","guid":{"rendered":"https:\/\/hostnetart.com.br\/baixada\/ans-suspende-comercializacao-de-31-planos-de-saude\/"},"modified":"2018-06-05T14:10:00","modified_gmt":"2018-06-05T17:10:00","slug":"ans-suspende-comercializacao-de-31-planos-de-saude","status":"publish","type":"post","link":"https:\/\/hostnetart.com.br\/baixada\/ans-suspende-comercializacao-de-31-planos-de-saude\/","title":{"rendered":"ANS suspende comercializa\u00e7\u00e3o de 31 planos de sa\u00fade"},"content":{"rendered":"<p>A\u00a0Ag\u00eancia Nacional de Sa\u00fade Suplementar (ANS) suspendeu a comercializa\u00e7\u00e3o de\u00a0<a class=\"external-link\" title=\"\" href=\"http:\/\/www.ans.gov.br\/planos-de-saude-e-operadoras\/contratacao-e-troca-de-plano\/planos-de-saude-com-comercializacao-suspensa\/operadoras-com-planos-suspensos\" target=\"_blank\" rel=\"noopener noreferrer\">31 planos de sa\u00fade feito por 12 operadoras<\/a>, a partir da pr\u00f3xima sexta-feira (8), em fun\u00e7\u00e3o de reclama\u00e7\u00f5es relacionadas a cobertura assistencial.\u00a0A decis\u00e3o foi tomada com base em protestos recebidos pelo Programa de Monitoramento da Garantia de Atendimento da ag\u00eancia reguladora, durante o primeiro trimestre deste ano.<\/p>\n<p>Foram analisadas cerca de 14 mil reclama\u00e7\u00f5es no per\u00edodo \u2013 a maior parte (39;53%) por causa de quest\u00f5es gerenciais, como autoriza\u00e7\u00e3o pr\u00e9via, franquia, coparticipa\u00e7\u00e3o. Tamb\u00e9m houve grande n\u00famero de problemas relacionados ao rol de procedimentos e coberturas (15;85%) e prazos m\u00e1ximos para atendimento (15;04%).\u00a0A decis\u00e3o da ANS pro\u00edbe apenas a venda para novos clientes.<\/p>\n<p>As operadoras que tiveram a comercializa\u00e7\u00e3o de planos suspensos foram a Good Life Saude Ltda; a Unimed Norte\/Nordeste-Federa\u00e7\u00e3o Interfederativa das Sociedades Cooperativas de Trabalho M\u00e9dico; a Ami &#8211; Assist\u00eancia M\u00e9dica Infantil Ltda; a Associa\u00e7\u00e3o Auxiliadora das Classes Laboriosas; a PAME &#8211; Associa\u00e7\u00e3o de Assist\u00eancia Plena em Sa\u00fade; o Gamec &#8211; Grupo de Assist\u00eancia M\u00e9dica Empresarial do Cear\u00e1 Ltda; a Ameno Assist\u00eancia M\u00e9dica S\/S Ltda; a Lotus Operadora de Planos Odontol\u00f3gicos Ltda; a Caixa Seguradora Especializada em Sa\u00fade S\/A; a Quallity Sa\u00fade Assist\u00eancia M\u00e9dica Ambulatorial Ltda; a Associa\u00e7\u00e3o Santa Casa de Sorocaba e a Green Life Plus Planos M\u00e9dicos Ltda &#8211; EPP.<\/p>\n<p>A suspens\u00e3o pode ser revertida se as operadoras comprovarem melhoria no atendimento nesses planos. Trinta e tr\u00eas planos de 16 operadoras, que haviam sido suspensos anteriormente, por exemplo, ser\u00e3o reativados a partir de sexta.<\/p>\n<p><strong><span class=\"discreet\">Fonte: Rede Brasil Atual com informa\u00e7\u00f5es da Ag\u00eancia Brasil<\/span><\/strong><\/p>\n","protected":false},"excerpt":{"rendered":"<p>A\u00a0Ag\u00eancia Nacional de Sa\u00fade Suplementar (ANS) suspendeu a comercializa\u00e7\u00e3o de\u00a031 planos de sa\u00fade feito por 12 operadoras, a partir da pr\u00f3xima sexta-feira (8), em fun\u00e7\u00e3o de reclama\u00e7\u00f5es relacionadas a cobertura assistencial.\u00a0A decis\u00e3o foi tomada com base em protestos recebidos pelo Programa de Monitoramento da Garantia de Atendimento da ag\u00eancia reguladora, durante o primeiro trimestre deste [&hellip;]<\/p>\n","protected":false},"author":2,"featured_media":4496,"comment_status":"","ping_status":"","sticky":false,"template":"","format":"standard","meta":{"footnotes":""},"categories":[3],"tags":[],"class_list":["post-4497","post","type-post","status-publish","format-standard","has-post-thumbnail","hentry","category-noticias"],"_links":{"self":[{"href":"https:\/\/hostnetart.com.br\/baixada\/wp-json\/wp\/v2\/posts\/4497","targetHints":{"allow":["GET"]}}],"collection":[{"href":"https:\/\/hostnetart.com.br\/baixada\/wp-json\/wp\/v2\/posts"}],"about":[{"href":"https:\/\/hostnetart.com.br\/baixada\/wp-json\/wp\/v2\/types\/post"}],"author":[{"embeddable":true,"href":"https:\/\/hostnetart.com.br\/baixada\/wp-json\/wp\/v2\/users\/2"}],"replies":[{"embeddable":true,"href":"https:\/\/hostnetart.com.br\/baixada\/wp-json\/wp\/v2\/comments?post=4497"}],"version-history":[{"count":0,"href":"https:\/\/hostnetart.com.br\/baixada\/wp-json\/wp\/v2\/posts\/4497\/revisions"}],"wp:featuredmedia":[{"embeddable":true,"href":"https:\/\/hostnetart.com.br\/baixada\/wp-json\/wp\/v2\/media\/4496"}],"wp:attachment":[{"href":"https:\/\/hostnetart.com.br\/baixada\/wp-json\/wp\/v2\/media?parent=4497"}],"wp:term":[{"taxonomy":"category","embeddable":true,"href":"https:\/\/hostnetart.com.br\/baixada\/wp-json\/wp\/v2\/categories?post=4497"},{"taxonomy":"post_tag","embeddable":true,"href":"https:\/\/hostnetart.com.br\/baixada\/wp-json\/wp\/v2\/tags?post=4497"}],"curies":[{"name":"wp","href":"https:\/\/api.w.org\/{rel}","templated":true}]}}