{"id":4487,"date":"2018-06-04T17:55:24","date_gmt":"2018-06-04T20:55:24","guid":{"rendered":"https:\/\/hostnetart.com.br\/baixada\/quem-ganha-e-quem-perde-com-as-privatizacoes\/"},"modified":"2018-06-04T17:55:24","modified_gmt":"2018-06-04T20:55:24","slug":"quem-ganha-e-quem-perde-com-as-privatizacoes","status":"publish","type":"post","link":"https:\/\/hostnetart.com.br\/baixada\/quem-ganha-e-quem-perde-com-as-privatizacoes\/","title":{"rendered":"Quem ganha e quem perde com as privatiza\u00e7\u00f5es"},"content":{"rendered":"<div class=\"content\">\n<p>Pesquisa do Datafolha, divulgada na quarta-feira 30, revela que 55% dos brasileiros s\u00e3o contr\u00e1rios \u00e0 privatiza\u00e7\u00e3o da Petrobras. Para um n\u00famero ainda maior, 74%, a empresa n\u00e3o deveria ser vendida para grupos estrangeiros em hip\u00f3tese alguma. Pesquisa da CUT\/Vox divulgada na segunda-feira 28\u00a0<a href=\"http:\/\/spbancarios.com.br\/05\/2018\/brasileiros-sao-contra-privatizacao-das-empresas-publicas-diz-pesquisa\" target=\"_blank\" rel=\"noopener noreferrer\">apontou resultado semelhante<\/a>.<\/p>\n<p>No mesmo dia da divulga\u00e7\u00e3o da pesquisa do Datafolha comprovando que a maioria dos brasileiros \u00e9 contra a entrega do patrim\u00f4nio p\u00fablico ao setor privado, o Sindicato e a\u00a0<a href=\"http:\/\/faculdade28deagosto.com.br\/\" target=\"_blank\" rel=\"noopener noreferrer\">Faculdade 28 de Agosto<\/a>\u00a0promoveram semin\u00e1rio sobre o tema que se mostra necess\u00e1rio diante da inten\u00e7\u00e3o do governo Temer de privatizar dezenas de empresas p\u00fablicas por meio do\u00a0<a href=\"http:\/\/spbancarios.com.br\/03\/2017\/falas-de-temer-e-meirelles-nao-batem-com-realidade\" target=\"_blank\" rel=\"noopener noreferrer\">Programa de Parceria do Investimento (PPI)<\/a>, muitas delas estrat\u00e9gicas para a soberania nacional, como a Eletrobras e a Casa da Moeda.\u00a0<\/p>\n<p>&gt;\u00a0<a href=\"http:\/\/spbancarios.com.br\/sindicalize-se\" target=\"_blank\" rel=\"noopener noreferrer\">Fa\u00e7a\u00a0sua sindicaliza\u00e7\u00e3o\u00a0e fortale\u00e7a a luta\u00a0do Sindicato ao lado dos banc\u00e1rios<\/a><\/p>\n<p> \u201cA Casa da Moeda faz moeda para o Brasil e mais cinco pa\u00edses da Am\u00e9rica Latina. O resultado da empresa foi positivo nos \u00faltimos anos. Mesmo assim est\u00e1 na lista de privatiza\u00e7\u00e3o\u201d, alertou durante o semin\u00e1rio Maria Rita Serrano, coordenadora do Comit\u00ea Nacional em Defesa das Empresas P\u00fablicas e representante eleita pelos empregados no Conselho de Administra\u00e7\u00e3o da Caixa.\u00a0<\/p>\n<p>Os relat\u00f3rios financeiros mostram que a companhia teve super\u00e1vit de R$ 783 milh\u00f5es em 2013, R$ 223 milh\u00f5es em 2014, R$ 300 milh\u00f5es em 2015 e R$ 60 milh\u00f5es em 2016. Apenas em 2017 houve preju\u00edzo de R$ 117 milh\u00f5es, justamente por falta de repasses do pr\u00f3prio governo federal, que pretende privatizar a empresa.\u00a0<\/p>\n<h3><strong>Petrobras e o pre\u00e7o dos combust\u00edveis<\/strong><\/h3>\n<p>A Petrobras ainda n\u00e3o foi totalmente privatizada, mas teve v\u00e1rias ativos vendidos. \u201cAlguns anos atr\u00e1s, o Brasil era autossuficiente em combust\u00edveis, mas agora compra gasolina refinada dos Estados Unidos, a pre\u00e7os praticados no mercado internacional, e por isso o custo n\u00e3o para de aumentar. A greve dos caminhoneiros \u00e9 interessante porque mostrou aquilo que a gente vinha alertando h\u00e1 anos: as consequ\u00eancias\u00a0do sucateamento das empresas p\u00fablicas\u201d, afirma Rita.\u00a0<\/p>\n<p>&gt;\u00a0<a href=\"http:\/\/spbancarios.com.br\/sites\/default\/files\/folhabancaria\/arquivo\/golpe-caos-folhabancaria-6147.pdf\" target=\"_blank\" rel=\"noopener noreferrer\">Do Golpe ao caos. Confira edi\u00e7\u00e3o especial da Folha Banc\u00e1ria sobre privatiza\u00e7\u00e3o<\/a><\/p>\n<p><img decoding=\"async\" style=\"height: 560px; width: 750px;\" src=\"http:\/\/spbancarios.com.br\/sites\/default\/files\/images\/Semin%C3%A1rio%20em%20defesa%20das%20empresas%20p%C3%BAblicas.jpg\" alt=\"\" \/><\/p>\n<p>Rita Serrano (esq.), Ernesto Izumi (BB), Leonardo Quadros (Caixa) e Ione Amorim (Idec)<\/p>\n<p> A diminui\u00e7\u00e3o das pol\u00edticas p\u00fablicas operacionalizadas pelos bancos p\u00fablicos tamb\u00e9m coloca um grande problema para o pa\u00eds, avalia Rita. O programa Minha Casa, Minha Vida, financiado pela\u00a0Caixa Federal, foi usado como exemplo. Os investimentos foram reduzidos de R$ 20 bilh\u00f5es, em 2015, para R$ 7,9 bilh\u00f5es, em 2016, e R$ 2,7 bilh\u00f5es em 2017.<\/p>\n<p>\u201cDe 2015 para c\u00e1 foram investidos R$ 18 bilh\u00f5es a menos em um \u00fanico programa. O setor da constru\u00e7\u00e3o civil \u00e9 um dos que mais gera empregos para a popula\u00e7\u00e3o de baixa escolaridade. Isso significa menos investimento social, aumento do desemprego, da car\u00eancia por habita\u00e7\u00e3o popular e da pobreza. Tamb\u00e9m afeta toda a cadeia produtiva e obviamente resulta em um preju\u00edzo para as empresa dessas \u00e1reas\u201d, resume Rita.\u00a0<\/p>\n<p>Outro exemplo dos danos que a redu\u00e7\u00e3o da fun\u00e7\u00e3o social dos bancos p\u00fablicos causam \u00e0\u00a0sociedade se deu na \u00faltima reuni\u00e3o do conselho de administra\u00e7\u00e3o da Caixa, realizada na ter\u00e7a-feira 22. Segundo Rita Serrano, foi informado que o banco deixou de emprestar R$ 3 bilh\u00f5es para a agricultura, porque para sua atual dire\u00e7\u00e3o, a taxa de juros n\u00e3o compensava. \u201cIsso \u00e9 papel de banco p\u00fablico?\u201d, questiona Rita, que estava presente \u00e0quela reuni\u00e3o. \u00a0<\/p>\n<h3><strong>Descapitaliza\u00e7\u00e3o do BNDES<\/strong><\/h3>\n<p>O BNDES \u00e9 o maior investidor das empresas do pa\u00eds, mas desde 2016, quando Michel Temer tomou o poder, sofreu descapitaliza\u00e7\u00f5es totalizando mais de R$ 100 bilh\u00f5es que \u00a0poderiam ser investidos no setor produtivo e consequentemente resultariam em\u00a0gera\u00e7\u00e3o de emprego.<\/p>\n<p>&gt;\u00a0<a href=\"http:\/\/spbancarios.com.br\/04\/2018\/novo-presidente-confirma-enfraquecimento-do-bndes\" target=\"_blank\" rel=\"noopener noreferrer\">Novo presidente confirma enfraquecimento do BNDES<\/a><\/p>\n<p>Parte desse montante ser\u00e1 usada para o pagamento da d\u00edvida p\u00fablica. Os bancos privados s\u00e3o detentores de parcela consider\u00e1vel desses t\u00edtulos.\u00a0<\/p>\n<p>Al\u00e9m disso, o Congresso Nacional acabou com a taxa de juros subsidiado do banco p\u00fablico e criou uma taxa de juros de mercado, muito mais alta.\u00a0<\/p>\n<p>\u00a0<\/p>\n<p>\u201cVoc\u00eas acham que as empresas v\u00e3o pegar cr\u00e9dito no BNDES?\u201d, questiona Rita. \u201cNem no BNDES e nem no Ita\u00fa, no Bradesco, no Santander, porque os juros praticados no Brasil s\u00e3o alt\u00edssimos. Ao inv\u00e9s de investir no setor produtivo, as empresas v\u00e3o investir na especula\u00e7\u00e3o financeira, porque ficou mais caro para investir no setor produtivo, o que ir\u00e1 resultar em mais desinvestimento e desemprego.\u201d<\/p>\n<p>&gt;\u00a0<a href=\"http:\/\/spbancarios.com.br\/06\/2017\/precisamos-falar-sobre-o-bndes\">Precisamos falar sobre o BNDES<\/a><br \/> &gt;\u00a0<a href=\"http:\/\/www.precisamosfalarsobreobndes.com.br\/\">Funcion\u00e1rios do BNDES lan\u00e7am campanha de esclarecimento<\/a><br \/> &gt;\u00a0<a href=\"http:\/\/spbancarios.com.br\/04\/2017\/defesa-dos-bancos-publicos-e-defesa-de-toda-sociedade\">A defesa dos bancos p\u00fablicos \u00e9 a defesa de toda sociedade<\/a><\/p>\n<h3><strong>Caixa e Banco do Brasil<\/strong><\/h3>\n<p>Embora tenham ficado de fora da lista de privatiza\u00e7\u00f5es, a Caixa e o Banco do Brasil enfrentam processo de encolhimento e amea\u00e7as constantes. Em\u00a02017, o\u00a0<a href=\"http:\/\/spbancarios.com.br\/12\/2017\/vitoria-caixa-e-do-povo-e-continua-100-publica\" target=\"_blank\" rel=\"noopener noreferrer\">movimento sindical conseguiu barrar a inten\u00e7\u00e3o do governo federal de transformar a Caixa em sociedade an\u00f4nima<\/a>, o que seria o primeiro passo para privatiza\u00e7\u00e3o do banco.\u00a0<\/p>\n<p>Entretanto, a Caixa sofre um processo de encolhimento, com fechamento de ag\u00eancias,\u00a0<a href=\"http:\/\/spbancarios.com.br\/02\/2018\/aberto-novo-plano-de-demissoes-na-caixa\" target=\"_blank\" rel=\"noopener noreferrer\">postos de trabalho<\/a>\u00a0e privatiza\u00e7\u00e3o das opera\u00e7\u00f5es. Est\u00e1 marcada para 14 de junho, na Bolsa de Valores de S\u00e3o Paulo, a\u00a0<a href=\"http:\/\/spbancarios.com.br\/08\/2017\/temer-quer-privatizar-quem-financia-programas-sociais\" target=\"_blank\" rel=\"noopener noreferrer\">privatiza\u00e7\u00e3o da\u00a0Loteria\u00a0Instant\u00e2nea Exclusiva (Lotex)<\/a>, cujas opera\u00e7\u00f5es s\u00e3o administradas pela Caixa.\u00a0<\/p>\n<p>&gt;\u00a0<a href=\"http:\/\/spbancarios.com.br\/10\/2017\/sobe-arrecadacao-das-loterias-que-temer-quer-privatizar\" target=\"_blank\" rel=\"noopener noreferrer\">Loteria que Temer quer vender &#8216;bate recorde&#8217; de receita<\/a><\/p>\n<p>\u201cSe as\u00a0loterias\u00a0fossem\u00a0somente jogos de azar, eu n\u00e3o defenderia que um banco publico fosse operador. Mas 48% da arrenda\u00e7\u00e3o da\u00a0loterias s\u00e3o investidos em programas sociais como cultura e educa\u00e7\u00e3o e seguran\u00e7a\u201d, ressalta Rita. \u201cAo privatizar a loteria instant\u00e2nea, aquilo que ia para investimento social vai para o bolso da multinacional, e os editais s\u00e3o feitos de uma forma que s\u00f3 as multinacionais estrangeiras podem participar\u201d, afirma Rita, acrescentando que empresas dos\u00a0Estados Unidos, da Austr\u00e1lia e do Canad\u00e1 se mostraram interessadas em comprar a Lotex.\u00a0<\/p>\n<p>Rita lembrou que o Banco do Brasil foi transformado em uma institui\u00e7\u00e3o de economia mista, com a\u00e7\u00f5es negociadas na bolsa de valores, em 1969, em pleno per\u00edodo mais repressivo da ditadura militar, quando a organiza\u00e7\u00e3o dos trabalhadores era proibida.\u00a0<\/p>\n<p>Em um novo per\u00edodo de ruptura democr\u00e1tica resultante do golpe que al\u00e7ou Michel Temer ao poder, o Banco do Brasil fechou 670 ag\u00eancias e\u00a0<a href=\"http:\/\/spbancarios.com.br\/05\/2017\/temer-limita-numero-de-funcionarios-no-bb\" target=\"_blank\" rel=\"noopener noreferrer\">eliminou 10 mil postos de trabalho por meio de planos de demiss\u00e3o<\/a>.\u00a0<\/p>\n<p>&gt;\u00a0<a href=\"http:\/\/spbancarios.com.br\/sites\/default\/files\/anexos\/cartilha_bancos_publicos.pdf\" target=\"_blank\" rel=\"noopener noreferrer\">Saiba mais sobre a import\u00e2ncia dos bancos p\u00fablicos para o Brasil<\/a><\/p>\n<p>\u201cOs banco p\u00fablicos deveriam ter a fun\u00e7\u00e3o de atender \u00e0s\u00a0necessidades da popula\u00e7\u00e3o, do investimento em desenvolvimento. E no atual governo, os bancos v\u00eam adotando os juros, as tarifas e os modelos dos bancos privados\u201d, denuncia\u00a0Rita.\u00a0<\/p>\n<h3><strong>Clientes tamb\u00e9m sofrem\u00a0<\/strong><\/h3>\n<p>Durante o semin\u00e1rio, a economista do\u00a0<a href=\"https:\/\/idec.org.br\/\" target=\"_blank\" rel=\"noopener noreferrer\">Idec<\/a>\u00a0(Instituto Brasileiro de Defesa do Consumidor), Ione Amorim, apresentou document\u00e1rio sobre o resultado dos juros extorsivos aplicados pelos bancos no pa\u00eds, resultado da enorme concentra\u00e7\u00e3o banc\u00e1ria. Tamb\u00e9m\u00a0revelou que desde que o governo Temer assumiu o poder, os bancos p\u00fablicos tamb\u00e9m adotaram mudan\u00e7a na pol\u00edtica que prejudica os clientes.<\/p>\n<p>\u00a0<\/p>\n<p>Segundo levantamento do Idec com dados do Banco Central, entre 2016 e 2017 a Caixa Econ\u00f4mica imp\u00f4s reajuste de 78% nas tarifas cobradas dos clientes. Nesse mesmo per\u00edodo, a infla\u00e7\u00e3o foi de 2,7%.\u00a0<\/p>\n<p><img decoding=\"async\" style=\"height: 355px; width: 643px;\" src=\"http:\/\/spbancarios.com.br\/sites\/default\/files\/images\/Tabela%20Idec.jpg\" alt=\"\" \/><\/p>\n<p>O reajuste m\u00e9dio das tarifas banc\u00e1rias dos cinco principais bancos (BB, Bradesco, Caixa Ita\u00fa e Santander) ficou em torno de 12%. \u201cN\u00f3s questionamos os bancos e eles responderam \u2018n\u00f3s estamos repassando a infla\u00e7\u00e3o\u2019. Que infla\u00e7\u00e3o? Quatro vezes a infla\u00e7\u00e3o do per\u00edodo?\u201d<\/p>\n<p><img decoding=\"async\" style=\"height: 453px; width: 578px;\" src=\"http:\/\/spbancarios.com.br\/sites\/default\/files\/images\/Tarifas%20banc%C3%A1rias%20Idec.jpg\" alt=\"\" \/><\/p>\n<p>\u201cA Caixa realmente tinha pre\u00e7os competitivos, mas a pol\u00edtica mais recente trouxe essa realidade e realinhou seus servi\u00e7os aos dos grande bancos privados, ao inv\u00e9s de puxar para baixo os custos das tarifas, como um grande banco p\u00fablico, com uma carteira de 88 milh\u00f5es \u00a0de clientes, deveria fazer, juntamente com o Banco do Brasil\u201d, acrescenta Ione.\u00a0<\/p>\n<\/div>\n<p id=\"page-author\">Fonte: SP Banc\u00e1rios<\/p>\n","protected":false},"excerpt":{"rendered":"<p>Pesquisa do Datafolha, divulgada na quarta-feira 30, revela que 55% dos brasileiros s\u00e3o contr\u00e1rios \u00e0 privatiza\u00e7\u00e3o da Petrobras. Para um n\u00famero ainda maior, 74%, a empresa n\u00e3o deveria ser vendida para grupos estrangeiros em hip\u00f3tese alguma. Pesquisa da CUT\/Vox divulgada na segunda-feira 28\u00a0apontou resultado semelhante. No mesmo dia da divulga\u00e7\u00e3o da pesquisa do Datafolha comprovando [&hellip;]<\/p>\n","protected":false},"author":2,"featured_media":4486,"comment_status":"","ping_status":"","sticky":false,"template":"","format":"standard","meta":{"footnotes":""},"categories":[3],"tags":[],"class_list":["post-4487","post","type-post","status-publish","format-standard","has-post-thumbnail","hentry","category-noticias"],"_links":{"self":[{"href":"https:\/\/hostnetart.com.br\/baixada\/wp-json\/wp\/v2\/posts\/4487","targetHints":{"allow":["GET"]}}],"collection":[{"href":"https:\/\/hostnetart.com.br\/baixada\/wp-json\/wp\/v2\/posts"}],"about":[{"href":"https:\/\/hostnetart.com.br\/baixada\/wp-json\/wp\/v2\/types\/post"}],"author":[{"embeddable":true,"href":"https:\/\/hostnetart.com.br\/baixada\/wp-json\/wp\/v2\/users\/2"}],"replies":[{"embeddable":true,"href":"https:\/\/hostnetart.com.br\/baixada\/wp-json\/wp\/v2\/comments?post=4487"}],"version-history":[{"count":0,"href":"https:\/\/hostnetart.com.br\/baixada\/wp-json\/wp\/v2\/posts\/4487\/revisions"}],"wp:featuredmedia":[{"embeddable":true,"href":"https:\/\/hostnetart.com.br\/baixada\/wp-json\/wp\/v2\/media\/4486"}],"wp:attachment":[{"href":"https:\/\/hostnetart.com.br\/baixada\/wp-json\/wp\/v2\/media?parent=4487"}],"wp:term":[{"taxonomy":"category","embeddable":true,"href":"https:\/\/hostnetart.com.br\/baixada\/wp-json\/wp\/v2\/categories?post=4487"},{"taxonomy":"post_tag","embeddable":true,"href":"https:\/\/hostnetart.com.br\/baixada\/wp-json\/wp\/v2\/tags?post=4487"}],"curies":[{"name":"wp","href":"https:\/\/api.w.org\/{rel}","templated":true}]}}