{"id":4483,"date":"2018-05-30T16:16:25","date_gmt":"2018-05-30T19:16:25","guid":{"rendered":"https:\/\/hostnetart.com.br\/baixada\/desnutricao-afeta-mais-idosos-que-criancas-no-brasil\/"},"modified":"2018-05-30T16:16:25","modified_gmt":"2018-05-30T19:16:25","slug":"desnutricao-afeta-mais-idosos-que-criancas-no-brasil","status":"publish","type":"post","link":"https:\/\/hostnetart.com.br\/baixada\/desnutricao-afeta-mais-idosos-que-criancas-no-brasil\/","title":{"rendered":"Desnutri\u00e7\u00e3o afeta mais idosos que crian\u00e7as no Brasil"},"content":{"rendered":"<p>Nos \u00faltimos 20 anos,\u00a0a expectativa de vida dos brasileiros passou de 69 para quase 76 anos. Mas a <a class=\"internal-link\" title=\"\" href=\"http:\/\/www.redebrasilatual.com.br\/revistas\/140\/na-palma-de-maos-experientes\" target=\"_blank\" rel=\"noopener noreferrer\">qualidade de vida dos <strong>idosos<\/strong><\/a> n\u00e3o melhorou na mesma medida. Enquanto\u00a0a mortalidade infantil por <strong>desnutri\u00e7\u00e3o<\/strong> caiu 97%, entre 1980 e 2015, a morte em idosos pela mesma causa aumentou 365%.<\/p>\n<p>Em 1980, morriam 58 crian\u00e7as por desnutri\u00e7\u00e3o a cada 100 mil habitantes. Ap\u00f3s 35 anos, esse n\u00famero caiu para menos de duas a 100 mil. No mesmo per\u00edodo,\u00a0 o total de idosos mortos em decorr\u00eancia da falta de alimenta\u00e7\u00e3o pulou de quase 15 para mais de 21 a cada 100 mil, segundo o Departamento de Inform\u00e1tica do SUS (<a class=\"external-link\" title=\"\" href=\"http:\/\/datasus.saude.gov.br\/\" target=\"_blank\" rel=\"noopener noreferrer\">Datasus<\/a>).\u00a0<\/p>\n<p>&#8220;O que acontece no nosso pa\u00eds \u00e9 que o envelhecimento\u00a0ainda n\u00e3o \u00e9 percebido como &#8216;um sucesso&#8217;, como um grande benef\u00edcio que a pr\u00f3pria humanidade fez a si pr\u00f3pria&#8221;, comenta a\u00a0presidenta do\u00a0Observat\u00f3rio da Longevidade Humana e Envelhecimento\u00a0(<a class=\"external-link\" title=\"\" href=\"http:\/\/olhe.org.br\/\" target=\"_blank\" rel=\"noopener noreferrer\">Olhe<\/a>), Mar\u00edlia Viana ao rep\u00f3rter Andr\u00e9 Gianocari, para o <em>Seu Jornal<\/em>, da <strong><a class=\"external-link\" title=\"\" href=\"http:\/\/TVT.org.br\" target=\"_blank\" rel=\"noopener noreferrer\">TVT<\/a><\/strong>.<\/p>\n<p>De acordo com dados do observat\u00f3rio, ela lembra que\u00a099% dos nossos idosos residem com suas fam\u00edlias e\u00a0apenas\u00a01% em asilos e institui\u00e7\u00f5es de cuidado. Portanto, s\u00e3o as fam\u00edlias e os profissionais da \u00e1rea que devem zelar pela alimenta\u00e7\u00e3o dos mais velhos.\u00a0<\/p>\n<p>A nutricionista e professora de geriatria e gerontologia da Universidade Federal de S\u00e3o Paulo (<a class=\"external-link\" title=\"\" href=\"http:\/\/www.unifesp.br\/\" target=\"_blank\" rel=\"noopener noreferrer\">Unifesp<\/a>) Myrian Najas sugere lista elaborada pelo minist\u00e9rio da Sa\u00fade com <a class=\"external-link\" title=\"\" href=\"http:\/\/www.blog.saude.gov.br\/index.php\/35177-especial-saude-da-pessoa-idosa-alimentacao\" target=\"_blank\" rel=\"noopener noreferrer\">Dez Passos para a Alimenta\u00e7\u00e3o Saud\u00e1vel da Pessoa Idosa<\/a>.\u00a0<\/p>\n<p>Na reportagem, Myrian d\u00e1 dicas de alimenta\u00e7\u00e3o para idosos, inclusive para os vegetarianos e veganos, enquanto a\u00a0presidenta do Olhe reivindica a expans\u00e3o de equipamentos p\u00fablicos vinculados \u00e0 Assist\u00eancia Social que ofere\u00e7am atendimento di\u00e1rio, das 7h \u00e0s 19h, para pessoas idosas, com todos os cuidados inclu\u00eddos,\u00a0inclusive com a alimenta\u00e7\u00e3o.<\/p>\n<p><strong>FONTE: Rede Brasil Atual<\/strong><\/p>\n","protected":false},"excerpt":{"rendered":"<p>Nos \u00faltimos 20 anos,\u00a0a expectativa de vida dos brasileiros passou de 69 para quase 76 anos. Mas a qualidade de vida dos idosos n\u00e3o melhorou na mesma medida. Enquanto\u00a0a mortalidade infantil por desnutri\u00e7\u00e3o caiu 97%, entre 1980 e 2015, a morte em idosos pela mesma causa aumentou 365%. Em 1980, morriam 58 crian\u00e7as por desnutri\u00e7\u00e3o [&hellip;]<\/p>\n","protected":false},"author":2,"featured_media":4482,"comment_status":"","ping_status":"","sticky":false,"template":"","format":"standard","meta":{"footnotes":""},"categories":[3],"tags":[],"class_list":["post-4483","post","type-post","status-publish","format-standard","has-post-thumbnail","hentry","category-noticias"],"_links":{"self":[{"href":"https:\/\/hostnetart.com.br\/baixada\/wp-json\/wp\/v2\/posts\/4483","targetHints":{"allow":["GET"]}}],"collection":[{"href":"https:\/\/hostnetart.com.br\/baixada\/wp-json\/wp\/v2\/posts"}],"about":[{"href":"https:\/\/hostnetart.com.br\/baixada\/wp-json\/wp\/v2\/types\/post"}],"author":[{"embeddable":true,"href":"https:\/\/hostnetart.com.br\/baixada\/wp-json\/wp\/v2\/users\/2"}],"replies":[{"embeddable":true,"href":"https:\/\/hostnetart.com.br\/baixada\/wp-json\/wp\/v2\/comments?post=4483"}],"version-history":[{"count":0,"href":"https:\/\/hostnetart.com.br\/baixada\/wp-json\/wp\/v2\/posts\/4483\/revisions"}],"wp:featuredmedia":[{"embeddable":true,"href":"https:\/\/hostnetart.com.br\/baixada\/wp-json\/wp\/v2\/media\/4482"}],"wp:attachment":[{"href":"https:\/\/hostnetart.com.br\/baixada\/wp-json\/wp\/v2\/media?parent=4483"}],"wp:term":[{"taxonomy":"category","embeddable":true,"href":"https:\/\/hostnetart.com.br\/baixada\/wp-json\/wp\/v2\/categories?post=4483"},{"taxonomy":"post_tag","embeddable":true,"href":"https:\/\/hostnetart.com.br\/baixada\/wp-json\/wp\/v2\/tags?post=4483"}],"curies":[{"name":"wp","href":"https:\/\/api.w.org\/{rel}","templated":true}]}}