{"id":4481,"date":"2018-05-30T16:15:44","date_gmt":"2018-05-30T19:15:44","guid":{"rendered":"https:\/\/hostnetart.com.br\/baixada\/greve-dos-petroleiros-precisa-do-apoio-da-populacao\/"},"modified":"2018-05-30T16:15:44","modified_gmt":"2018-05-30T19:15:44","slug":"greve-dos-petroleiros-precisa-do-apoio-da-populacao","status":"publish","type":"post","link":"https:\/\/hostnetart.com.br\/baixada\/greve-dos-petroleiros-precisa-do-apoio-da-populacao\/","title":{"rendered":"Greve dos petroleiros precisa do apoio da popula\u00e7\u00e3o"},"content":{"rendered":"<div class=\"content\">\n<p>Ap\u00f3s nove dias do in\u00edcio da greve, os caminhoneiros, que est\u00e3o parados nas marginais e acostamentos de rodovias por todo o pa\u00eds, tendo como consequ\u00eancia desabastecimento da popula\u00e7\u00e3o de itens como gasolina, g\u00e1s e at\u00e9 mesmo alimentos, contam com empatia dos brasileiros, que se engajam em campanhas nas redes sociais enquanto enfrentam filas quilom\u00e9tricas nos postos de combust\u00edveis, em apoio ao movimento como forma de demonstrar insatisfa\u00e7\u00e3o com o governo Temer.<\/p>\n<p>Ainda que seja dif\u00edcil identificar a origem, os rumos e o encaminhamento desse movimento grevista, que em parte ocorre com orienta\u00e7\u00e3o deliberada de empres\u00e1rios dos transportes para seus motoristas contratados, e em parte \u00e9 alavancado por caminhoneiros aut\u00f4nomos com suas pr\u00f3prias pautas, desde o in\u00edcio contou com o apoio formal de centrais sindicais, como a CUT, e dos movimentos sociais, como a Frente Brasil Popular, que soltaram notas oficiais.<\/p>\n<p>Ap\u00f3s diversas reuni\u00f5es com o governo federal e an\u00fancios de atendimento das reivindica\u00e7\u00f5es por Temer e seus ministros, atrav\u00e9s de tr\u00eas medidas provis\u00f3rias e um projeto de lei (saiba mais abaixo), a popula\u00e7\u00e3o continua desassistida em pelo menos dois itens b\u00e1sicos afetados pela manifesta\u00e7\u00e3o nacional: o pre\u00e7o da gasolina e do g\u00e1s de cozinha.<\/p>\n<p>E \u00e9 sobre esse vi\u00e9s que o debate e o enfrentamento ser\u00e3o realizados a partir desta quarta-feira, 30 de maio, quando come\u00e7a a greve anunciada pela Federa\u00e7\u00e3o \u00danica dos Petroleiros (FUP), que inicialmente ser\u00e1 de 72 horas, acompanhada por um Dia Nacional de Luta e Mobiliza\u00e7\u00e3o convocada pelas frentes Brasil Popular e Povo Sem Medo, pela redu\u00e7\u00e3o do pre\u00e7o do g\u00e1s e do combust\u00edvel. \u201cA popula\u00e7\u00e3o achava que seria beneficiada pela greve dos caminhoneiros, mas n\u00e3o estamos vendo nenhum benef\u00edcio. A gasolina est\u00e1 voltando aos postos ainda mais cara do que j\u00e1 estava, o g\u00e1s de cozinha tamb\u00e9m. Esse cen\u00e1rio \u00e9 consequ\u00eancia da pol\u00edtica de pre\u00e7os que o governo federal est\u00e1 praticando com a Petrobr\u00e1s, que desde 2016, quando a presidenta Dilma foi deposta por um golpe, considera o mercado internacional para oferecer combust\u00edvel para a popula\u00e7\u00e3o aqui no Brasil\u201d, afirma Junior Cesar Dias, presidente da Fetec-CUT\/PR.<\/p>\n<p>O dirigente explica, ainda nesse cen\u00e1rio, que \u00e9 importante a popula\u00e7\u00e3o se conscientizar que a pol\u00edtica de pre\u00e7os praticados pela Petrobr\u00e1s no governo Temer inclui a subutiliza\u00e7\u00e3o das refinarias do pa\u00eds para exporta\u00e7\u00e3o de petr\u00f3leo cru e posterior importa\u00e7\u00e3o de combust\u00edveis refinados. \u201cEstamos pagando muito mais caro por um produto que podemos produzir internamente, como era feito nos governos Lula e Dilma, e que agora tem car\u00e1ter privatista e com base somente no lucro e n\u00e3o nas necessidades da popula\u00e7\u00e3o. S\u00e3o mais de dois mil derivados do petr\u00f3leo, \u00e9 uma cadeia inteira de produ\u00e7\u00e3o afetada\u201d, diz.<\/p>\n<p>\u201cN\u00f3s queremos convocar a popula\u00e7\u00e3o a apoiar tamb\u00e9m a greve dos petroleiros, movimento que busca trazer benef\u00edcios para todo o conjunto da sociedade. N\u00f3s entendemos que as diversas concess\u00f5es feitas pelo governo Temer com a greve dos caminhoneiros n\u00e3o s\u00e3o suficientes, e \u00e9 at\u00e9 por esse motivo que muitos continuam parados, querendo a queda do presidente golpista, porque beneficia somente os empres\u00e1rios, com a desonera\u00e7\u00e3o da folha de pagamento, redu\u00e7\u00e3o do valor do diesel. Mas queremos tamb\u00e9m a redu\u00e7\u00e3o do pre\u00e7o da gasolina e do g\u00e1s\u201d, explica Junior Cesar Dias.<\/p>\n<p><strong>Negocia\u00e7\u00f5es e medidas provis\u00f3rias<\/strong><br \/> Apesar da greve dos caminhoneiros que ainda est\u00e1 em andamento ter poucas lideran\u00e7as identificadas e envolvidas nas negocia\u00e7\u00f5es com os ministros de Temer, o governo federal providenciou a publica\u00e7\u00e3o de tr\u00eas medidas provis\u00f3rias, que j\u00e1 est\u00e3o publicadas em Di\u00e1rio Oficial e em vigor, e um projeto de lei, que tramita na C\u00e2mara Federal.<\/p>\n<p>A <ins><strong><a href=\"http:\/\/www.imprensanacional.gov.br\/web\/guest\/materia\/-\/asset_publisher\/Kujrw0TZC2Mb\/content\/id\/15967019\/do1e-2018-05-27-medida-provisoria-n-833-de-27-de-maio-de-2018-15967015\" target=\"_blank\" rel=\"noopener noreferrer\">MP 833<\/a><\/strong><\/ins> isenta de cobran\u00e7a de ped\u00e1gio ve\u00edculos de transporte de cargas que circularem vazios e com eixos suspensos nas rodovias federais, estaduais, distritais e municipais.<\/p>\n<p>A <ins><strong><a href=\"http:\/\/www.imprensanacional.gov.br\/web\/guest\/materia\/-\/asset_publisher\/Kujrw0TZC2Mb\/content\/id\/15966993\/do1e-2018-05-27-medida-provisoria-n-831-de-27-de-maio-de-2018-15966989\" target=\"_blank\" rel=\"noopener noreferrer\">MP 831<\/a><\/strong><\/ins> determina que a Companhia Nacional de Abastecimento \u2013 Conab ir\u00e1 direcionar 30% de sua demanda de frete para transportadores aut\u00f4nomos organizados em cooperativas, entidades sindicais e associa\u00e7\u00f5es. Para isso, a MP dispensa licita\u00e7\u00e3o para esse procedimento.<\/p>\n<p>A <ins><strong><a href=\"http:\/\/www.imprensanacional.gov.br\/web\/guest\/materia\/-\/asset_publisher\/Kujrw0TZC2Mb\/content\/id\/15967006\/do1e-2018-05-27-medida-provisoria-n-832-de-27-de-maio-de-2018-15967002\" target=\"_blank\" rel=\"noopener noreferrer\">MP 832<\/a><\/strong><\/ins> institui uma Pol\u00edtica de Pre\u00e7os M\u00ednimos do Transporte Rodovi\u00e1rio de Cargas que condiciona o transporte de cargas aos pre\u00e7os fixados na medida provis\u00f3ria.<\/p>\n<p>J\u00e1 o <ins><strong><a href=\"http:\/\/www.camara.gov.br\/proposicoesWeb\/fichadetramitacao?idProposicao=2150170\" target=\"_blank\" rel=\"noopener noreferrer\">Projeto de Lei<\/a><\/strong><\/ins> diz respeito \u00e0 isen\u00e7\u00e3o de impostos referentes \u00e0 al\u00edquota PIS e Cofins sobre o pre\u00e7o do diesel at\u00e9 o fim de 2018. Essa isen\u00e7\u00e3o foi inclu\u00edda em um projeto de desonera\u00e7\u00e3o de folha de pagamento que j\u00e1 tramitava na c\u00e2mara federal sob n\u00ba 8456\/17, enviado pelo poder executivo.<\/p>\n<p>Em coletiva de imprensa ainda no dia 24 de maio, o ministro da Casa Civil Eliseu Padilha foi questionado sobre a quest\u00e3o da redu\u00e7\u00e3o do pre\u00e7o da gasolina e do g\u00e1s de cozinha, que j\u00e1 foram reajustados mais de 120 vezes no governo Temer. Ele se limitou a responder que o governo tratou de todas as reivindica\u00e7\u00f5es dos caminhoneiros e nenhuma delas diz respeito ao pre\u00e7o da gasolina.<\/p>\n<\/div>\n<p id=\"page-author\"><span style=\"text-decoration: underline;\"><em><strong>Fonte: Fetec-CUT\/PR<\/strong><\/em><\/span><\/p>\n","protected":false},"excerpt":{"rendered":"<p>Ap\u00f3s nove dias do in\u00edcio da greve, os caminhoneiros, que est\u00e3o parados nas marginais e acostamentos de rodovias por todo o pa\u00eds, tendo como consequ\u00eancia desabastecimento da popula\u00e7\u00e3o de itens como gasolina, g\u00e1s e at\u00e9 mesmo alimentos, contam com empatia dos brasileiros, que se engajam em campanhas nas redes sociais enquanto enfrentam filas quilom\u00e9tricas nos [&hellip;]<\/p>\n","protected":false},"author":2,"featured_media":4480,"comment_status":"","ping_status":"","sticky":false,"template":"","format":"standard","meta":{"footnotes":""},"categories":[3],"tags":[],"class_list":["post-4481","post","type-post","status-publish","format-standard","has-post-thumbnail","hentry","category-noticias"],"_links":{"self":[{"href":"https:\/\/hostnetart.com.br\/baixada\/wp-json\/wp\/v2\/posts\/4481","targetHints":{"allow":["GET"]}}],"collection":[{"href":"https:\/\/hostnetart.com.br\/baixada\/wp-json\/wp\/v2\/posts"}],"about":[{"href":"https:\/\/hostnetart.com.br\/baixada\/wp-json\/wp\/v2\/types\/post"}],"author":[{"embeddable":true,"href":"https:\/\/hostnetart.com.br\/baixada\/wp-json\/wp\/v2\/users\/2"}],"replies":[{"embeddable":true,"href":"https:\/\/hostnetart.com.br\/baixada\/wp-json\/wp\/v2\/comments?post=4481"}],"version-history":[{"count":0,"href":"https:\/\/hostnetart.com.br\/baixada\/wp-json\/wp\/v2\/posts\/4481\/revisions"}],"wp:featuredmedia":[{"embeddable":true,"href":"https:\/\/hostnetart.com.br\/baixada\/wp-json\/wp\/v2\/media\/4480"}],"wp:attachment":[{"href":"https:\/\/hostnetart.com.br\/baixada\/wp-json\/wp\/v2\/media?parent=4481"}],"wp:term":[{"taxonomy":"category","embeddable":true,"href":"https:\/\/hostnetart.com.br\/baixada\/wp-json\/wp\/v2\/categories?post=4481"},{"taxonomy":"post_tag","embeddable":true,"href":"https:\/\/hostnetart.com.br\/baixada\/wp-json\/wp\/v2\/tags?post=4481"}],"curies":[{"name":"wp","href":"https:\/\/api.w.org\/{rel}","templated":true}]}}