{"id":4479,"date":"2018-05-30T12:46:07","date_gmt":"2018-05-30T15:46:07","guid":{"rendered":"https:\/\/hostnetart.com.br\/baixada\/carmen-lucia-tenta-colocar-parlamentarismo-em-pauta-no-congresso\/"},"modified":"2018-05-30T12:46:07","modified_gmt":"2018-05-30T15:46:07","slug":"carmen-lucia-tenta-colocar-parlamentarismo-em-pauta-no-congresso","status":"publish","type":"post","link":"https:\/\/hostnetart.com.br\/baixada\/carmen-lucia-tenta-colocar-parlamentarismo-em-pauta-no-congresso\/","title":{"rendered":"C\u00e1rmen L\u00facia tenta colocar parlamentarismo em pauta no Congresso"},"content":{"rendered":"<div class=\"content\">\n<p>A presidenta do Supremo Tribunal Federal (STF), ministra\u00a0C\u00e1rmen L\u00facia,\u00a0agendou para o dia 20 de junho uma a\u00e7\u00e3o que questiona se \u00e9 poss\u00edvel migrar do sistema presidencialista para o\u00a0parlamentarismo\u00a0por meio de emenda \u00e0 Constitui\u00e7\u00e3o.<\/p>\n<p>A a\u00e7\u00e3o sobre o parlamentarismo chegou ao tribunal em 1997, proposta pelo ent\u00e3o deputado Jaques Wagner. Depois de 21 anos, o tema deve ser finalmente enfrentado pelo plen\u00e1rio da mais alta corte do pa\u00eds.<\/p>\n<p>Outro processo discute a legalidade do\u00a0voto impresso. No dia 6 de junho, a Corte tamb\u00e9m deve discutir a cria\u00e7\u00e3o de quatro novos Tribunais Regionais Federais e dois pontos pol\u00eamicos da\u00a0reforma trabalhista: a contribui\u00e7\u00e3o sindical e o contrato intermitente.<\/p>\n<p>Para uma PEC ser promulgada, \u00e9 necess\u00e1rio realizar uma vota\u00e7\u00e3o com deputados e senadores em dois turnos. Por\u00e9m, enquanto a interven\u00e7\u00e3o federal no Rio de Janeiro permanecer, o Congresso n\u00e3o pode alterar a Constitui\u00e7\u00e3o.<\/p>\n<p>\u00a0<\/p>\n<\/div>\n<p id=\"page-author\"><strong>Fonte: Contraf-CUT<\/strong><\/p>\n","protected":false},"excerpt":{"rendered":"<p>A presidenta do Supremo Tribunal Federal (STF), ministra\u00a0C\u00e1rmen L\u00facia,\u00a0agendou para o dia 20 de junho uma a\u00e7\u00e3o que questiona se \u00e9 poss\u00edvel migrar do sistema presidencialista para o\u00a0parlamentarismo\u00a0por meio de emenda \u00e0 Constitui\u00e7\u00e3o. A a\u00e7\u00e3o sobre o parlamentarismo chegou ao tribunal em 1997, proposta pelo ent\u00e3o deputado Jaques Wagner. Depois de 21 anos, o tema [&hellip;]<\/p>\n","protected":false},"author":2,"featured_media":4478,"comment_status":"","ping_status":"","sticky":false,"template":"","format":"standard","meta":{"footnotes":""},"categories":[3],"tags":[],"class_list":["post-4479","post","type-post","status-publish","format-standard","has-post-thumbnail","hentry","category-noticias"],"_links":{"self":[{"href":"https:\/\/hostnetart.com.br\/baixada\/wp-json\/wp\/v2\/posts\/4479","targetHints":{"allow":["GET"]}}],"collection":[{"href":"https:\/\/hostnetart.com.br\/baixada\/wp-json\/wp\/v2\/posts"}],"about":[{"href":"https:\/\/hostnetart.com.br\/baixada\/wp-json\/wp\/v2\/types\/post"}],"author":[{"embeddable":true,"href":"https:\/\/hostnetart.com.br\/baixada\/wp-json\/wp\/v2\/users\/2"}],"replies":[{"embeddable":true,"href":"https:\/\/hostnetart.com.br\/baixada\/wp-json\/wp\/v2\/comments?post=4479"}],"version-history":[{"count":0,"href":"https:\/\/hostnetart.com.br\/baixada\/wp-json\/wp\/v2\/posts\/4479\/revisions"}],"wp:featuredmedia":[{"embeddable":true,"href":"https:\/\/hostnetart.com.br\/baixada\/wp-json\/wp\/v2\/media\/4478"}],"wp:attachment":[{"href":"https:\/\/hostnetart.com.br\/baixada\/wp-json\/wp\/v2\/media?parent=4479"}],"wp:term":[{"taxonomy":"category","embeddable":true,"href":"https:\/\/hostnetart.com.br\/baixada\/wp-json\/wp\/v2\/categories?post=4479"},{"taxonomy":"post_tag","embeddable":true,"href":"https:\/\/hostnetart.com.br\/baixada\/wp-json\/wp\/v2\/tags?post=4479"}],"curies":[{"name":"wp","href":"https:\/\/api.w.org\/{rel}","templated":true}]}}