{"id":4477,"date":"2018-05-30T12:44:00","date_gmt":"2018-05-30T15:44:00","guid":{"rendered":"https:\/\/hostnetart.com.br\/baixada\/bancarios-reelegem-a-direcao-do-seeb-de-nova-friburgo-e-regiao\/"},"modified":"2018-05-30T12:44:00","modified_gmt":"2018-05-30T15:44:00","slug":"bancarios-reelegem-a-direcao-do-seeb-de-nova-friburgo-e-regiao","status":"publish","type":"post","link":"https:\/\/hostnetart.com.br\/baixada\/bancarios-reelegem-a-direcao-do-seeb-de-nova-friburgo-e-regiao\/","title":{"rendered":"Banc\u00e1rios reelegem a dire\u00e7\u00e3o do Seeb de Nova Friburgo e Regi\u00e3o"},"content":{"rendered":"<div class=\"content\">\n<p>Em vota\u00e7\u00e3o, realizada nesta ter\u00e7a-feira (29\/05), banc\u00e1rios e banc\u00e1rias da base de Nova Friburgo e Regi\u00e3o, reelegeram com 98,32% dos votos apurados, a chapa Resist\u00eancia, Luta e Unidade, para representar a categoria no quadri\u00eanio 2018\/2022.<\/p>\n<p>A frente da diretoria, o presidente reeleito Max Bezerra, enfatiza, \u201cque o momento pol\u00edtico e econ\u00f4mico do Brasil \u00e9 de incertezas para classe trabalhadora, principalmente a dos banc\u00e1rios, onde, os banqueiros que s\u00f3 visam o lucro, querem aumenta-lo, ainda mais\u201d.<\/p>\n<\/div>\n<p id=\"page-author\"><strong>Fonte: Seeb Nova Friburgo e regi\u00e3o<\/strong><\/p>\n","protected":false},"excerpt":{"rendered":"<p>Em vota\u00e7\u00e3o, realizada nesta ter\u00e7a-feira (29\/05), banc\u00e1rios e banc\u00e1rias da base de Nova Friburgo e Regi\u00e3o, reelegeram com 98,32% dos votos apurados, a chapa Resist\u00eancia, Luta e Unidade, para representar a categoria no quadri\u00eanio 2018\/2022. A frente da diretoria, o presidente reeleito Max Bezerra, enfatiza, \u201cque o momento pol\u00edtico e econ\u00f4mico do Brasil \u00e9 de [&hellip;]<\/p>\n","protected":false},"author":2,"featured_media":4476,"comment_status":"","ping_status":"","sticky":false,"template":"","format":"standard","meta":{"footnotes":""},"categories":[3],"tags":[],"class_list":["post-4477","post","type-post","status-publish","format-standard","has-post-thumbnail","hentry","category-noticias"],"_links":{"self":[{"href":"https:\/\/hostnetart.com.br\/baixada\/wp-json\/wp\/v2\/posts\/4477","targetHints":{"allow":["GET"]}}],"collection":[{"href":"https:\/\/hostnetart.com.br\/baixada\/wp-json\/wp\/v2\/posts"}],"about":[{"href":"https:\/\/hostnetart.com.br\/baixada\/wp-json\/wp\/v2\/types\/post"}],"author":[{"embeddable":true,"href":"https:\/\/hostnetart.com.br\/baixada\/wp-json\/wp\/v2\/users\/2"}],"replies":[{"embeddable":true,"href":"https:\/\/hostnetart.com.br\/baixada\/wp-json\/wp\/v2\/comments?post=4477"}],"version-history":[{"count":0,"href":"https:\/\/hostnetart.com.br\/baixada\/wp-json\/wp\/v2\/posts\/4477\/revisions"}],"wp:featuredmedia":[{"embeddable":true,"href":"https:\/\/hostnetart.com.br\/baixada\/wp-json\/wp\/v2\/media\/4476"}],"wp:attachment":[{"href":"https:\/\/hostnetart.com.br\/baixada\/wp-json\/wp\/v2\/media?parent=4477"}],"wp:term":[{"taxonomy":"category","embeddable":true,"href":"https:\/\/hostnetart.com.br\/baixada\/wp-json\/wp\/v2\/categories?post=4477"},{"taxonomy":"post_tag","embeddable":true,"href":"https:\/\/hostnetart.com.br\/baixada\/wp-json\/wp\/v2\/tags?post=4477"}],"curies":[{"name":"wp","href":"https:\/\/api.w.org\/{rel}","templated":true}]}}