{"id":4475,"date":"2018-05-29T16:20:22","date_gmt":"2018-05-29T19:20:22","guid":{"rendered":"https:\/\/hostnetart.com.br\/baixada\/desemprego-e-informalidade-sao-o-retrato-do-mercado-de-trabalho-na-era-temer\/"},"modified":"2018-05-29T16:20:22","modified_gmt":"2018-05-29T19:20:22","slug":"desemprego-e-informalidade-sao-o-retrato-do-mercado-de-trabalho-na-era-temer","status":"publish","type":"post","link":"https:\/\/hostnetart.com.br\/baixada\/desemprego-e-informalidade-sao-o-retrato-do-mercado-de-trabalho-na-era-temer\/","title":{"rendered":"Desemprego e informalidade s\u00e3o o retrato do mercado de trabalho na era Temer"},"content":{"rendered":"<div class=\"content\">\n<p>A reforma trabalhista do golpista e ileg\u00edtimo Michel Temer (MDB-SP) veio definitivamente para criar um mercado de trabalho informal, sem garantias, direitos ou carteira assinada. \u00c9 o que mostram todas as pesquisas divulgadas pelo Instituto Brasileiro de Geografia e Estat\u00edstica (IBGE) desde que a nova legisla\u00e7\u00e3o trabalhista entrou em vigor em novembro do ano passado.<\/p>\n<p>Os mais recentes dados divulgados nesta ter\u00e7a-feira (29), na Pesquisa Nacional por Amostra de Domic\u00edlios Cont\u00ednua (Pnad Cont\u00ednua), mostram que a taxa de desemprego no Brasil registrou 12,9% no trimestre encerrado em abril de 2018 e o n\u00famero de empregados sem carteira de trabalho assinada atingiu 10,9 milh\u00f5es de pessoas, o maior desde 2013.<\/p>\n<p>S\u00e3o 13,4 milh\u00f5es de desempregados no Pa\u00eds, um aumento de mais de 723 mil pessoas (5,7%) se comparado com o trimestre anterior &#8211; de novembro de 2017 a janeiro de 2018 -, quando a desocupa\u00e7\u00e3o foi estimada em 12,7 milh\u00f5es de pessoas.<\/p>\n<p>No total, o Brasil tem hoje 90,7 milh\u00f5es de ocupados, uma queda de 1 milh\u00e3o de trabalhadores e trabalhadoras nos \u00faltimos 3 meses \u2013 se comparado com o trimestre encerrado em janeiro de 2018.<\/p>\n<p><strong>Maior n\u00famero de desempregados desde 2014<\/strong><br \/>Na compara\u00e7\u00e3o com 2014, ano em que o pa\u00eds registrou a menor taxa de desemprego da hist\u00f3ria (m\u00e9dia de 4,8%), a popula\u00e7\u00e3o ocupada diminuiu em 3,9 milh\u00f5es de pessoas.<\/p>\n<p><strong>Adeus carteira assinada<\/strong><br \/>J\u00e1 o n\u00famero de empregos com registro em carteira chegou a 32,7 milh\u00f5es de pessoas, uma redu\u00e7\u00e3o de 557 mil ou de 1,7% na compara\u00e7\u00e3o com o mesmo per\u00edodo do ano passado. Trata-se do menor n\u00famero de carteira assinada para trimestres encerrados em abril de toda a s\u00e9rie da pesquisa, iniciada em 2012, segundo o IBGE.<\/p>\n<p><strong>Trabalho informal segue crescendo<\/strong><br \/>Enquanto isso, o n\u00famero de trabalhadores informais, sem carteira assinada ou que trabalha por conta pr\u00f3pria, cresce a cada pesquisa. S\u00e3o 10,9 milh\u00f5es de pessoas sem carteira, uma alta de 6,3% (mais 647 mil pessoas) se comparado ao mesmo trimestre de 2017, e 23 milh\u00f5es de trabalhadores por conta pr\u00f3pria, o maior n\u00famero para trimestres encerrados em abril. Na compara\u00e7\u00e3o com o mesmo per\u00edodo do ano anterior, houve alta de 3,4%, ou 747 mil pessoas a mais.<\/p>\n<p>Para o presidente da CUT, Vagner Freitas, os dados do IBGE mostram que as taxas recordes de desemprego e gera\u00e7\u00e3o de trabalho prec\u00e1rio e informal se tornaram o cen\u00e1rio do mercado de trabalho brasileiro desde o golpe de 2016, como a Central previa.<\/p>\n<p>Segundo ele, al\u00e9m do fim da CLT e da legaliza\u00e7\u00e3o de formas fraudulentas de contrato de trabalho, a condu\u00e7\u00e3o da pol\u00edtica econ\u00f4mica, ou a falta dela, \u00e9 um desastre e tem agravado o cen\u00e1rio de desemprego e falta de expectativa da popula\u00e7\u00e3o brasileira.<\/p>\n<p>\u201cO aumento dos pre\u00e7os dos combust\u00edveis e do g\u00e1s de cozinha acima da infla\u00e7\u00e3o, causando uma paralisa\u00e7\u00e3o no pa\u00eds, que o governo n\u00e3o consegue resolver porque n\u00e3o sabe nem com quem negociar, \u00e9 um reflexo dessa pol\u00edtica equivocada e da incompet\u00eancia de Temer\u201d, disse Vagner, se referindo \u00e0 pol\u00edtica de pre\u00e7os dos combust\u00edveis adotada pela Petrobras e, tamb\u00e9m, as confus\u00f5es aprontadas pelo governo que chegou a anunciar duas vezes o fim da paralisa\u00e7\u00e3o dos caminhoneiros depois de negociar com grupos que a categoria diz que n\u00e3o os representa.<\/p>\n<p>\u201cA recess\u00e3o est\u00e1 destruindo as contas p\u00fablicas e as fam\u00edlias brasileiras est\u00e3o sentindo isso no or\u00e7amento.\u201d<\/p>\n<p>A condu\u00e7\u00e3o da pol\u00edtica econ\u00f4mica de Temer, criticada pelo presidente da CUT, fez com que as proje\u00e7\u00f5es para o Produto Interno Bruto (PIB) fosse revisadas para baixo novamente. Al\u00e9m da queda de quase 7% do PIB entre 2015 e 2016 e do crescimento p\u00edfio de 1% em 2017, o pr\u00f3prio governo reduziu de 2,97% para 2,5% a previs\u00e3o de crescimento da economia brasileira em 2018.<\/p>\n<p><strong>Leia tamb\u00e9m:<\/strong><br \/>\u00a0\u00a0\u00a0\u00a0\u00a0<strong>&gt;<\/strong>\u00a0<ins><strong><a href=\"https:\/\/www.cut.org.br\/noticias\/28-milhoes-querem-trabalhar-mas-nao-conseguem-5-milhoes-desistiram-de-procurar-be5f\" target=\"_blank\" rel=\"noopener noreferrer\">28 milh\u00f5es querem trabalhar, mas n\u00e3o conseguem; 5 milh\u00f5es desistiram de procurar<\/a><\/strong><\/ins><\/p>\n<\/div>\n<p id=\"page-author\"><span style=\"text-decoration: underline;\"><em><strong>Fonte: CUT<\/strong><\/em><\/span><\/p>\n","protected":false},"excerpt":{"rendered":"<p>A reforma trabalhista do golpista e ileg\u00edtimo Michel Temer (MDB-SP) veio definitivamente para criar um mercado de trabalho informal, sem garantias, direitos ou carteira assinada. \u00c9 o que mostram todas as pesquisas divulgadas pelo Instituto Brasileiro de Geografia e Estat\u00edstica (IBGE) desde que a nova legisla\u00e7\u00e3o trabalhista entrou em vigor em novembro do ano passado. [&hellip;]<\/p>\n","protected":false},"author":2,"featured_media":4474,"comment_status":"","ping_status":"","sticky":false,"template":"","format":"standard","meta":{"footnotes":""},"categories":[3],"tags":[],"class_list":["post-4475","post","type-post","status-publish","format-standard","has-post-thumbnail","hentry","category-noticias"],"_links":{"self":[{"href":"https:\/\/hostnetart.com.br\/baixada\/wp-json\/wp\/v2\/posts\/4475","targetHints":{"allow":["GET"]}}],"collection":[{"href":"https:\/\/hostnetart.com.br\/baixada\/wp-json\/wp\/v2\/posts"}],"about":[{"href":"https:\/\/hostnetart.com.br\/baixada\/wp-json\/wp\/v2\/types\/post"}],"author":[{"embeddable":true,"href":"https:\/\/hostnetart.com.br\/baixada\/wp-json\/wp\/v2\/users\/2"}],"replies":[{"embeddable":true,"href":"https:\/\/hostnetart.com.br\/baixada\/wp-json\/wp\/v2\/comments?post=4475"}],"version-history":[{"count":0,"href":"https:\/\/hostnetart.com.br\/baixada\/wp-json\/wp\/v2\/posts\/4475\/revisions"}],"wp:featuredmedia":[{"embeddable":true,"href":"https:\/\/hostnetart.com.br\/baixada\/wp-json\/wp\/v2\/media\/4474"}],"wp:attachment":[{"href":"https:\/\/hostnetart.com.br\/baixada\/wp-json\/wp\/v2\/media?parent=4475"}],"wp:term":[{"taxonomy":"category","embeddable":true,"href":"https:\/\/hostnetart.com.br\/baixada\/wp-json\/wp\/v2\/categories?post=4475"},{"taxonomy":"post_tag","embeddable":true,"href":"https:\/\/hostnetart.com.br\/baixada\/wp-json\/wp\/v2\/tags?post=4475"}],"curies":[{"name":"wp","href":"https:\/\/api.w.org\/{rel}","templated":true}]}}