{"id":4471,"date":"2018-05-29T14:08:44","date_gmt":"2018-05-29T17:08:44","guid":{"rendered":"https:\/\/hostnetart.com.br\/baixada\/sindicato-dos-bancarios-da-baixada-fluminense-reintegra-bancaria-do-itau\/"},"modified":"2018-05-29T14:08:44","modified_gmt":"2018-05-29T17:08:44","slug":"sindicato-dos-bancarios-da-baixada-fluminense-reintegra-bancaria-do-itau","status":"publish","type":"post","link":"https:\/\/hostnetart.com.br\/baixada\/sindicato-dos-bancarios-da-baixada-fluminense-reintegra-bancaria-do-itau\/","title":{"rendered":"Sindicato dos Banc\u00e1rios da Baixada Fluminense reintegra banc\u00e1ria do Ita\u00fa"},"content":{"rendered":"<p><span style=\"text-decoration: underline;\"><em>SindBaixada consolida seu papel: lutar pelo interesse dos Banc\u00e1rios.<\/em><\/span><\/p>\n<p><em><\/em>Mais uma reintegra\u00e7\u00e3o no Ita\u00fa.<\/p>\n<p>Hoje, dia 29 de maio, o Sindicato dos Banc\u00e1rios da Baixada Fluminense realizou mais uma reintegra\u00e7\u00e3o. Desta vez, uma banc\u00e1ria da Ag\u00eancia 201 do Banco Ita\u00fa, Nova Igua\u00e7u.<\/p>\n<p>Viviane dos Santos foi demitida em 06 de dezembro de 2017 e procurou o Sindicato de imediato e foi devidamente orientada para buscar seus direitos. A banc\u00e1ria foi encaminhada para o m\u00e9dico do trabalho, realizou exames m\u00e9dicos e ficou comprovado ser portadora de doen\u00e7a de natureza ocupacional, que a equipara como v\u00edtima de acidente de trabalho.\u00a0O INSS concedeu benef\u00edcio acident\u00e1rio e dessa forma o SindBaixada ajuizou a\u00e7\u00e3o para anula\u00e7\u00e3o da demiss\u00e3o.<\/p>\n<p>O advogado do sindicato, Dr. Dilson Lyra, conseguiu tutela antecipada e a partir de hoje a banc\u00e1ria volta a ser funcion\u00e1ria do Banco Ita\u00fa.<\/p>\n<p>Foi corrigida mais uma injusti\u00e7a. &#8220;O jur\u00eddico do Sindicato dos Banc\u00e1rios \u00e9 uma importante ferramenta para corrigir as injusti\u00e7as cometidas pelos banqueiros. O nosso Sindicato consolida o seu objetivo maior: que \u00e9 lutar pelos direitos dos Banc\u00e1rios&#8221;, declarou Adjalmo Klein, diretor jur\u00eddico do SindBaixada.<\/p>\n<p>&#8220;Os atendimentos na \u00e1rea de Sa\u00fade e seguran\u00e7a do trabalho est\u00e3o migrando das doen\u00e7as de natureza osteomusculares para as de origem emocional. O Departamento de Sa\u00fade e Seguran\u00e7a do Trabalho est\u00e1 atendendo hoje mais banc\u00e1rios oriundos da psiquiatra. Agradecemos a confian\u00e7a que os banc\u00e1rias e banc\u00e1rios depositam em nosso Sindicato e afirmo que cada vit\u00f3ria nossa \u00e9 como se fosse a primeira&#8221;, afirmou Silvio Brand\u00e3o, Diretor respons\u00e1vel pelo atendimento de sa\u00fade e seguran\u00e7a do trabalho.<\/p>\n<p>\u00a0<\/p>\n","protected":false},"excerpt":{"rendered":"<p>SindBaixada consolida seu papel: lutar pelo interesse dos Banc\u00e1rios. Mais uma reintegra\u00e7\u00e3o no Ita\u00fa. Hoje, dia 29 de maio, o Sindicato dos Banc\u00e1rios da Baixada Fluminense realizou mais uma reintegra\u00e7\u00e3o. Desta vez, uma banc\u00e1ria da Ag\u00eancia 201 do Banco Ita\u00fa, Nova Igua\u00e7u. Viviane dos Santos foi demitida em 06 de dezembro de 2017 e procurou [&hellip;]<\/p>\n","protected":false},"author":2,"featured_media":4470,"comment_status":"","ping_status":"","sticky":false,"template":"","format":"standard","meta":{"footnotes":""},"categories":[8],"tags":[],"class_list":["post-4471","post","type-post","status-publish","format-standard","has-post-thumbnail","hentry","category-bancarios"],"_links":{"self":[{"href":"https:\/\/hostnetart.com.br\/baixada\/wp-json\/wp\/v2\/posts\/4471","targetHints":{"allow":["GET"]}}],"collection":[{"href":"https:\/\/hostnetart.com.br\/baixada\/wp-json\/wp\/v2\/posts"}],"about":[{"href":"https:\/\/hostnetart.com.br\/baixada\/wp-json\/wp\/v2\/types\/post"}],"author":[{"embeddable":true,"href":"https:\/\/hostnetart.com.br\/baixada\/wp-json\/wp\/v2\/users\/2"}],"replies":[{"embeddable":true,"href":"https:\/\/hostnetart.com.br\/baixada\/wp-json\/wp\/v2\/comments?post=4471"}],"version-history":[{"count":0,"href":"https:\/\/hostnetart.com.br\/baixada\/wp-json\/wp\/v2\/posts\/4471\/revisions"}],"wp:featuredmedia":[{"embeddable":true,"href":"https:\/\/hostnetart.com.br\/baixada\/wp-json\/wp\/v2\/media\/4470"}],"wp:attachment":[{"href":"https:\/\/hostnetart.com.br\/baixada\/wp-json\/wp\/v2\/media?parent=4471"}],"wp:term":[{"taxonomy":"category","embeddable":true,"href":"https:\/\/hostnetart.com.br\/baixada\/wp-json\/wp\/v2\/categories?post=4471"},{"taxonomy":"post_tag","embeddable":true,"href":"https:\/\/hostnetart.com.br\/baixada\/wp-json\/wp\/v2\/tags?post=4471"}],"curies":[{"name":"wp","href":"https:\/\/api.w.org\/{rel}","templated":true}]}}